{"id":6561,"date":"2021-10-31T02:03:00","date_gmt":"2021-10-31T07:03:00","guid":{"rendered":"https:\/\/www.icesi.edu.co\/editorial\/?p=6561"},"modified":"2022-10-20T08:27:20","modified_gmt":"2022-10-20T13:27:20","slug":"estallido","status":"publish","type":"post","link":"https:\/\/www.icesi.edu.co\/editorial\/estallido\/","title":{"rendered":"Estallido"},"content":{"rendered":"<p><strong>T\u00edtulo completo:<\/strong> Estallido.<br \/>\n<strong>Prologuista:<\/strong> Agueda Pizarro Rayo.<br \/>\n<strong>Autora:<\/strong> Mar\u00eda del Pilar Paramero Silva.<br \/>\n<strong>Editoriales:<\/strong> GEUP Colombia.<br \/>\n<strong>A\u00f1o de edici\u00f3n<\/strong>: 2021 | <strong>ISBN:<\/strong> 978-628-7501-24-9.<br \/>\n<span id=\"post-ratings-6561\" class=\"post-ratings\" data-nonce=\"74bc249b7f\"><img decoding=\"async\" id=\"rating_6561_1\" src=\"https:\/\/www.icesi.edu.co\/editorial\/wp-content\/plugins\/wp-postratings\/images\/stars_crystal\/rating_on.gif\" alt=\"1 estrella\" title=\"1 estrella\" onmouseover=\"current_rating(6561, 1, '1 estrella');\" onmouseout=\"ratings_off(3, 0, 0);\" onclick=\"rate_post();\" onkeypress=\"rate_post();\" style=\"cursor: pointer; border: 0px;\" \/><img decoding=\"async\" id=\"rating_6561_2\" src=\"https:\/\/www.icesi.edu.co\/editorial\/wp-content\/plugins\/wp-postratings\/images\/stars_crystal\/rating_on.gif\" alt=\"2 estrellas\" title=\"2 estrellas\" onmouseover=\"current_rating(6561, 2, '2 estrellas');\" onmouseout=\"ratings_off(3, 0, 0);\" onclick=\"rate_post();\" onkeypress=\"rate_post();\" style=\"cursor: pointer; border: 0px;\" \/><img decoding=\"async\" id=\"rating_6561_3\" src=\"https:\/\/www.icesi.edu.co\/editorial\/wp-content\/plugins\/wp-postratings\/images\/stars_crystal\/rating_on.gif\" alt=\"3 estrellas\" title=\"3 estrellas\" onmouseover=\"current_rating(6561, 3, '3 estrellas');\" onmouseout=\"ratings_off(3, 0, 0);\" onclick=\"rate_post();\" onkeypress=\"rate_post();\" style=\"cursor: pointer; border: 0px;\" \/><img decoding=\"async\" id=\"rating_6561_4\" src=\"https:\/\/www.icesi.edu.co\/editorial\/wp-content\/plugins\/wp-postratings\/images\/stars_crystal\/rating_off.gif\" alt=\"4 estrellas\" title=\"4 estrellas\" onmouseover=\"current_rating(6561, 4, '4 estrellas');\" onmouseout=\"ratings_off(3, 0, 0);\" onclick=\"rate_post();\" onkeypress=\"rate_post();\" style=\"cursor: pointer; border: 0px;\" \/><img decoding=\"async\" id=\"rating_6561_5\" src=\"https:\/\/www.icesi.edu.co\/editorial\/wp-content\/plugins\/wp-postratings\/images\/stars_crystal\/rating_off.gif\" alt=\"5 estrellas\" title=\"5 estrellas\" onmouseover=\"current_rating(6561, 5, '5 estrellas');\" onmouseout=\"ratings_off(3, 0, 0);\" onclick=\"rate_post();\" onkeypress=\"rate_post();\" style=\"cursor: pointer; border: 0px;\" \/> (<strong>2<\/strong> votos, promedio: <strong>3,00<\/strong> sobre 5)<br \/><span class=\"post-ratings-text\" id=\"ratings_6561_text\"><\/span><\/span><span id=\"post-ratings-6561-loading\" class=\"post-ratings-loading\"><img loading=\"lazy\" decoding=\"async\" src=\"https:\/\/www.icesi.edu.co\/editorial\/wp-content\/plugins\/wp-postratings\/images\/loading.gif\" width=\"16\" height=\"16\" class=\"post-ratings-image\" \/>Loading...<\/span>\n&nbsp;<br \/>\n<div class=\"osc-res-tab tabbable   osc-tabs-left\"><div style=\"clear:both;width: 100%;\"><ul class=\"nav osc-res-nav nav-pills osc-tabs-left-ul\" id=\"oscitas-restabs-1-estallido-69491\"><li class=\"active\"><a href=\"#ert_pane1-0\" data-toggle=\"tab\">Descripci\u00f3n<\/a><\/li><li class=\"\"><a href=\"#ert_pane1-1\" data-toggle=\"tab\">Contenido<\/a><\/li><li class=\"\"><a href=\"#ert_pane1-2\" data-toggle=\"tab\">Autora<\/a><\/li><li class=\"\"><a href=\"#ert_pane1-3\" data-toggle=\"tab\">Catalogaci\u00f3n<\/a><\/li><\/ul><\/div><div style=\"clear:both;width: 100%;\"><ul class=\"tab-content\" id=\"oscitas-restabcontent-1-estallido-69491\"><li class=\"tab-pane active\" id=\"ert_pane1-0\"><p style=\"text-align: justify;\">Leer este libro de Mar\u00eda del Pilar Paramero Silva, ganador del V Concurso de las Ediciones Embalaje del Museo Rayo, es como sentarse a la orilla de un arroyo en la monta\u00f1a y escuchar el agua que pasa. Todo poema aqu\u00ed nos ense\u00f1a a o\u00edr. El t\u00edtulo \u201cEstallido\u201d no se refiere a un estruendo. Originalmente llamado \u201cDestellos\u201d, el nuevo t\u00edtulo hace lo que hacen todos los poemas: traducir lo visual a lo auditivo; sinestesia en un mundo de aluna donde vive esta poeta boyacense que no olvida sus ra\u00edces ind\u00edgenas. La palabra \u201cEstallido\u201d, como \u201cDestellos\u201d, se refiere a una revelaci\u00f3n s\u00fabita y brillante como el \u201cKoan\u201d del zen budismo, como la epifan\u00eda de los Reyes Magos cuando miraron por primera vez al ni\u00f1o que gorjeaba desnudo a la luz de una estrella en estallido [Agueda Pizarro Rayo].<\/p><\/li><li class=\"tab-pane \" id=\"ert_pane1-1\"><strong>Tabla de contenido:<\/strong><\/p>\n<p>Pr\u00f3logo<br \/>\n<i>Agueda Pizarro Rayo<\/i><\/p>\n<p><strong>Parte 1. Lenguaje de natura<\/strong><\/p>\n<p><strong>Parte 2. Ancestro<\/strong><\/p>\n<p><strong>Parte 3. Habitantes del aire<\/strong><br \/><\/li><li class=\"tab-pane \" id=\"ert_pane1-2\"><ul>\n<li style=\"text-align: justify;\">Mar\u00eda del Pilar Paramero Silva<\/li>\n<\/ul><\/li><li class=\"tab-pane \" id=\"ert_pane1-3\"><table>\n<tbody>\n<tr class=\"first odd\">\n<th width=\"150\">\n<p style=\"text-align: left;\">T\u00edtulo (ingl\u00e9s):<\/p>\n<\/th>\n<td class=\"data last\">Outbreak.<\/td>\n<\/tr>\n<tr class=\"even\">\n<th>\n<p style=\"text-align: left;\">DOI\/URL:<\/p>\n<\/th>\n<td class=\"data last\">&#8212;.<\/td>\n<\/tr>\n<tr class=\"odd\">\n<th>\n<p style=\"text-align: left;\">Editorial(es):<\/p>\n<\/th>\n<td class=\"data last\">GEUP Colombia.<\/td>\n<\/tr>\n<tr class=\"even\">\n<th>\n<p style=\"text-align: left;\">Autor:<\/p>\n<\/th>\n<td class=\"data last\">Mar\u00eda del Pilar Paramero Silva.<\/td>\n<\/tr>\n<tr class=\"odd\">\n<th>\n<p style=\"text-align: left;\">Palabras clave:<\/p>\n<\/th>\n<td class=\"data last\">Literatura, Poes\u00eda, Concurso literario, Museo Rayo.<\/td>\n<\/tr>\n<tr class=\"even\">\n<th>\n<p style=\"text-align: left;\">ISBN:<\/p>\n<\/th>\n<td class=\"data last\">978-628-7501-24-9.<\/td>\n<\/tr>\n<tr class=\"odd\">\n<th>\n<p style=\"text-align: left;\">Fecha de edici\u00f3n:<\/p>\n<\/th>\n<td class=\"data last\">Octubre de 2021.<\/td>\n<\/tr>\n<tr class=\"even\">\n<th>\n<p style=\"text-align: left;\">No. de p\u00e1ginas:<\/p>\n<\/th>\n<td class=\"data last\">78<\/td>\n<\/tr>\n<tr class=\"odd\">\n<th>\n<p style=\"text-align: left;\">Idioma(s):<\/p>\n<\/th>\n<td class=\"data last\">Espa\u00f1ol.<\/td>\n<\/tr>\n<tr class=\"even\">\n<th>\n<p style=\"text-align: left;\">Formato(s):<\/p>\n<\/th>\n<td class=\"data last\">Libro digital (PDF).<\/td>\n<\/tr>\n<tr class=\"odd\">\n<th>\n<p style=\"text-align: left;\">Alto x ancho:<\/p>\n<\/th>\n<td class=\"data last\">21 x 14 cm.<\/td>\n<\/tr>\n<tr class=\"even\">\n<th>\n<p style=\"text-align: left;\">Colecci\u00f3n:<\/p>\n<\/th>\n<td class=\"data last\">Feria Internacional del Libro de Cali.<\/td>\n<\/tr>\n<tr class=\"odd\">\n<th>\n<p style=\"text-align: left;\">Producto:<\/p>\n<\/th>\n<td class=\"data last\">Libro de inter\u00e9s general.<\/td>\n<\/tr>\n<tr class=\"last even\">\n<th>\n<p style=\"text-align: left;\">Observaciones:<\/p>\n<\/th>\n<td class=\"data last\">Edici\u00f3n especial para la Feria Internacional del Libro de Cali de 2021. Gran Premio Ediciones Embalaje Museo Rayo 1995<\/td>\n<\/tr>\n<\/tbody>\n<\/table><\/li><\/ul><\/div><\/div>\n","protected":false},"excerpt":{"rendered":"<p>T\u00edtulo completo: Estallido. Prologuista: Agueda Pizarro Rayo. Autora: Mar\u00eda del Pilar Paramero Silva. Editoriales: GEUP Colombia. A\u00f1o de edici\u00f3n: 2021 | ISBN: 978-628-7501-24-9. &nbsp;<\/p>\n","protected":false},"author":3,"featured_media":6562,"comment_status":"closed","ping_status":"closed","sticky":false,"template":"","format":"standard","meta":{"footnotes":""},"categories":[760],"tags":[221,385,514,682,774,796],"class_list":["post-6561","post","type-post","status-publish","format-standard","has-post-thumbnail","hentry","category-geup","tag-literatura","tag-feria-internacional-del-libro-de-cali","tag-geup-colombia","tag-682","tag-filcali-2021","tag-ediciones-embalaje-museo-rayo"],"_links":{"self":[{"href":"https:\/\/www.icesi.edu.co\/editorial\/wp-json\/wp\/v2\/posts\/6561","targetHints":{"allow":["GET"]}}],"collection":[{"href":"https:\/\/www.icesi.edu.co\/editorial\/wp-json\/wp\/v2\/posts"}],"about":[{"href":"https:\/\/www.icesi.edu.co\/editorial\/wp-json\/wp\/v2\/types\/post"}],"author":[{"embeddable":true,"href":"https:\/\/www.icesi.edu.co\/editorial\/wp-json\/wp\/v2\/users\/3"}],"replies":[{"embeddable":true,"href":"https:\/\/www.icesi.edu.co\/editorial\/wp-json\/wp\/v2\/comments?post=6561"}],"version-history":[{"count":4,"href":"https:\/\/www.icesi.edu.co\/editorial\/wp-json\/wp\/v2\/posts\/6561\/revisions"}],"predecessor-version":[{"id":6590,"href":"https:\/\/www.icesi.edu.co\/editorial\/wp-json\/wp\/v2\/posts\/6561\/revisions\/6590"}],"wp:featuredmedia":[{"embeddable":true,"href":"https:\/\/www.icesi.edu.co\/editorial\/wp-json\/wp\/v2\/media\/6562"}],"wp:attachment":[{"href":"https:\/\/www.icesi.edu.co\/editorial\/wp-json\/wp\/v2\/media?parent=6561"}],"wp:term":[{"taxonomy":"category","embeddable":true,"href":"https:\/\/www.icesi.edu.co\/editorial\/wp-json\/wp\/v2\/categories?post=6561"},{"taxonomy":"post_tag","embeddable":true,"href":"https:\/\/www.icesi.edu.co\/editorial\/wp-json\/wp\/v2\/tags?post=6561"}],"curies":[{"name":"wp","href":"https:\/\/api.w.org\/{rel}","templated":true}]}}