{"id":6644,"date":"2022-04-05T18:04:00","date_gmt":"2022-04-05T23:04:00","guid":{"rendered":"https:\/\/www.icesi.edu.co\/editorial\/?p=6644"},"modified":"2025-12-19T09:29:44","modified_gmt":"2025-12-19T14:29:44","slug":"cuento-latinoamericano","status":"publish","type":"post","link":"https:\/\/www.icesi.edu.co\/editorial\/cuento-latinoamericano\/","title":{"rendered":"Instant\u00e1neas del cuento latinoamericano"},"content":{"rendered":"<div class=\"ead-preview\"><div class=\"ead-document\" style=\"position: relative;\"><div class=\"ead-iframe-wrapper\"><iframe src=\"\/\/docs.google.com\/viewer?url=https%3A%2F%2Frepository.icesi.edu.co%2Fbitstreams%2F54286471-de29-4c74-b7ea-c523c56c730b%2Fdownload&amp;embedded=true&amp;hl=en\" title=\"Embedded Document\" class=\"ead-iframe\" style=\"width: 0px;height: 0px;border: none;visibility: hidden;\"><\/iframe><\/div>\t\t\t<div class=\"ead-document-loading\" style=\"width:100%;height:100%;position:absolute;left:0;top:0;z-index:10;\">\n\t\t\t\t<div class=\"ead-loading-wrap\">\n\t\t\t\t\t<div class=\"ead-loading-main\">\n\t\t\t\t\t\t<div class=\"ead-loading\">\n\t\t\t\t\t\t\t<img loading=\"lazy\" decoding=\"async\" src=\"https:\/\/www.icesi.edu.co\/editorial\/wp-content\/plugins\/embed-any-document\/images\/loading.svg\" width=\"55\" height=\"55\" alt=\"Loader\">\n\t\t\t\t\t\t\t<span>Loading...<\/span>\n\t\t\t\t\t\t<\/div>\n\t\t\t\t\t<\/div>\n\t\t\t\t\t<div class=\"ead-loading-foot\">\n\t\t\t\t\t\t<div class=\"ead-loading-foot-title\">\n\t\t\t\t\t\t\t<img loading=\"lazy\" decoding=\"async\" src=\"https:\/\/www.icesi.edu.co\/editorial\/wp-content\/plugins\/embed-any-document\/images\/EAD-logo.svg\" alt=\"EAD Logo\" width=\"36\" height=\"23\"\/>\n\t\t\t\t\t\t\t<span>Taking too long?<\/span>\n\t\t\t\t\t\t<\/div>\n\t\t\t\t\t\t<p>\n\t\t\t\t\t\t\t<div class=\"ead-document-btn ead-reload-btn\" role=\"button\">\n\t\t\t\t\t\t\t\t<img loading=\"lazy\" decoding=\"async\" src=\"https:\/\/www.icesi.edu.co\/editorial\/wp-content\/plugins\/embed-any-document\/images\/reload.svg\" alt=\"Reload\" width=\"12\" height=\"12\"\/> Reload document\t\t\t\t\t\t\t<\/div>\n\t\t\t\t\t\t\t<span>|<\/span>\n\t\t\t\t\t\t\t<a href=\"https:\/\/docs.google.com\/viewer?url=https%3A%2F%2Frepository.icesi.edu.co%2Fbitstreams%2F54286471-de29-4c74-b7ea-c523c56c730b%2Fdownload&#038;hl=en\" class=\"ead-document-btn\" target=\"_blank\" rel=\"noopener\">\n\t\t\t\t\t\t\t\t<img loading=\"lazy\" decoding=\"async\" src=\"https:\/\/www.icesi.edu.co\/editorial\/wp-content\/plugins\/embed-any-document\/images\/open.svg\" alt=\"Open\" width=\"12\" height=\"12\"\/> Open in new tab\t\t\t\t\t\t\t<\/a>\n\t\t\t\t\t<\/div>\n\t\t\t\t<\/div>\n\t\t\t<\/div>\n\t\t<\/div><p class=\"embed_download\"><a href=\"https:\/\/repository.icesi.edu.co\/bitstreams\/54286471-de29-4c74-b7ea-c523c56c730b\/download\" download target=\"_blank\" rel=\"noopener\">Download\/Descargar <\/a><\/p><\/div>\n<strong>T\u00edtulo completo:<\/strong> Instant\u00e1neas del cuento latinoamericano.<br \/>\n<strong>Compiladores:<\/strong> Humberto Jarr\u00edn Ballesteros, \u00c1lvaro Bautista-Cabrera, Hoover Delgado.<br \/>\n<strong>Presentaci\u00f3n:<\/strong> Gabriel J. Alzate.<br \/>\n<strong>Autores:<\/strong> Ana Mar\u00eda Shua, Jos\u00e9 S\u00e1nchez Carb\u00f3, Wilson Alves-Bezerra, Javier Tafur Gonz\u00e1lez, Alberto Bejarano, Diana Fernanda Z\u00fa\u00f1iga Labio, Jacobo Arango Llanos, Hern\u00e1n Toro, Miguel \u00c1ngel Garc\u00eda Carre\u00f1o, Ja\u00edr Villano, Yessica Andrea Chiquillo Vilardi, Carmi\u00f1a Navia, Jennifer Rodr\u00edguez Henao, Montserrat S\u00e1nchez Romero, M\u00f3nica Lorena Carrillo Salazar, Humberto Jarr\u00edn, Mar\u00eda Antonieta G\u00f3mez Goyeneche, Carlos Pati\u00f1o Mill\u00e1n, Jorge Mario S\u00e1nchez Noguera, Luz Mar\u00eda Ch\u00e1varro Orozco, \u00c1lvaro Bautista-Cabrera, Fabio G\u00f3mez Cardona, Daniela P\u00e1ez Avil\u00e9s, Nicol\u00e1s G\u00f3mez Rey, Tania Camila Triana, Sergio Antonio Mora Moreno, Ya\u00edr Andr\u00e9 Cuen\u00fa Mosquera, Juan Moreno Blanco, John Narv\u00e1ez Espinosa, Diana Carolina Morales Becerra, Robert Antonio Velasco y Eugenio G\u00f3mez Borrero.<br \/>\n<strong>Editoriales:<\/strong> Universidad Icesi, Universidad Aut\u00f3noma de Occidente y Universidad del Valle.<br \/>\n<strong>ISBN:<\/strong> 978-958-619-107-4 \/ 978-958-619-105-0 (PDF) \/ 978-958-619-106-7 (ePub).<br \/>\n<strong>A\u00f1o de edici\u00f3n:<\/strong> 2022.<br \/>\n<span id=\"post-ratings-6644\" class=\"post-ratings\" data-nonce=\"163d306ea7\"><img decoding=\"async\" id=\"rating_6644_1\" src=\"https:\/\/www.icesi.edu.co\/editorial\/wp-content\/plugins\/wp-postratings\/images\/stars_crystal\/rating_on.gif\" alt=\"1 estrella\" title=\"1 estrella\" onmouseover=\"current_rating(6644, 1, '1 estrella');\" onmouseout=\"ratings_off(5, 0, 0);\" onclick=\"rate_post();\" onkeypress=\"rate_post();\" style=\"cursor: pointer; border: 0px;\" \/><img decoding=\"async\" id=\"rating_6644_2\" src=\"https:\/\/www.icesi.edu.co\/editorial\/wp-content\/plugins\/wp-postratings\/images\/stars_crystal\/rating_on.gif\" alt=\"2 estrellas\" title=\"2 estrellas\" onmouseover=\"current_rating(6644, 2, '2 estrellas');\" onmouseout=\"ratings_off(5, 0, 0);\" onclick=\"rate_post();\" onkeypress=\"rate_post();\" style=\"cursor: pointer; border: 0px;\" \/><img decoding=\"async\" id=\"rating_6644_3\" src=\"https:\/\/www.icesi.edu.co\/editorial\/wp-content\/plugins\/wp-postratings\/images\/stars_crystal\/rating_on.gif\" alt=\"3 estrellas\" title=\"3 estrellas\" onmouseover=\"current_rating(6644, 3, '3 estrellas');\" onmouseout=\"ratings_off(5, 0, 0);\" onclick=\"rate_post();\" onkeypress=\"rate_post();\" style=\"cursor: pointer; border: 0px;\" \/><img decoding=\"async\" id=\"rating_6644_4\" src=\"https:\/\/www.icesi.edu.co\/editorial\/wp-content\/plugins\/wp-postratings\/images\/stars_crystal\/rating_on.gif\" alt=\"4 estrellas\" title=\"4 estrellas\" onmouseover=\"current_rating(6644, 4, '4 estrellas');\" onmouseout=\"ratings_off(5, 0, 0);\" onclick=\"rate_post();\" onkeypress=\"rate_post();\" style=\"cursor: pointer; border: 0px;\" \/><img decoding=\"async\" id=\"rating_6644_5\" src=\"https:\/\/www.icesi.edu.co\/editorial\/wp-content\/plugins\/wp-postratings\/images\/stars_crystal\/rating_on.gif\" alt=\"5 estrellas\" title=\"5 estrellas\" onmouseover=\"current_rating(6644, 5, '5 estrellas');\" onmouseout=\"ratings_off(5, 0, 0);\" onclick=\"rate_post();\" onkeypress=\"rate_post();\" style=\"cursor: pointer; border: 0px;\" \/> (<strong>4<\/strong> votos, promedio: <strong>5,00<\/strong> sobre 5)<br \/><span class=\"post-ratings-text\" id=\"ratings_6644_text\"><\/span><\/span><span id=\"post-ratings-6644-loading\" class=\"post-ratings-loading\"><img loading=\"lazy\" decoding=\"async\" src=\"https:\/\/www.icesi.edu.co\/editorial\/wp-content\/plugins\/wp-postratings\/images\/loading.gif\" width=\"16\" height=\"16\" class=\"post-ratings-image\" \/>Loading...<\/span>\n<script type=\"text\/javascript\" src=\"\/\/cdn.plu.mx\/widget-popup.js\"><\/script><a href=\"https:\/\/plu.mx\/plum\/a\/?doi=10.18046\/EUI\/ee.2.2022\" data-popup=\"right\" data-size=\"large\" class=\"plumx-plum-print-popup\" data-site=\"plum\" data-hide-when-empty=\"true\" data-lang=\"es\" target=\"_blank\" rel=\"noopener\">Instant\u00e1neas del cuento latinoamericano<\/a><br \/>\n<div class=\"osc-res-tab tabbable   osc-tabs-left\"><div style=\"clear:both;width: 100%;\"><ul class=\"nav osc-res-nav nav-pills osc-tabs-left-ul\" id=\"oscitas-restabs-1-cuento-latinoamericano-11475\"><li class=\"active\"><a href=\"#ert_pane1-0\" data-toggle=\"tab\">Descripci\u00f3n<\/a><\/li><li class=\"\"><a href=\"#ert_pane1-1\" data-toggle=\"tab\">Contenido<\/a><\/li><li class=\"\"><a href=\"#ert_pane1-2\" data-toggle=\"tab\">Autor(es)<\/a><\/li><li class=\"\"><a href=\"#ert_pane1-3\" data-toggle=\"tab\">Catalogaci\u00f3n<\/a><\/li><\/ul><\/div><div style=\"clear:both;width: 100%;\"><ul class=\"tab-content\" id=\"oscitas-restabcontent-1-cuento-latinoamericano-11475\"><li class=\"tab-pane active\" id=\"ert_pane1-0\"><p style=\"text-align: justify;\">Un cuento es el ejercicio de captar la emoci\u00f3n en el momento preciso, lo que permite que lector, narrador y protagonista respiren al un\u00edsono. La insistencia en un tema avanza paso a paso, escena tras escena, para adentrarse en un espacio cuya luz cesa de repente cuando nos encontramos a punto de abrir la puerta a una revelaci\u00f3n. \u00bfC\u00f3mo, desde d\u00f3nde se narra, qui\u00e9n lo hace, como se elige el narrador? Algunas ponencias nos invitan a pensar desde d\u00f3nde se cuenta la historia. \u00bfA qui\u00e9n pertenece la voz y en qu\u00e9 fundamenta el poder o la autoridad que tiene para contarnos la historia que elige narrar? No deja de haber una muy cierta referencia a su propia experiencia. Vivificar o recrear el relato y luego el reencuentro con la historia como un ejercicio de memoria que se recupera, un pasado que no se pierde, la historia que regresa convertida en literatura.<\/p>\n<p style=\"text-align: justify;\">Hablamos de narrar un instante. Vale decir que un escritor de cuentos debe tener el o\u00eddo tan afinado como para sentarse a escuchar lo que sucede a su alrededor tanto como aquello que guarda en su mundo interior. Es por ello que el trabajo del narrador en la construcci\u00f3n del relato, se presenta como una visi\u00f3n particular dirigida a la manera como se presentan los cambios en la voz de un mismo escritor, en los mundos de sus relatos. Hay cap\u00edtulos en este libro que apuntan en ese sentido: c\u00f3mo en el escritor, dentro de \u00e9l, en su estilo y de acuerdo al cambio de perspectiva narrativa, puede observarse una evoluci\u00f3n estil\u00edstica que bien puede obedecer a la reescritura de algunos de sus textos o a la manera diferente de considerar el mundo que tiene ante s\u00ed para contar [Gabriel Jaime Alzate].<\/p>\n<p style=\"text-align: justify;\"><strong>C\u00f3mo citar (APA):<\/strong> Jarr\u00edn Ballesteros, H., Bautista-Cabrera, A. y Delgado, H. (comps.) (2022). <i>Instant\u00e1neas del cuento latinoamericano<\/i>. Cali: Universidad Icesi, Universidad Aut\u00f3noma de Occidente y Universidad del Valle. DOI: <a href=\"https:\/\/doi.org\/10.18046\/EUI\/ee.2.2022\" target=\"_blank\" rel=\"noopener noreferrer\">https:\/\/doi.org\/10.18046\/EUI\/ee.2.2022<\/a><\/p><\/li><li class=\"tab-pane \" id=\"ert_pane1-1\"><strong>Tabla de contenido:<\/strong><\/p>\n<p>Presentaci\u00f3n<br \/>\n<i>Gabriel J. Alzate<\/i><\/p>\n<p>Del cuento y otros cuentos: I Coloquio internacional sobre el Cuento latinoamericano<br \/>\n<i>\u00c1lvaro Bautista-Cabrera<\/i><\/p>\n<p>Agradecimientos<\/p>\n<p><strong><u>CONFERENCIAS<\/u><\/strong><\/p>\n<p><strong>El microrrelato latinoamericano. \u00bfPerfume, twit o mariposa?<\/strong><br \/>\n<i>Ana Mar\u00eda Shua<\/i><\/p>\n<p><strong>Tensi\u00f3n y fuga del relato hispanoamericano<\/strong><br \/>\n<i>Jos\u00e9 S\u00e1nchez Carb\u00f3<\/i><\/p>\n<p><strong>El cuento no tiene quien lo explique: Horacio Quiroga y sus art\u00edculos sobre la narrativa<\/strong><br \/>\n<i>Wilson Alves-Bezerra<\/i><\/p>\n<p><strong>La ontolog\u00eda del centauro<\/strong><br \/>\n<i>Javier Tafur Gonz\u00e1lez<\/i><\/p>\n<p><strong><u>PONENCIAS PO\u00c9TICAS DEL CUENTO LATINOAMERICANO<\/u><\/strong><\/p>\n<p><strong>1969 en el cuento colombiano. Un breve estado del arte cr\u00edtico<\/strong><br \/>\n<i>Alberto Bejarano<\/i><\/p>\n<p><strong>De Lovecraft a Enr\u00edquez: Un nuevo panorama del terror contempor\u00e1neo<\/strong><br \/>\n<i>Diana Fernanda Z\u00fa\u00f1iga Labio<\/i><\/p>\n<p><strong>El relato policiaco en Ricardo Piglia: teor\u00eda y pr\u00e1ctica<\/strong><br \/>\n<i>Jacobo Arango Llanos<\/i><\/p>\n<p><strong>El cuento: realidad, realismo y verosimilitud<\/strong><br \/>\n<i>Hern\u00e1n Toro<\/i><\/p>\n<p><strong>La relaci\u00f3n del Quijote con Borges y G\u00f3mez Valderrama<\/strong><br \/>\n<i>Miguel \u00c1ngel Garc\u00eda Carre\u00f1o<\/i><\/p>\n<p><strong>Felisberto Hern\u00e1ndez: un escritor que naci\u00f3 para pocos y para siempre<\/strong><br \/>\n<i>Ja\u00edr Villano<\/i><\/p>\n<p><strong>Cuentos de Hebe Uhart: una po\u00e9tica contempor\u00e1nea<\/strong><br \/>\n<i>Yessica Andrea Chiquillo Vilardi<\/i><\/p>\n<p><strong><u>LAS MUJERES CUENTISTAS<\/u><\/strong><\/p>\n<p><strong>Los cuentos de Elena Garro<\/strong><br \/>\n<i>Carmi\u00f1a Navia<\/i><\/p>\n<p><strong>Geograf\u00eda del Relato Femenino Latinoamericano: Fugas y rupturas desde lo fant\u00e1stico<\/strong><br \/>\n<i>Jennifer Rodr\u00edguez Henao<\/i><\/p>\n<p><strong>La mujer fatal como figura femenina transgresora en el cuento latinoamericano<\/strong><br \/>\n<i>Montserrat S\u00e1nchez Romero<\/i><\/p>\n<p><strong><u>CUENTOS CORTOS, MINIFICCI\u00d3N O RELATO BREVE<\/u><\/strong><\/p>\n<p><strong>La muerte en Perdiendo velocidad de Samanta Schweblin<\/strong><br \/>\n<i>M\u00f3nica Lorena Carrillo Salazar<\/i><\/p>\n<p><strong>Correr un poco la frontera<\/strong><br \/>\n<i>Humberto Jarr\u00edn<\/i><\/p>\n<p><strong>Inversi\u00f3n de prop\u00f3sitos en protagonistas de minicuentos<\/strong><br \/>\n<i>Mar\u00eda Antonieta G\u00f3mez Goyeneche<\/i><\/p>\n<p><strong>La historia como minificci\u00f3n: el conflicto armado colombiano en 100 palabras<\/strong><br \/>\n<i>Carlos Pati\u00f1o Mill\u00e1n<\/i><\/p>\n<p><strong><u>CUENTO Y ALTERIDAD<\/u><\/strong><\/p>\n<p><strong>Migraci\u00f3n y exclusi\u00f3n en los cuentos de Drown, de Junot D\u00edaz<\/strong><br \/>\n<i>Jorge Mario S\u00e1nchez Noguera<\/i><\/p>\n<p><strong>Germ\u00e1n Cardona Cruz y su aporte a los \u201cpueblos sin historia\u201d<\/strong><br \/>\n<i>Luz Mar\u00eda Ch\u00e1varro Orozco<\/i><\/p>\n<p><strong>Representaci\u00f3n de la escena originaria en \u201cEl cuentero\u201d (1962) de Onelio Jorge Cardozo y \u201cContar un cuento\u201d (1966) de Augusto Roa Bastos. la crisis del narrador<\/strong><br \/>\n<i>\u00c1lvaro Bautista-Cabrera<\/i><\/p>\n<p><strong>El rey que desapareci\u00f3 y otros enigmas de la cuent\u00edstica arguediana<\/strong><br \/>\n<i>Fabio G\u00f3mez Cardona<\/i><\/p>\n<p><strong>El jaguar: legado simb\u00f3lico del encuentro entre la luz y la sombra en el Abya Yala. Una lectura comparada entre la trilog\u00eda de jaguares de la mitolog\u00eda kogi, \u201cKashind\u00fakua\u201d, \u201cNo\u00e1na-s\u00e9\u201d y \u201cN\u00e1maku\u201d, y \u201cLa escritura del dios\u201d de Borges<\/strong><br \/>\n<i>Daniela P\u00e1ez Avil\u00e9s<\/i><\/p>\n<p><strong>La problematizaci\u00f3n ir\u00f3nica del estereotipo de la bruja: el caso de \u201cEn la hamaca\u201d, de Jos\u00e9 F\u00e9lix Fuenmayor<\/strong><br \/>\n<i>Nicol\u00e1s G\u00f3mez Rey<\/i><\/p>\n<p><strong>Entre el exilio y la desaparici\u00f3n: Un acercamiento a las ausencias latentes en \u201cSensini\u201d de Roberto Bola\u00f1o<\/strong><br \/>\n<i>Tania Camila Triana<\/i><\/p>\n<p><strong>La desnaturalizaci\u00f3n de la Violencia a partir de dos cuentos de Hernando T\u00e9llez<\/strong><br \/>\n<i>Sergio Antonio Mora Moreno<\/i><\/p>\n<p><strong>La carga negra: rastreo a la alteridad afrourbanita y el racismo en \u201cEntre nos, hermano\u201d (1966) de Arnoldo Palacios<\/strong><br \/>\n<i>Ya\u00edr Andr\u00e9 Cuen\u00fa Mosquera<\/i><\/p>\n<p><strong>El \u201cMon\u00f3logo de Isabel viendo llover en Macondo\u201d y la lecci\u00f3n de \u201cCenizas para el viento\u201d<\/strong><br \/>\n<i>Juan Moreno Blanco<\/i><\/p>\n<p><strong>\u00bfPor qu\u00e9 Salsa y control de Jos\u00e9 Roberto Duque es literatura y de qu\u00e9 g\u00e9nero?<\/strong><br \/>\n<i>John Narv\u00e1ez Espinosa<\/i><\/p>\n<p><strong><u>TALLERES DE ESCRITURA, CREACI\u00d3N Y DID\u00c1CTICAS DEL CUENTO LATINOAMERICANO<\/u><\/strong><\/p>\n<p><strong>\u201cLa gallina degollada\u201d y la idea de una mente criminal<\/strong><br \/>\n<i>Diana Carolina Morales Becerra y Robert Antonio Velasco<\/i><\/p>\n<p><strong>Postales de pensamiento: escritura creativa en Buenaventura<\/strong><br \/>\n<i>Eugenio G\u00f3mez Borrero<\/i><br \/><\/li><li class=\"tab-pane \" id=\"ert_pane1-2\"><ul>\n<li style=\"text-align: justify;\"><b>Alberto Bejarano<\/b>, Instituto Caro y Cuervo (Bogot\u00e1, Colombia)<\/li>\n<li style=\"text-align: justify;\"><b>Ana Mar\u00eda Shua<\/b> (Argentina)<\/li>\n<li style=\"text-align: justify;\"><b>Carlos Pati\u00f1o Mill\u00e1n<\/b>, Universidad del Valle (Cali, Colombia)<\/li>\n<li style=\"text-align: justify;\"><b>Carmi\u00f1a Navia Velasco<\/b>, Universidad del Valle (Cali, Colombia)<\/li>\n<li style=\"text-align: justify;\"><b>Daniela P\u00e1ez Avil\u00e9s<\/b>, Universidad del Valle (Cali, Colombia)<\/li>\n<li style=\"text-align: justify;\"><b>Diana Carolina Morales Becerra<\/b>, Liceo Quial (Bogot\u00e1, Colombia)<\/li>\n<li style=\"text-align: justify;\"><b>Diana Fernanda Z\u00fa\u00f1iga Labio<\/b>, Universidad del Valle (Cali, Colombia)<\/li>\n<li style=\"text-align: justify;\"><b>Eugenio G\u00f3mez Borrero<\/b>, Universidad de Antioquia (Medell\u00edn, Colombia)<\/li>\n<li style=\"text-align: justify;\"><b>Fabio G\u00f3mez Cardona<\/b>, Universidad del Valle (Cali, Colombia)<\/li>\n<li style=\"text-align: justify;\"><b>Gabriel Jaime Alzate Ochoa<\/b> (Colombia)<\/li>\n<li style=\"text-align: justify;\"><b>Hern\u00e1n Toro<\/b>, Universidad del Valle (Cali, Colombia)<\/li>\n<li style=\"text-align: justify;\"><b>Humberto Jarr\u00edn B.<\/b>, Universidad Aut\u00f3noma de Occidente (Cali, Colombia)<\/li>\n<li style=\"text-align: justify;\"><b>Jacobo Arango Llanos<\/b>, Universidad del Valle (Cali, Colombia)<\/li>\n<li style=\"text-align: justify;\"><b>Javier Tafur Gonz\u00e1lez<\/b>, Universidad del Valle (Cali, Colombia)<\/li>\n<li style=\"text-align: justify;\"><b>Ja\u00edr Villano<\/b> (Colombia)<\/li>\n<li style=\"text-align: justify;\"><b>Jennifer Rodr\u00edguez Henao<\/b>, Universidad del Valle (Cali, Colombia)<\/li>\n<li style=\"text-align: justify;\"><b>John Narv\u00e1ez Espinosa<\/b>, Universidad Central de Venezuela (Caracas, Venezuela)<\/li>\n<li style=\"text-align: justify;\"><b>Jorge Mario S\u00e1nchez<\/b> (Colombia)<\/li>\n<li style=\"text-align: justify;\"><b>Jos\u00e9 S\u00e1nchez Carb\u00f3<\/b>, Universidad Iberoamericana Puebla (Puebla, M\u00e9xico)<\/li>\n<li style=\"text-align: justify;\"><b>Juan Moreno Blanco<\/b>, Universidad del Valle (Cali, Colombia)<\/li>\n<li style=\"text-align: justify;\"><b>Luz Mar\u00eda Ch\u00e1varro Orozco<\/b> (Colombia)<\/li>\n<li style=\"text-align: justify;\"><b>Mar\u00eda Antonieta G\u00f3mez Goyeneche<\/b>, Universidad del Valle (Cali, Colombia)<\/li>\n<li style=\"text-align: justify;\"><b>Miguel \u00c1ngel Garc\u00eda Carre\u00f1o<\/b>, Universidad Industrial de Santander (Bucaramanga, Colombia)<\/li>\n<li style=\"text-align: justify;\"><b>Montserrat S\u00e1nchez Romero<\/b>, Universidad Nacional Aut\u00f3noma de M\u00e9xico (Ciudad de M\u00e9xico, M\u00e9xico)<\/li>\n<li style=\"text-align: justify;\"><b>M\u00f3nica Lorena Carrillo Salazar<\/b>, Universidad Santiago de Cali (Santiago de Cali, Colombia)<\/li>\n<li style=\"text-align: justify;\"><b>Nicol\u00e1s G\u00f3mez Rey<\/b>, Universidad Aut\u00f3noma de Bucaramanga (Bucaramanga, Colombia)<\/li>\n<li style=\"text-align: justify;\"><b>Robert Antonio Velasco<\/b>, Colegio San Luis Gonzaga (Cali, Colombia)<\/li>\n<li style=\"text-align: justify;\"><b>Sergio Antonio Mora Moreno<\/b>, Universidad Santiago de Cali (Santiago de Cali, Colombia)<\/li>\n<li style=\"text-align: justify;\"><b>Tania C. Triana Cuevas<\/b>, Instituto Caro y Cuervo (Bogot\u00e1, Colombia)<\/li>\n<li style=\"text-align: justify;\"><b>Wilson Alves-Bezerra<\/b>, Universidad Federal de S\u00e3o Carlos (S\u00e3o Carlos, Brasil)<\/li>\n<li style=\"text-align: justify;\"><b>Ya\u00edr Andr\u00e9 Cuen\u00fa Mosquera<\/b> (Colombia)<\/li>\n<li style=\"text-align: justify;\"><b>Yessica Andrea Chiquillo Vilardi<\/b> (Colombia)<\/li>\n<li style=\"text-align: justify;\"><b>\u00c1lvaro Bautista-Cabrera<\/b>, Universidad del Valle (Cali, Colombia)<\/li>\n<\/ul><\/li><li class=\"tab-pane \" id=\"ert_pane1-3\"><table>\n<tbody>\n<tr class=\"first odd\">\n<th width=\"150\">\n<p style=\"text-align: left;\">T\u00edtulo (ingl\u00e9s):<\/p>\n<\/th>\n<td class=\"data last\">Snapshots of the Latin American tale.<\/td>\n<\/tr>\n<tr class=\"even\">\n<th>\n<p style=\"text-align: left;\">DOI\/URL:<\/p>\n<\/th>\n<td class=\"data last\"><a href=\"https:\/\/doi.org\/10.18046\/EUI\/ee.2.2022\" target=\"_blank\" rel=\"noopener noreferrer\">https:\/\/doi.org\/10.18046\/EUI\/ee.2.2022<\/a><\/td>\n<\/tr>\n<tr class=\"odd\">\n<th>\n<p style=\"text-align: left;\">Editorial(es):<\/p>\n<\/th>\n<td class=\"data last\">Universidad Icesi, Universidad Aut\u00f3noma de Occidente y Universidad del Valle.<\/td>\n<\/tr>\n<tr class=\"even\">\n<th>\n<p style=\"text-align: left;\">Autores:<\/p>\n<\/th>\n<td class=\"data last\">Ana Mar\u00eda Shua, Jos\u00e9 S\u00e1nchez Carb\u00f3, Wilson Alves-Bezerra, Javier Tafur Gonz\u00e1lez, Alberto Bejarano, Diana Fernanda Z\u00fa\u00f1iga Labio, Jacobo Arango Llanos, Hern\u00e1n Toro, Miguel \u00c1ngel Garc\u00eda Carre\u00f1o, Ja\u00edr Villano, Yessica Andrea Chiquillo Vilardi, Carmi\u00f1a Navia, Jennifer Rodr\u00edguez Henao, Montserrat S\u00e1nchez Romero, M\u00f3nica Lorena Carrillo Salazar, Humberto Jarr\u00edn, Mar\u00eda Antonieta G\u00f3mez Goyeneche, Carlos Pati\u00f1o Mill\u00e1n, Jorge Mario S\u00e1nchez Noguera, Luz Mar\u00eda Ch\u00e1varro Orozco, \u00c1lvaro Bautista-Cabrera, Fabio G\u00f3mez Cardona, Daniela P\u00e1ez Avil\u00e9s, Nicol\u00e1s G\u00f3mez Rey, Tania Camila Triana, Sergio Antonio Mora Moreno, Ya\u00edr Andr\u00e9 Cuen\u00fa Mosquera, Juan Moreno Blanco, John Narv\u00e1ez Espinosa, Diana Carolina Morales Becerra, Robert Antonio Velasco y Eugenio G\u00f3mez Borrero.<\/td>\n<\/tr>\n<tr class=\"odd\">\n<th>\n<p style=\"text-align: left;\">Palabras clave:<\/p>\n<\/th>\n<td class=\"data last\">Cuentos latinoamericanos, Literatura, Autores latinoamericanos.<\/td>\n<\/tr>\n<tr class=\"even\">\n<th>\n<p style=\"text-align: left;\">ISBN:<\/p>\n<\/th>\n<td class=\"data last\">978-958-619-107-4 \/ 978-958-619-105-0 (PDF) \/ 978-958-619-106-7 (ePub).<\/td>\n<\/tr>\n<tr class=\"odd\">\n<th>\n<p style=\"text-align: left;\">Fecha de edici\u00f3n:<\/p>\n<\/th>\n<td class=\"data last\">Abril de 2022.<\/td>\n<\/tr>\n<tr class=\"even\">\n<th>\n<p style=\"text-align: left;\">No. de p\u00e1ginas:<\/p>\n<\/th>\n<td class=\"data last\">421.<\/td>\n<\/tr>\n<tr class=\"odd\">\n<th>\n<p style=\"text-align: left;\">Idioma(s):<\/p>\n<\/th>\n<td class=\"data last\">Espa\u00f1ol.<\/td>\n<\/tr>\n<tr class=\"even\">\n<th>\n<p style=\"text-align: left;\">Formato(s):<\/p>\n<\/th>\n<td class=\"data last\">Libro impreso (tapa r\u00fastica) y electr\u00f3nico (PDF).<\/td>\n<\/tr>\n<tr class=\"odd\">\n<th>\n<p style=\"text-align: left;\">Alto x ancho:<\/p>\n<\/th>\n<td class=\"data last\">21 x 14 cm.<\/td>\n<\/tr>\n<tr class=\"even\">\n<th>\n<p style=\"text-align: left;\">Colecci\u00f3n:<\/p>\n<\/th>\n<td class=\"data last\">Edici\u00f3n especial.<\/td>\n<\/tr>\n<tr class=\"odd\">\n<th>\n<p style=\"text-align: left;\">Producto:<\/p>\n<\/th>\n<td class=\"data last\">Libro de inter\u00e9s general.<\/td>\n<\/tr>\n<tr class=\"even\">\n<th>\n<p style=\"text-align: left;\">Observaciones:<\/p>\n<\/th>\n<td class=\"data last\">Incluye referencias bibliogr\u00e1ficas.<\/td>\n<\/tr>\n<tr class=\"last odd\">\n<th>\n<p style=\"text-align: left;\">Registro DSpace:<\/p>\n<\/th>\n<td class=\"data last\"><a href=\"https:\/\/doi.org\/10.18046\/EUI\/ee.2.2022\" target=\"_blank\" rel=\"noopener noreferrer\"><img loading=\"lazy\" decoding=\"async\" class=\"alignnone size-full wp-image-1012\" src=\"http:\/\/www.icesi.edu.co\/editorial\/wp-content\/uploads\/2016\/04\/downloadIcon-e1460499009176.png\" alt=\"Icono de Repositorio - Contenido en la Nube\" width=\"25\" height=\"25\"><\/a><\/td>\n<\/tr>\n<\/tbody>\n<\/table><\/li><\/ul><\/div><\/div>\n","protected":false},"excerpt":{"rendered":"<p>T\u00edtulo completo: Instant\u00e1neas del cuento latinoamericano. Compiladores: Humberto Jarr\u00edn Ballesteros, \u00c1lvaro Bautista-Cabrera, Hoover Delgado. Presentaci\u00f3n: Gabriel J. Alzate. Autores: Ana Mar\u00eda Shua, Jos\u00e9 S\u00e1nchez Carb\u00f3, Wilson Alves-Bezerra, Javier Tafur Gonz\u00e1lez, Alberto Bejarano, Diana Fernanda Z\u00fa\u00f1iga Labio, Jacobo Arango Llanos, Hern\u00e1n Toro, Miguel \u00c1ngel Garc\u00eda Carre\u00f1o, Ja\u00edr Villano, Yessica Andrea Chiquillo Vilardi, Carmi\u00f1a Navia, Jennifer Rodr\u00edguez [&hellip;]<\/p>\n","protected":false},"author":3,"featured_media":6662,"comment_status":"closed","ping_status":"closed","sticky":false,"template":"","format":"standard","meta":{"footnotes":""},"categories":[372],"tags":[115,116,203,221,224,287,341,373,465,516,795,822],"class_list":["post-6644","post","type-post","status-publish","format-standard","has-post-thumbnail","hentry","category-coediciones","tag-hoover-delgado","tag-gabriel-jaime-alzate","tag-america-latina","tag-literatura","tag-coedicion","tag-libro-de-interes-general","tag-cuentos","tag-universidad-del-valle","tag-descarga-gratuita","tag-universidad-autonoma-de-occidente","tag-795","tag-filcali-2022"],"_links":{"self":[{"href":"https:\/\/www.icesi.edu.co\/editorial\/wp-json\/wp\/v2\/posts\/6644","targetHints":{"allow":["GET"]}}],"collection":[{"href":"https:\/\/www.icesi.edu.co\/editorial\/wp-json\/wp\/v2\/posts"}],"about":[{"href":"https:\/\/www.icesi.edu.co\/editorial\/wp-json\/wp\/v2\/types\/post"}],"author":[{"embeddable":true,"href":"https:\/\/www.icesi.edu.co\/editorial\/wp-json\/wp\/v2\/users\/3"}],"replies":[{"embeddable":true,"href":"https:\/\/www.icesi.edu.co\/editorial\/wp-json\/wp\/v2\/comments?post=6644"}],"version-history":[{"count":10,"href":"https:\/\/www.icesi.edu.co\/editorial\/wp-json\/wp\/v2\/posts\/6644\/revisions"}],"predecessor-version":[{"id":9002,"href":"https:\/\/www.icesi.edu.co\/editorial\/wp-json\/wp\/v2\/posts\/6644\/revisions\/9002"}],"wp:featuredmedia":[{"embeddable":true,"href":"https:\/\/www.icesi.edu.co\/editorial\/wp-json\/wp\/v2\/media\/6662"}],"wp:attachment":[{"href":"https:\/\/www.icesi.edu.co\/editorial\/wp-json\/wp\/v2\/media?parent=6644"}],"wp:term":[{"taxonomy":"category","embeddable":true,"href":"https:\/\/www.icesi.edu.co\/editorial\/wp-json\/wp\/v2\/categories?post=6644"},{"taxonomy":"post_tag","embeddable":true,"href":"https:\/\/www.icesi.edu.co\/editorial\/wp-json\/wp\/v2\/tags?post=6644"}],"curies":[{"name":"wp","href":"https:\/\/api.w.org\/{rel}","templated":true}]}}