{"id":6697,"date":"2012-03-13T09:40:00","date_gmt":"2012-03-13T14:40:00","guid":{"rendered":"https:\/\/www.icesi.edu.co\/editorial\/?p=6697"},"modified":"2024-09-06T17:03:15","modified_gmt":"2024-09-06T22:03:15","slug":"estructura-socioeconomica","status":"publish","type":"post","link":"https:\/\/www.icesi.edu.co\/editorial\/estructura-socioeconomica\/","title":{"rendered":"Estructura socioecon\u00f3mica del Valle del Cauca"},"content":{"rendered":"<div class=\"ead-preview\"><div class=\"ead-document\" style=\"position: relative;\"><div class=\"ead-iframe-wrapper\"><iframe src=\"\/\/docs.google.com\/viewer?url=https%3A%2F%2Frepository.icesi.edu.co%2Fbiblioteca_digital%2Fbitstream%2F10906%2F82067%2F1%2Fmora_estructura-socioeconomica_2012.pdf&amp;embedded=true&amp;hl=en\" title=\"Embedded Document\" class=\"ead-iframe\" style=\"width: 0px;height: 0px;border: none;visibility: hidden;\"><\/iframe><\/div>\t\t\t<div class=\"ead-document-loading\" style=\"width:100%;height:100%;position:absolute;left:0;top:0;z-index:10;\">\n\t\t\t\t<div class=\"ead-loading-wrap\">\n\t\t\t\t\t<div class=\"ead-loading-main\">\n\t\t\t\t\t\t<div class=\"ead-loading\">\n\t\t\t\t\t\t\t<img loading=\"lazy\" decoding=\"async\" src=\"https:\/\/www.icesi.edu.co\/editorial\/wp-content\/plugins\/embed-any-document\/images\/loading.svg\" width=\"55\" height=\"55\" alt=\"Loader\">\n\t\t\t\t\t\t\t<span>Loading...<\/span>\n\t\t\t\t\t\t<\/div>\n\t\t\t\t\t<\/div>\n\t\t\t\t\t<div class=\"ead-loading-foot\">\n\t\t\t\t\t\t<div class=\"ead-loading-foot-title\">\n\t\t\t\t\t\t\t<img loading=\"lazy\" decoding=\"async\" src=\"https:\/\/www.icesi.edu.co\/editorial\/wp-content\/plugins\/embed-any-document\/images\/EAD-logo.svg\" alt=\"EAD Logo\" width=\"36\" height=\"23\"\/>\n\t\t\t\t\t\t\t<span>Taking too long?<\/span>\n\t\t\t\t\t\t<\/div>\n\t\t\t\t\t\t<p>\n\t\t\t\t\t\t\t<div class=\"ead-document-btn ead-reload-btn\" role=\"button\">\n\t\t\t\t\t\t\t\t<img loading=\"lazy\" decoding=\"async\" src=\"https:\/\/www.icesi.edu.co\/editorial\/wp-content\/plugins\/embed-any-document\/images\/reload.svg\" alt=\"Reload\" width=\"12\" height=\"12\"\/> Reload document\t\t\t\t\t\t\t<\/div>\n\t\t\t\t\t\t\t<span>|<\/span>\n\t\t\t\t\t\t\t<a href=\"https:\/\/repository.icesi.edu.co\/biblioteca_digital\/bitstream\/10906\/82067\/1\/mora_estructura-socioeconomica_2012.pdf\" class=\"ead-document-btn\" target=\"_blank\" rel=\"noopener\">\n\t\t\t\t\t\t\t\t<img loading=\"lazy\" decoding=\"async\" src=\"https:\/\/www.icesi.edu.co\/editorial\/wp-content\/plugins\/embed-any-document\/images\/open.svg\" alt=\"Open\" width=\"12\" height=\"12\"\/> Open in new tab\t\t\t\t\t\t\t<\/a>\n\t\t\t\t\t<\/div>\n\t\t\t\t<\/div>\n\t\t\t<\/div>\n\t\t<\/div><p class=\"embed_download\"><a href=\"https:\/\/repository.icesi.edu.co\/biblioteca_digital\/bitstream\/10906\/82067\/1\/mora_estructura-socioeconomica_2012.pdf\" download target=\"_blank\" rel=\"noopener\">Download\/Descargar <\/a><\/p><\/div>\n<strong>T\u00edtulo completo:<\/strong> Estructura socioecon\u00f3mica del Valle del Cauca: un an\u00e1lisis del mercado laboral de Cali y su \u00c1rea Metropolitana.<br \/>\n<strong>Editores:<\/strong> Jhon James Mora y Silvana Godoy Mateus.<br \/>\n<strong>Autores:<\/strong> Diego Garc\u00eda Mu\u00f1oz, Katherine Cardona Ospina, Adolfo Garc\u00eda Arias, Juan Byron Correa Fonnegra, Ang\u00e9lica Valencia Serna, H\u00e9ctor Fabio Ram\u00edrez Echeverry, Harvy Vivas Pacheco, Ancizar M\u00e9ndez Polanco, Mar\u00eda Yamileth D\u00edaz Morales, Jhon James Mora y Silvana Godoy Mateus.<br \/>\n<strong>Editorial:<\/strong> Universidad Icesi y Red ORMET.<br \/>\n<strong>A\u00f1o de edici\u00f3n:<\/strong> 2012 | <strong>ISBN:<\/strong> 978-958-8357-63-8.<br \/>\n<span id=\"post-ratings-6697\" class=\"post-ratings\" data-nonce=\"e2000aa663\"><img decoding=\"async\" id=\"rating_6697_1\" src=\"https:\/\/www.icesi.edu.co\/editorial\/wp-content\/plugins\/wp-postratings\/images\/stars_crystal\/rating_on.gif\" alt=\"1 estrella\" title=\"1 estrella\" onmouseover=\"current_rating(6697, 1, '1 estrella');\" onmouseout=\"ratings_off(5, 0, 0);\" onclick=\"rate_post();\" onkeypress=\"rate_post();\" style=\"cursor: pointer; border: 0px;\" \/><img decoding=\"async\" id=\"rating_6697_2\" src=\"https:\/\/www.icesi.edu.co\/editorial\/wp-content\/plugins\/wp-postratings\/images\/stars_crystal\/rating_on.gif\" alt=\"2 estrellas\" title=\"2 estrellas\" onmouseover=\"current_rating(6697, 2, '2 estrellas');\" onmouseout=\"ratings_off(5, 0, 0);\" onclick=\"rate_post();\" onkeypress=\"rate_post();\" style=\"cursor: pointer; border: 0px;\" \/><img decoding=\"async\" id=\"rating_6697_3\" src=\"https:\/\/www.icesi.edu.co\/editorial\/wp-content\/plugins\/wp-postratings\/images\/stars_crystal\/rating_on.gif\" alt=\"3 estrellas\" title=\"3 estrellas\" onmouseover=\"current_rating(6697, 3, '3 estrellas');\" onmouseout=\"ratings_off(5, 0, 0);\" onclick=\"rate_post();\" onkeypress=\"rate_post();\" style=\"cursor: pointer; border: 0px;\" \/><img decoding=\"async\" id=\"rating_6697_4\" src=\"https:\/\/www.icesi.edu.co\/editorial\/wp-content\/plugins\/wp-postratings\/images\/stars_crystal\/rating_on.gif\" alt=\"4 estrellas\" title=\"4 estrellas\" onmouseover=\"current_rating(6697, 4, '4 estrellas');\" onmouseout=\"ratings_off(5, 0, 0);\" onclick=\"rate_post();\" onkeypress=\"rate_post();\" style=\"cursor: pointer; border: 0px;\" \/><img decoding=\"async\" id=\"rating_6697_5\" src=\"https:\/\/www.icesi.edu.co\/editorial\/wp-content\/plugins\/wp-postratings\/images\/stars_crystal\/rating_on.gif\" alt=\"5 estrellas\" title=\"5 estrellas\" onmouseover=\"current_rating(6697, 5, '5 estrellas');\" onmouseout=\"ratings_off(5, 0, 0);\" onclick=\"rate_post();\" onkeypress=\"rate_post();\" style=\"cursor: pointer; border: 0px;\" \/> (<strong>2<\/strong> votos, promedio: <strong>5,00<\/strong> sobre 5)<br \/><span class=\"post-ratings-text\" id=\"ratings_6697_text\"><\/span><\/span><span id=\"post-ratings-6697-loading\" class=\"post-ratings-loading\"><img loading=\"lazy\" decoding=\"async\" src=\"https:\/\/www.icesi.edu.co\/editorial\/wp-content\/plugins\/wp-postratings\/images\/loading.gif\" width=\"16\" height=\"16\" class=\"post-ratings-image\" \/>Loading...<\/span>\n&nbsp;<br \/>\n<div class=\"osc-res-tab tabbable   osc-tabs-left\"><div style=\"clear:both;width: 100%;\"><ul class=\"nav osc-res-nav nav-pills osc-tabs-left-ul\" id=\"oscitas-restabs-1-estructura-socioeconomica-65888\"><li class=\"active\"><a href=\"#ert_pane1-0\" data-toggle=\"tab\">Descripci\u00f3n<\/a><\/li><li class=\"\"><a href=\"#ert_pane1-1\" data-toggle=\"tab\">Contenido<\/a><\/li><li class=\"\"><a href=\"#ert_pane1-2\" data-toggle=\"tab\">Autor(es)<\/a><\/li><li class=\"\"><a href=\"#ert_pane1-3\" data-toggle=\"tab\">Catalogaci\u00f3n<\/a><\/li><\/ul><\/div><div style=\"clear:both;width: 100%;\"><ul class=\"tab-content\" id=\"oscitas-restabcontent-1-estructura-socioeconomica-65888\"><li class=\"tab-pane active\" id=\"ert_pane1-0\"><p style=\"text-align: justify;\">Este libro est\u00e1 compuesto por los cap\u00edtulos demograf\u00ed a del Valle del Cauca, la evoluci\u00f3n de la educaci\u00f3n en Cali y el Valle del Cauca, econom\u00eda en el Valle del Cauca y un an\u00e1lisis sobre el mercado laboral de Cali y su \u00c1rea Metropolitana.<\/p>\n<p style=\"text-align: justify;\"><strong>C\u00f3mo citar (APA):<\/strong> Mora, J. J. y Godoy Mateus, S. (eds.) (2012). <i>Estructura socioecon\u00f3mica del Valle del Cauca: un an\u00e1lisis del mercado laboral de cali y su \u00c1rea Metropolitana<\/i>. Cali: Universidad Icesi y Red ORMET<\/p><\/li><li class=\"tab-pane \" id=\"ert_pane1-1\"><strong>Tabla de contenido:<\/strong><\/p>\n<p><strong>1 \/ Introducci\u00f3n<\/strong><br \/>\n<i>Jhon James Mora y Silvana Godoy Mateus<\/i><\/p>\n<p><strong>2 \/ An\u00e1lisis del comportamiento de la poblaci\u00f3n del Valle del Cauca y sus perspectivas futuras (1993\u20132030)<\/strong><br \/>\n<i>Diego Garc\u00eda Mu\u00f1oz, Katherine Cardona Ospina y Adolfo Garc\u00eda Arias<\/i><\/p>\n<p><strong>3 \/ Entorno y oferta institucional<\/strong><br \/>\n<i>Juan Byron Correa Fonnegra, Ang\u00e9lica Valencia Serna, H\u00e9ctor Fabio Ram\u00edrez Echeverry y Harvy Vivas Pacheco<\/i><\/p>\n<p><strong>4 \/ Evoluci\u00f3n de la econom\u00eda del Valle del Cauca &#8211; Per\u00edodo 2000-2010<\/strong><br \/>\n<i>Anc\u00edzar M\u00e9ndez Polanco y Mar\u00eda Yamileth D\u00edaz Morales<\/i><\/p>\n<p><strong>5 \/ An\u00e1lisis del mercado laboral de Cali y su \u00c1rea Metropolitana<\/strong><br \/>\n<i>Jhon James Mora<\/i><\/p>\n<p>Conclusiones<br \/>\n<i>Jhon James Mora y Silvana Godoy Mateus<\/i><\/li><li class=\"tab-pane \" id=\"ert_pane1-2\"><ul>\n<li style=\"text-align: justify;\"><a href=\"https:\/\/orcid.org\/0000-0002-9974-1874\" target=\"_blank\" title=\"ORCID iD\" rel=\"noopener noreferrer\"><img loading=\"lazy\" decoding=\"async\" class=\"alignnone size-full wp-image-1012\" src=\"http:\/\/www.icesi.edu.co\/editorial\/wp-content\/uploads\/2020\/06\/ORCIDiD_icon16x16.png\" style=\"margin-right: 6px;\" alt=\"Icono ORCID\" width=\"16\" height=\"16\"><\/a><b>Jhon James Mora<\/b>, Universidad Icesi (Colombia)<\/li>\n<li style=\"text-align: justify;\"><b>Diego Garc\u00eda Mu\u00f1oz<\/b>, Universidad Libre (Cali, Colombia)<\/li>\n<li style=\"text-align: justify;\"><b>Katherine Cardona Ospina<\/b>, Universidad Libre (Cali, Colombia)<\/li>\n<li style=\"text-align: justify;\"><b>Adolfo Garc\u00eda Arias\tMasculino<\/b>, Universidad Libre (Cali, Colombia)<\/li>\n<li style=\"text-align: justify;\"><a href=\"https:\/\/orcid.org\/0000-0002-7792-8005\" target=\"_blank\" title=\"ORCID iD\" rel=\"noopener noreferrer\"><img loading=\"lazy\" decoding=\"async\" class=\"alignnone size-full wp-image-1012\" src=\"http:\/\/www.icesi.edu.co\/editorial\/wp-content\/uploads\/2020\/06\/ORCIDiD_icon16x16.png\" style=\"margin-right: 6px;\" alt=\"Icono ORCID\" width=\"16\" height=\"16\"><\/a><b>Juan Byron Correa Fonnegra\tMasculino<\/b>, Universidad del Valle (Colombia)<\/li>\n<li style=\"text-align: justify;\"><b>Ang\u00e9lica Valencia Serna<\/b>, Universidad del Valle (Colombia)<\/li>\n<li style=\"text-align: justify;\"><b>H\u00e9ctor Fabio Ram\u00edrez Echeverry<\/b>, Universidad del Valle (Colombia)<\/li>\n<li style=\"text-align: justify;\"><a href=\"https:\/\/orcid.org\/0000-0003-2308-9725\" target=\"_blank\" title=\"ORCID iD\" rel=\"noopener noreferrer\"><img loading=\"lazy\" decoding=\"async\" class=\"alignnone size-full wp-image-1012\" src=\"http:\/\/www.icesi.edu.co\/editorial\/wp-content\/uploads\/2020\/06\/ORCIDiD_icon16x16.png\" style=\"margin-right: 6px;\" alt=\"Icono ORCID\" width=\"16\" height=\"16\"><\/a><b>Harvy Vivas Pacheco\tMasculino<\/b>, Universidad del Valle (Colombia)<\/li>\n<li style=\"text-align: justify;\"><b>Ancizar M\u00e9ndez Polanco<\/b>, Universidad Aut\u00f3noma de Occidente (Colombia)<\/li>\n<li style=\"text-align: justify;\"><b>Mar\u00eda Yamileth D\u00edaz Morales\tFemenino<\/b>, Universidad Aut\u00f3noma de Occidente (Colombia)<\/li>\n<li style=\"text-align: justify;\"><a href=\"https:\/\/orcid.org\/0000-0002-4852-2890\" target=\"_blank\" title=\"ORCID iD\" rel=\"noopener noreferrer\"><img loading=\"lazy\" decoding=\"async\" class=\"alignnone size-full wp-image-1012\" src=\"http:\/\/www.icesi.edu.co\/editorial\/wp-content\/uploads\/2020\/06\/ORCIDiD_icon16x16.png\" style=\"margin-right: 6px;\" alt=\"Icono ORCID\" width=\"16\" height=\"16\"><\/a><b>Silvana Godoy Mateus<\/b>, Universidad Icesi (Colombia)<\/li>\n<\/ul><\/li><li class=\"tab-pane \" id=\"ert_pane1-3\"><table>\n<tbody>\n<tr class=\"first odd\">\n<th width=\"150\">\n<p style=\"text-align: left;\">T\u00edtulo (ingl\u00e9s):<\/p>\n<\/th>\n<td class=\"data last\">Socioeconomic structure of Valle del Cauca: an analysis of the labor market of Cali and its Metropolitan Area.<\/td>\n<\/tr>\n<tr class=\"even\">\n<th>\n<p style=\"text-align: left;\">DOI\/URL:<\/p>\n<\/th>\n<td class=\"data last\">&#8212;<\/td>\n<\/tr>\n<tr class=\"odd\">\n<th>\n<p style=\"text-align: left;\">Editorial(es):<\/p>\n<\/th>\n<td class=\"data last\">Universidad Icesi y Red ORMET.<\/td>\n<\/tr>\n<tr class=\"even\">\n<th>\n<p style=\"text-align: left;\">Autores:<\/p>\n<\/th>\n<td class=\"data last\">Diego Garc\u00eda Mu\u00f1oz, Katherine Cardona Ospina, Adolfo Garc\u00eda Arias, Juan Byron Correa Fonnegra, Ang\u00e9lica Valencia Serna, H\u00e9ctor Fabio Ram\u00edrez Echeverry, Harvy Vivas Pacheco, Ancizar M\u00e9ndez Polanco, Mar\u00eda Yamileth D\u00edaz Morales, Jhon James Mora y Silvana Godoy Mateus.<\/td>\n<\/tr>\n<tr class=\"odd\">\n<th>\n<p style=\"text-align: left;\">Palabras clave:<\/p>\n<\/th>\n<td class=\"data last\">Mercado labora, Econom\u00eda, Santiago de Cali, Valle del Cauca.<\/td>\n<\/tr>\n<tr class=\"even\">\n<th>\n<p style=\"text-align: left;\">ISBN:<\/p>\n<\/th>\n<td class=\"data last\">978-958-8357-63-8.<\/td>\n<\/tr>\n<tr class=\"odd\">\n<th>\n<p style=\"text-align: left;\">Fecha de edici\u00f3n:<\/p>\n<\/th>\n<td class=\"data last\">Marzo de 2012.<\/td>\n<\/tr>\n<tr class=\"even\">\n<th>\n<p style=\"text-align: left;\">No. de p\u00e1ginas:<\/p>\n<\/th>\n<td class=\"data last\">169.<\/td>\n<\/tr>\n<tr class=\"odd\">\n<th>\n<p style=\"text-align: left;\">Idioma(s):<\/p>\n<\/th>\n<td class=\"data last\">Espa\u00f1ol.<\/td>\n<\/tr>\n<tr class=\"even\">\n<th>\n<p style=\"text-align: left;\">Formato(s):<\/p>\n<\/th>\n<td class=\"data last\">Libro impreso (tapa r\u00fastica) y libro electr\u00f3nico.<\/td>\n<\/tr>\n<tr class=\"odd\">\n<th>\n<p style=\"text-align: left;\">Alto x ancho:<\/p>\n<\/th>\n<td class=\"data last\">21,5 x 15 cm<\/td>\n<\/tr>\n<tr class=\"even\">\n<th>\n<p style=\"text-align: left;\">Colecci\u00f3n:<\/p>\n<\/th>\n<td class=\"data last\">Edici\u00f3n especial.<\/td>\n<\/tr>\n<tr class=\"odd\">\n<th>\n<p style=\"text-align: left;\">Producto:<\/p>\n<\/th>\n<td class=\"data last\">Libro de divulgaci\u00f3n.<\/td>\n<\/tr>\n<tr class=\"even\">\n<th>\n<p style=\"text-align: left;\">Observaciones:<\/p>\n<\/th>\n<td class=\"data last\">Incluye referencias bibliogr\u00e1ficas.<\/td>\n<\/tr>\n<tr class=\"last odd\">\n<th>\n<p style=\"text-align: left;\">Registro DSpace:<\/p>\n<\/th>\n<td class=\"data last\"><a href=\"https:\/\/isbn.camlibro.com.co\/catalogo.php?mode=detalle&amp;nt=183730\" target=\"_blank\" rel=\"noopener noreferrer\"><img loading=\"lazy\" decoding=\"async\" class=\"alignnone size-full wp-image-1012\" src=\"http:\/\/www.icesi.edu.co\/editorial\/wp-content\/uploads\/2016\/04\/downloadIcon-e1460499009176.png\" alt=\"Icono de Repositorio - Contenido en la Nube\" width=\"25\" height=\"25\"><\/a><\/td>\n<\/tr>\n<\/tbody>\n<\/table><\/li><\/ul><\/div><\/div>\n","protected":false},"excerpt":{"rendered":"<p>T\u00edtulo completo: Estructura socioecon\u00f3mica del Valle del Cauca: un an\u00e1lisis del mercado laboral de Cali y su \u00c1rea Metropolitana. Editores: Jhon James Mora y Silvana Godoy Mateus. Autores: Diego Garc\u00eda Mu\u00f1oz, Katherine Cardona Ospina, Adolfo Garc\u00eda Arias, Juan Byron Correa Fonnegra, Ang\u00e9lica Valencia Serna, H\u00e9ctor Fabio Ram\u00edrez Echeverry, Harvy Vivas Pacheco, Ancizar M\u00e9ndez Polanco, Mar\u00eda [&hellip;]<\/p>\n","protected":false},"author":3,"featured_media":6700,"comment_status":"closed","ping_status":"closed","sticky":false,"template":"","format":"standard","meta":{"footnotes":""},"categories":[372],"tags":[54,94,129,265,328,351,465,626,670,804,805,929],"class_list":["post-6697","post","type-post","status-publish","format-standard","has-post-thumbnail","hentry","category-coediciones","tag-trabajo","tag-cali-valle-del-cauca-colombia","tag-valle-del-cauca-colombia","tag-fcae","tag-economia","tag-351","tag-descarga-gratuita","tag-divulgacion-cientifica","tag-jhon-james-mora","tag-estudios-socio-economicos","tag-red-ormet","tag-fne"],"_links":{"self":[{"href":"https:\/\/www.icesi.edu.co\/editorial\/wp-json\/wp\/v2\/posts\/6697","targetHints":{"allow":["GET"]}}],"collection":[{"href":"https:\/\/www.icesi.edu.co\/editorial\/wp-json\/wp\/v2\/posts"}],"about":[{"href":"https:\/\/www.icesi.edu.co\/editorial\/wp-json\/wp\/v2\/types\/post"}],"author":[{"embeddable":true,"href":"https:\/\/www.icesi.edu.co\/editorial\/wp-json\/wp\/v2\/users\/3"}],"replies":[{"embeddable":true,"href":"https:\/\/www.icesi.edu.co\/editorial\/wp-json\/wp\/v2\/comments?post=6697"}],"version-history":[{"count":5,"href":"https:\/\/www.icesi.edu.co\/editorial\/wp-json\/wp\/v2\/posts\/6697\/revisions"}],"predecessor-version":[{"id":6708,"href":"https:\/\/www.icesi.edu.co\/editorial\/wp-json\/wp\/v2\/posts\/6697\/revisions\/6708"}],"wp:featuredmedia":[{"embeddable":true,"href":"https:\/\/www.icesi.edu.co\/editorial\/wp-json\/wp\/v2\/media\/6700"}],"wp:attachment":[{"href":"https:\/\/www.icesi.edu.co\/editorial\/wp-json\/wp\/v2\/media?parent=6697"}],"wp:term":[{"taxonomy":"category","embeddable":true,"href":"https:\/\/www.icesi.edu.co\/editorial\/wp-json\/wp\/v2\/categories?post=6697"},{"taxonomy":"post_tag","embeddable":true,"href":"https:\/\/www.icesi.edu.co\/editorial\/wp-json\/wp\/v2\/tags?post=6697"}],"curies":[{"name":"wp","href":"https:\/\/api.w.org\/{rel}","templated":true}]}}