{"id":7057,"date":"2022-08-07T10:35:00","date_gmt":"2022-08-07T15:35:00","guid":{"rendered":"https:\/\/www.icesi.edu.co\/editorial\/?p=7057"},"modified":"2022-11-17T10:16:05","modified_gmt":"2022-11-17T15:16:05","slug":"medicion-evaluacion","status":"publish","type":"post","link":"https:\/\/www.icesi.edu.co\/editorial\/medicion-evaluacion\/","title":{"rendered":"Medici\u00f3n y evaluaci\u00f3n"},"content":{"rendered":"<div class=\"ead-preview\"><div class=\"ead-document\" style=\"position: relative;\"><div class=\"ead-iframe-wrapper\"><iframe src=\"\/\/docs.google.com\/viewer?url=https%3A%2F%2Flibros.univalle.edu.co%2Findex.php%2Fprogramaeditorial%2Fcatalog%2Fview%2F689%2F477%2F3002&amp;embedded=true&amp;hl=en\" title=\"Embedded Document\" class=\"ead-iframe\" style=\"width: 0px;height: 0px;border: none;visibility: hidden;\"><\/iframe><\/div>\t\t\t<div class=\"ead-document-loading\" style=\"width:100%;height:100%;position:absolute;left:0;top:0;z-index:10;\">\n\t\t\t\t<div class=\"ead-loading-wrap\">\n\t\t\t\t\t<div class=\"ead-loading-main\">\n\t\t\t\t\t\t<div class=\"ead-loading\">\n\t\t\t\t\t\t\t<img loading=\"lazy\" decoding=\"async\" src=\"https:\/\/www.icesi.edu.co\/editorial\/wp-content\/plugins\/embed-any-document\/images\/loading.svg\" width=\"55\" height=\"55\" alt=\"Loader\">\n\t\t\t\t\t\t\t<span>Loading...<\/span>\n\t\t\t\t\t\t<\/div>\n\t\t\t\t\t<\/div>\n\t\t\t\t\t<div class=\"ead-loading-foot\">\n\t\t\t\t\t\t<div class=\"ead-loading-foot-title\">\n\t\t\t\t\t\t\t<img loading=\"lazy\" decoding=\"async\" src=\"https:\/\/www.icesi.edu.co\/editorial\/wp-content\/plugins\/embed-any-document\/images\/EAD-logo.svg\" alt=\"EAD Logo\" width=\"36\" height=\"23\"\/>\n\t\t\t\t\t\t\t<span>Taking too long?<\/span>\n\t\t\t\t\t\t<\/div>\n\t\t\t\t\t\t<p>\n\t\t\t\t\t\t\t<div class=\"ead-document-btn ead-reload-btn\" role=\"button\">\n\t\t\t\t\t\t\t\t<img loading=\"lazy\" decoding=\"async\" src=\"https:\/\/www.icesi.edu.co\/editorial\/wp-content\/plugins\/embed-any-document\/images\/reload.svg\" alt=\"Reload\" width=\"12\" height=\"12\"\/> Reload document\t\t\t\t\t\t\t<\/div>\n\t\t\t\t\t\t\t<span>|<\/span>\n\t\t\t\t\t\t\t<a href=\"https:\/\/docs.google.com\/viewer?url=https%3A%2F%2Flibros.univalle.edu.co%2Findex.php%2Fprogramaeditorial%2Fcatalog%2Fview%2F689%2F477%2F3002&#038;hl=en\" class=\"ead-document-btn\" target=\"_blank\" rel=\"noopener\">\n\t\t\t\t\t\t\t\t<img loading=\"lazy\" decoding=\"async\" src=\"https:\/\/www.icesi.edu.co\/editorial\/wp-content\/plugins\/embed-any-document\/images\/open.svg\" alt=\"Open\" width=\"12\" height=\"12\"\/> Open in new tab\t\t\t\t\t\t\t<\/a>\n\t\t\t\t\t<\/div>\n\t\t\t\t<\/div>\n\t\t\t<\/div>\n\t\t<\/div><p class=\"embed_download\"><a href=\"https:\/\/libros.univalle.edu.co\/index.php\/programaeditorial\/catalog\/view\/689\/477\/3002\" download target=\"_blank\" rel=\"noopener\">Download\/Descargar <\/a><\/p><\/div>\n<strong>T\u00edtulo completo:<\/strong> Medici\u00f3n y evaluaci\u00f3n de la pol\u00edtica p\u00fablica de C&amp;CTI en el Valle del Cauca.<br \/>\n<strong>Autores:<\/strong> Jhon James Mora Rodr\u00edguez, Henry Caicedo Asprilla, Lya Paola Sierra, Pavel Vidal Alejandro, Juan Tomas Sayago, Jos\u00e9 Santiago Arroyo Mina, Juli\u00e1n Dur\u00e1n Peralta, Elizabeth Aponte Jaramillo, Paola Andrea Garizado Rom\u00e1n, Lilian Andrea Carrillo Rodr\u00edguez y Diana Yaneth Herrera Duque.<br \/>\n<strong>Editoriales:<\/strong> Universidad del Valle, Universidad Aut\u00f3noma de Occidente, Pontificia Universidad Javeriana y Universidad Icesi.<br \/>\n<strong>A\u00f1o de edici\u00f3n:<\/strong> 2022 | <strong>ISBN:<\/strong> 978-628-7523-99-9.<br \/>\n<span id=\"post-ratings-7057\" class=\"post-ratings\" data-nonce=\"5afe38e71c\"><img decoding=\"async\" id=\"rating_7057_1\" src=\"https:\/\/www.icesi.edu.co\/editorial\/wp-content\/plugins\/wp-postratings\/images\/stars_crystal\/rating_on.gif\" alt=\"1 estrella\" title=\"1 estrella\" onmouseover=\"current_rating(7057, 1, '1 estrella');\" onmouseout=\"ratings_off(5, 0, 0);\" onclick=\"rate_post();\" onkeypress=\"rate_post();\" style=\"cursor: pointer; border: 0px;\" \/><img decoding=\"async\" id=\"rating_7057_2\" src=\"https:\/\/www.icesi.edu.co\/editorial\/wp-content\/plugins\/wp-postratings\/images\/stars_crystal\/rating_on.gif\" alt=\"2 estrellas\" title=\"2 estrellas\" onmouseover=\"current_rating(7057, 2, '2 estrellas');\" onmouseout=\"ratings_off(5, 0, 0);\" onclick=\"rate_post();\" onkeypress=\"rate_post();\" style=\"cursor: pointer; border: 0px;\" \/><img decoding=\"async\" id=\"rating_7057_3\" src=\"https:\/\/www.icesi.edu.co\/editorial\/wp-content\/plugins\/wp-postratings\/images\/stars_crystal\/rating_on.gif\" alt=\"3 estrellas\" title=\"3 estrellas\" onmouseover=\"current_rating(7057, 3, '3 estrellas');\" onmouseout=\"ratings_off(5, 0, 0);\" onclick=\"rate_post();\" onkeypress=\"rate_post();\" style=\"cursor: pointer; border: 0px;\" \/><img decoding=\"async\" id=\"rating_7057_4\" src=\"https:\/\/www.icesi.edu.co\/editorial\/wp-content\/plugins\/wp-postratings\/images\/stars_crystal\/rating_on.gif\" alt=\"4 estrellas\" title=\"4 estrellas\" onmouseover=\"current_rating(7057, 4, '4 estrellas');\" onmouseout=\"ratings_off(5, 0, 0);\" onclick=\"rate_post();\" onkeypress=\"rate_post();\" style=\"cursor: pointer; border: 0px;\" \/><img decoding=\"async\" id=\"rating_7057_5\" src=\"https:\/\/www.icesi.edu.co\/editorial\/wp-content\/plugins\/wp-postratings\/images\/stars_crystal\/rating_on.gif\" alt=\"5 estrellas\" title=\"5 estrellas\" onmouseover=\"current_rating(7057, 5, '5 estrellas');\" onmouseout=\"ratings_off(5, 0, 0);\" onclick=\"rate_post();\" onkeypress=\"rate_post();\" style=\"cursor: pointer; border: 0px;\" \/> (<strong>2<\/strong> votos, promedio: <strong>5,00<\/strong> sobre 5)<br \/><span class=\"post-ratings-text\" id=\"ratings_7057_text\"><\/span><\/span><span id=\"post-ratings-7057-loading\" class=\"post-ratings-loading\"><img loading=\"lazy\" decoding=\"async\" src=\"https:\/\/www.icesi.edu.co\/editorial\/wp-content\/plugins\/wp-postratings\/images\/loading.gif\" width=\"16\" height=\"16\" class=\"post-ratings-image\" \/>Loading...<\/span>\n<script type=\"text\/javascript\" src=\"\/\/cdn.plu.mx\/widget-popup.js\"><\/script><a href=\"https:\/\/plu.mx\/plum\/a\/?doi=10.25100\/peu.689\" data-popup=\"right\" data-size=\"large\" class=\"plumx-plum-print-popup\" data-site=\"plum\" data-hide-when-empty=\"true\" data-lang=\"es\" target=\"_blank\" rel=\"noopener\">Medici\u00f3n y evaluaci\u00f3n de la pol\u00edtica p\u00fablica de C&amp;CTI en el Valle del Cauca<\/a><br \/>\n<div class=\"osc-res-tab tabbable   osc-tabs-left\"><div style=\"clear:both;width: 100%;\"><ul class=\"nav osc-res-nav nav-pills osc-tabs-left-ul\" id=\"oscitas-restabs-1-medicion-evaluacion-74679\"><li class=\"active\"><a href=\"#ert_pane1-0\" data-toggle=\"tab\">Descripci\u00f3n<\/a><\/li><li class=\"\"><a href=\"#ert_pane1-1\" data-toggle=\"tab\">Contenido<\/a><\/li><li class=\"\"><a href=\"#ert_pane1-2\" data-toggle=\"tab\">Autor(es)<\/a><\/li><li class=\"\"><a href=\"#ert_pane1-3\" data-toggle=\"tab\">Catalogaci\u00f3n<\/a><\/li><\/ul><\/div><div style=\"clear:both;width: 100%;\"><ul class=\"tab-content\" id=\"oscitas-restabcontent-1-medicion-evaluacion-74679\"><li class=\"tab-pane active\" id=\"ert_pane1-0\"><p style=\"text-align: justify;\">Este libro tiene por objeto analizar las pol\u00edticas, los planes y los programas implementados en el Valle del Cauca y los municipios de Cali, Buenaventura y Tulu\u00e1 en las \u00faltimas dos d\u00e9cadas, con el fin de afianzar el Sistema de Competitividad, Ciencia, Tecnolog\u00eda e Innovaci\u00f3n (C&amp;CTI). En ese sentido, se presentan y analizan casos exitosos a nivel nacional. A nivel departamental y municipal se identifican iniciativas, acciones y\/o proyectos en ejecuci\u00f3n en el marco CTeI, luego se identifican los planes y programas de C&amp;CTI, para finalmente articularlos entre el departamento y los municipios. En general, se evidencian esfuerzos realizados por los actores involucrados para transformar, replantear, articular y mejorar el dise\u00f1o y ejecuci\u00f3n de las pol\u00edticas p\u00fablicas de C&amp;CTI. No obstante, existen m\u00faltiples retos en t\u00e9rminos de apropiaci\u00f3n, impacto y eficiencia de las mismas. Se resalta que las pol\u00edticas, planes y programas identificados apuntan al fomento de las apuestas productivas, promoviendo la consolidaci\u00f3n de una cultura cient\u00edfica e innovadora para el desarrollo y la competitividad en el Valle del Cauca.<\/p>\n<p style=\"text-align: justify;\"><strong>C\u00f3mo citar (APA):<\/strong> Mora Rodr\u00edguez, J.J.; Caicedo Asprilla, H.; Sierra, L.P.; Vidal Alejandro, P.; Sayago, J.T.; Arroyo Mina, J.S.; Dur\u00e1n Peralta, J.; Aponte Jaramillo, E.; Garizado Rom\u00e1n, P.A.; Carrillo Rodr\u00edguez, L.A.; Herrera Duque, D.Y. (2022). <i>Medici\u00f3n y evaluaci\u00f3n de la pol\u00edtica p\u00fablica de C&amp;CTI en el Valle del Cauca<\/i>. Cali: Universidad del Valle, Universidad Aut\u00f3noma de Occidente, Pontificia Universidad Javeriana y Universidad Icesi. DOI: <a href=\"https:\/\/doi.org\/10.25100\/peu.689\" target=\"_blank\" rel=\"noopener noreferrer\">https:\/\/doi.org\/10.25100\/peu.689<\/a><\/p><\/li><li class=\"tab-pane \" id=\"ert_pane1-1\"><strong>Tabla de contenido:<\/strong><\/p>\n<p><strong>1 \/  An\u00e1lisis cualitativo del SC&amp;CTI y la pol\u00edtica p\u00fablica de C&amp;CTI del Valle del Cauca<\/strong><br \/>\n<i>Jhon James Mora Rodr\u00edguez, Juan Tomas Sayago, Paola Andrea Garizado Rom\u00e1n, Juli\u00e1n Dur\u00e1n Peralta, Elizabeth Aponte Jaramillo, Lilian Andrea Carrillo Rodr\u00edguez y Diana Yaneth Herrera Duque<\/i><\/p>\n<p><strong>2 \/ An\u00e1lisis de la percepci\u00f3n sobre el SC&amp;CTI del departamento del Valle del Cauca<\/strong><br \/>\n<i>Lya Paola Sierra, Jhon James Mora Rodr\u00edguez, Henry Caicedo Asprilla, Pavel Vidal Alejandro, Juan Tomas Sayago, Paola Andrea Garizado Rom\u00e1n, Juli\u00e1n Dur\u00e1n Peralta, Elizabeth Aponte Jaramillo, Lilian Andrea Carrillo Rodr\u00edguez y Diana Yaneth Herrera Duque<\/i><\/p>\n<p><strong>3 \/ Evaluaci\u00f3n de la pol\u00edtica p\u00fablica de C&amp;CTII del Valle del Cauca<\/strong><br \/>\n<i>Jhon James Mora Rodr\u00edguez, Juan Tomas Sayago<\/i><\/p>\n<p>Conclusiones y recomendaciones sobre la pol\u00edtica de C&amp;CTI para el departamento del Valle del Cauca y propuesta metodol\u00f3gica para la construcci\u00f3n de herramientas de seguimiento a la pol\u00edtica de C&amp;CTI en el departamento del Valle del Cauca<br \/>\n<i>Lya Paola Sierra, Jhon James Mora Rodr\u00edguez, Pavel Vidal Alejandro, Juan Tomas Sayago, Jos\u00e9 Santiago Arroyo Mina, Paola Andrea Garizado Rom\u00e1n, Juli\u00e1n Dur\u00e1n Peralta, Elizabeth Aponte Jaramillo, Lilian Andrea Carrillo Rodr\u00edguez y Diana Yaneth Herrera<\/i><\/p>\n<p>Referencias bibliogr\u00e1ficas<br \/>\nAnexos<br \/>\nAutores<br \/><\/li><li class=\"tab-pane \" id=\"ert_pane1-2\"><ul>\n<li style=\"text-align: justify;\"><b>Jhon James Mora Rodr\u00edguez<\/b>, Universidad Icesi (Cali, Colombia)<\/li>\n<li style=\"text-align: justify;\"><b>Henry Caicedo Asprilla<\/b>, Universidad del Valle (Cali, Colombia)<\/li>\n<li style=\"text-align: justify;\"><b>Lya Paola Sierra<\/b>, Pontificia Universidad Javeriana (Cali, Colombia)<\/li>\n<li style=\"text-align: justify;\"><b>Pavel Vidal Alejandro<\/b>, Pontificia Universidad Javeriana (Cali, Colombia)<\/li>\n<li style=\"text-align: justify;\"><b>Juan Tomas Sayago<\/b>, Universidad Icesi (Cali, Colombia)<\/li>\n<li style=\"text-align: justify;\"><b>Jos\u00e9 Santiago Arroyo Mina<\/b>, Universidad del Valle (Cali, Colombia)<\/li>\n<li style=\"text-align: justify;\"><b>Juli\u00e1n Dur\u00e1n Peralta<\/b>, Universidad Santiago de Cali (Colombia)<\/li>\n<li style=\"text-align: justify;\"><b>Elizabeth Aponte Jaramillo<\/b>, Universidad Aut\u00f3noma de Occidente (Cali, Colombia)<\/li>\n<li style=\"text-align: justify;\"><b>Paola Andrea Garizado Rom\u00e1n<\/b>, Universidad Aut\u00f3noma de Occidente (Cali, Colombia)<\/li>\n<li style=\"text-align: justify;\"><b>Lilian Andrea Carrillo Rodr\u00edguez<\/b>, Universidad Aut\u00f3noma de Occidente (Cali, Colombia)<\/li>\n<li style=\"text-align: justify;\"><b>Diana Yaneth Herrera Duque<\/b>, Universidad Icesi (Cali, Colombia)<\/li>\n<\/ul><\/li><li class=\"tab-pane \" id=\"ert_pane1-3\"><table>\n<tbody>\n<tr class=\"first odd\">\n<th width=\"150\">\n<p style=\"text-align: left;\">T\u00edtulo (ingl\u00e9s):<\/p>\n<\/th>\n<td class=\"data last\">Measurement and evaluation of the C&amp;CTI public policy in Valle del Cauca.<\/td>\n<\/tr>\n<tr class=\"even\">\n<th>\n<p style=\"text-align: left;\">DOI\/URL:<\/p>\n<\/th>\n<td class=\"data last\"><a href=\"https:\/\/doi.org\/10.25100\/peu.689\" target=\"_blank\" rel=\"noopener\">https:\/\/doi.org\/10.25100\/peu.689<\/a><\/td>\n<\/tr>\n<tr class=\"odd\">\n<th>\n<p style=\"text-align: left;\">Editorial(es):<\/p>\n<\/th>\n<td class=\"data last\">Universidad del Valle, Universidad Aut\u00f3noma de Occidente, Pontificia Universidad Javeriana y Universidad Icesi.<\/td>\n<\/tr>\n<tr class=\"even\">\n<th>\n<p style=\"text-align: left;\">Autor(es):<\/p>\n<\/th>\n<td class=\"data last\">Jhon James Mora Rodr\u00edguez, Henry Caicedo Asprilla, Lya Paola Sierra, Pavel Vidal Alejandro, Juan Tomas Sayago, Jos\u00e9 Santiago Arroyo Mina, Juli\u00e1n Dur\u00e1n Peralta, Elizabeth Aponte Jaramillo, Paola Andrea Garizado Rom\u00e1n, Lilian Andrea Carrillo Rodr\u00edguez y Diana Yaneth Herrera Duque.<\/td>\n<\/tr>\n<tr class=\"odd\">\n<th>\n<p style=\"text-align: left;\">Palabras clave:<\/p>\n<\/th>\n<td class=\"data last\">Pol\u00edticas p\u00fablicas, Administraci\u00f3n del conocimiento, Evaluaci\u00f3n, Ciencia y Tecnolog\u00eda, Valle del Cauca (Colombia).<\/td>\n<\/tr>\n<tr class=\"even\">\n<th>\n<p style=\"text-align: left;\">ISBN:<\/p>\n<\/th>\n<td class=\"data last\">978-628-7523-99-9.<\/td>\n<\/tr>\n<tr class=\"odd\">\n<th>\n<p style=\"text-align: left;\">Fecha de edici\u00f3n:<\/p>\n<\/th>\n<td class=\"data last\">Agosto de 2022.<\/td>\n<\/tr>\n<tr class=\"even\">\n<th>\n<p style=\"text-align: left;\">No. de p\u00e1ginas:<\/p>\n<\/th>\n<td class=\"data last\">107.<\/td>\n<\/tr>\n<tr class=\"odd\">\n<th>\n<p style=\"text-align: left;\">Idioma(s):<\/p>\n<\/th>\n<td class=\"data last\">Espa\u00f1ol.<\/td>\n<\/tr>\n<tr class=\"even\">\n<th>\n<p style=\"text-align: left;\">Formatos:<\/p>\n<\/th>\n<td class=\"data last\">Libro electr\u00f3nico (PDF).<\/td>\n<\/tr>\n<tr class=\"odd\">\n<th>\n<p style=\"text-align: left;\">Alto x ancho:<\/p>\n<\/th>\n<td class=\"data last\">28 x 21,6 cm.<\/td>\n<\/tr>\n<tr class=\"even\">\n<th>\n<p style=\"text-align: left;\">Colecci\u00f3n:<\/p>\n<\/th>\n<td class=\"data last\">Un Valle del conocimiento.<\/td>\n<\/tr>\n<tr class=\"odd\">\n<th>\n<p style=\"text-align: left;\">Producto:<\/p>\n<\/th>\n<td class=\"data last\">Libro de investigaci\u00f3n.<\/td>\n<\/tr>\n<tr class=\"even\">\n<th>\n<p style=\"text-align: left;\">Observaciones:<\/p>\n<\/th>\n<td class=\"data last\">Incluye referencias bibliogr\u00e1ficas.<\/td>\n<\/tr>\n<tr class=\"last odd\">\n<th>\n<p style=\"text-align: left;\">Registro DSpace:<\/p>\n<\/th>\n<td class=\"data last\"><a href=\"https:\/\/doi.org\/10.25100\/peu.689\" target=\"_blank\" rel=\"noopener noreferrer\"><img loading=\"lazy\" decoding=\"async\" class=\"alignnone size-full wp-image-1012\" src=\"http:\/\/www.icesi.edu.co\/editorial\/wp-content\/uploads\/2016\/04\/downloadIcon-e1460499009176.png\" alt=\"Icono de Repositorio - Contenido en la Nube\" width=\"25\" height=\"25\"><\/a><\/td>\n<\/tr>\n<\/tbody>\n<\/table><\/li><\/ul><\/div><\/div>\n","protected":false},"excerpt":{"rendered":"<p>T\u00edtulo completo: Medici\u00f3n y evaluaci\u00f3n de la pol\u00edtica p\u00fablica de C&amp;CTI en el Valle del Cauca. Autores: Jhon James Mora Rodr\u00edguez, Henry Caicedo Asprilla, Lya Paola Sierra, Pavel Vidal Alejandro, Juan Tomas Sayago, Jos\u00e9 Santiago Arroyo Mina, Juli\u00e1n Dur\u00e1n Peralta, Elizabeth Aponte Jaramillo, Paola Andrea Garizado Rom\u00e1n, Lilian Andrea Carrillo Rodr\u00edguez y Diana Yaneth Herrera [&hellip;]<\/p>\n","protected":false},"author":3,"featured_media":7029,"comment_status":"closed","ping_status":"closed","sticky":false,"template":"","format":"standard","meta":{"footnotes":""},"categories":[372],"tags":[79,80,92,129,274,338,373,465,516,679,795,830],"class_list":["post-7057","post","type-post","status-publish","format-standard","has-post-thumbnail","hentry","category-coediciones","tag-ciencia","tag-tecnologia","tag-politicas-publicas","tag-valle-del-cauca-colombia","tag-libro-de-investigacion","tag-pontificia-universidad-javeriana-sede-cali","tag-universidad-del-valle","tag-descarga-gratuita","tag-universidad-autonoma-de-occidente","tag-gestion-del-conocimiento","tag-795","tag-un-valle-del-conocimiento"],"_links":{"self":[{"href":"https:\/\/www.icesi.edu.co\/editorial\/wp-json\/wp\/v2\/posts\/7057","targetHints":{"allow":["GET"]}}],"collection":[{"href":"https:\/\/www.icesi.edu.co\/editorial\/wp-json\/wp\/v2\/posts"}],"about":[{"href":"https:\/\/www.icesi.edu.co\/editorial\/wp-json\/wp\/v2\/types\/post"}],"author":[{"embeddable":true,"href":"https:\/\/www.icesi.edu.co\/editorial\/wp-json\/wp\/v2\/users\/3"}],"replies":[{"embeddable":true,"href":"https:\/\/www.icesi.edu.co\/editorial\/wp-json\/wp\/v2\/comments?post=7057"}],"version-history":[{"count":5,"href":"https:\/\/www.icesi.edu.co\/editorial\/wp-json\/wp\/v2\/posts\/7057\/revisions"}],"predecessor-version":[{"id":7070,"href":"https:\/\/www.icesi.edu.co\/editorial\/wp-json\/wp\/v2\/posts\/7057\/revisions\/7070"}],"wp:featuredmedia":[{"embeddable":true,"href":"https:\/\/www.icesi.edu.co\/editorial\/wp-json\/wp\/v2\/media\/7029"}],"wp:attachment":[{"href":"https:\/\/www.icesi.edu.co\/editorial\/wp-json\/wp\/v2\/media?parent=7057"}],"wp:term":[{"taxonomy":"category","embeddable":true,"href":"https:\/\/www.icesi.edu.co\/editorial\/wp-json\/wp\/v2\/categories?post=7057"},{"taxonomy":"post_tag","embeddable":true,"href":"https:\/\/www.icesi.edu.co\/editorial\/wp-json\/wp\/v2\/tags?post=7057"}],"curies":[{"name":"wp","href":"https:\/\/api.w.org\/{rel}","templated":true}]}}