{"id":7146,"date":"2023-03-05T14:03:00","date_gmt":"2023-03-05T19:03:00","guid":{"rendered":"https:\/\/www.icesi.edu.co\/editorial\/?p=7146"},"modified":"2025-11-05T15:41:43","modified_gmt":"2025-11-05T20:41:43","slug":"mujeres-buen-vivir","status":"publish","type":"post","link":"https:\/\/www.icesi.edu.co\/editorial\/mujeres-buen-vivir\/","title":{"rendered":"Mujeres por el buen vivir"},"content":{"rendered":"<div class=\"ead-preview\"><div class=\"ead-document\" style=\"position: relative;\"><div class=\"ead-iframe-wrapper\"><iframe src=\"\/\/docs.google.com\/viewer?url=https%3A%2F%2Frepository.icesi.edu.co%2Fbitstreams%2F746311e0-3010-4cde-9ef2-341a39f4a3a4%2Fdownload&amp;embedded=true&amp;hl=en\" title=\"Embedded Document\" class=\"ead-iframe\" style=\"width: 0px;height: 0px;border: none;visibility: hidden;\"><\/iframe><\/div>\t\t\t<div class=\"ead-document-loading\" style=\"width:100%;height:100%;position:absolute;left:0;top:0;z-index:10;\">\n\t\t\t\t<div class=\"ead-loading-wrap\">\n\t\t\t\t\t<div class=\"ead-loading-main\">\n\t\t\t\t\t\t<div class=\"ead-loading\">\n\t\t\t\t\t\t\t<img loading=\"lazy\" decoding=\"async\" src=\"https:\/\/www.icesi.edu.co\/editorial\/wp-content\/plugins\/embed-any-document\/images\/loading.svg\" width=\"55\" height=\"55\" alt=\"Loader\">\n\t\t\t\t\t\t\t<span>Loading...<\/span>\n\t\t\t\t\t\t<\/div>\n\t\t\t\t\t<\/div>\n\t\t\t\t\t<div class=\"ead-loading-foot\">\n\t\t\t\t\t\t<div class=\"ead-loading-foot-title\">\n\t\t\t\t\t\t\t<img loading=\"lazy\" decoding=\"async\" src=\"https:\/\/www.icesi.edu.co\/editorial\/wp-content\/plugins\/embed-any-document\/images\/EAD-logo.svg\" alt=\"EAD Logo\" width=\"36\" height=\"23\"\/>\n\t\t\t\t\t\t\t<span>Taking too long?<\/span>\n\t\t\t\t\t\t<\/div>\n\t\t\t\t\t\t<p>\n\t\t\t\t\t\t\t<div class=\"ead-document-btn ead-reload-btn\" role=\"button\">\n\t\t\t\t\t\t\t\t<img loading=\"lazy\" decoding=\"async\" src=\"https:\/\/www.icesi.edu.co\/editorial\/wp-content\/plugins\/embed-any-document\/images\/reload.svg\" alt=\"Reload\" width=\"12\" height=\"12\"\/> Reload document\t\t\t\t\t\t\t<\/div>\n\t\t\t\t\t\t\t<span>|<\/span>\n\t\t\t\t\t\t\t<a href=\"https:\/\/docs.google.com\/viewer?url=https%3A%2F%2Frepository.icesi.edu.co%2Fbitstreams%2F746311e0-3010-4cde-9ef2-341a39f4a3a4%2Fdownload&#038;hl=en\" class=\"ead-document-btn\" target=\"_blank\" rel=\"noopener\">\n\t\t\t\t\t\t\t\t<img loading=\"lazy\" decoding=\"async\" src=\"https:\/\/www.icesi.edu.co\/editorial\/wp-content\/plugins\/embed-any-document\/images\/open.svg\" alt=\"Open\" width=\"12\" height=\"12\"\/> Open in new tab\t\t\t\t\t\t\t<\/a>\n\t\t\t\t\t<\/div>\n\t\t\t\t<\/div>\n\t\t\t<\/div>\n\t\t<\/div><p class=\"embed_download\"><a href=\"https:\/\/repository.icesi.edu.co\/bitstreams\/746311e0-3010-4cde-9ef2-341a39f4a3a4\/download\" download target=\"_blank\" rel=\"noopener\">Download\/Descargar <\/a><\/p><\/div>\n<strong>T\u00edtulo completo:<\/strong> Mujeres por el buen vivir. Relatos de liderazgos en el Norte del Cauca.<br \/>\n<strong>Colecci\u00f3n:<\/strong> \u201c\u2026a conocer el hielo\u201d | <strong>N\u00famero:<\/strong> 14.<br \/>\n<strong>Compiladoras:<\/strong> Isabel Giraldo Quijano, Mar\u00eda Camila Franco Salazar, Dielina Isabel Palomino Casta\u00f1o, Diana Sof\u00eda Falla, Fanny Andrea Guerrero Aponte y Claudia D\u00e1vila Santacruz.<br \/>\n<strong>Autoras:<\/strong> Ana Justina Caicedo Sol\u00eds, Ana Leticia Carabal\u00ed, Ana Melissa Agudelo Zapata, Ana Yeins Ramos Navas, \u00c1ngela Mar\u00eda Imues, Ang\u00e9lica Mar\u00eda Lasso Monta\u00f1o, Aurora Taquin\u00e1s Campo, Avigail Ul, Bertha Cecilia Rivera, Carolina Rivillas Imbachi, Cindy Yuliana Valencia Carabal\u00ed, Clara \u00c1vila Pe\u00f1a, Claudia Lorena Ambuila Rivera, Claudia Patricia Dagua, Cruz Oliva Bonilla, Damaris Rivera \u00c1lvarez, Daniela Noscu\u00e9, Denise Fajardo, Dora Nelly Angola, Driana Patricia Gonz\u00e1lez, Elizabeth Mill\u00e1n, Elvira Tovar, Emma Gladys Castro, Enith Aguilar, Flor Mary Carabal\u00ed D\u00edaz, Francia Mu\u00f1oz, Gloria Amparo Largo, Heidy Lorena Pop\u00f3 Tobar, Irene Tenorio, Janeth Cobo Quesada, Jineth Meivis Casso Piamba, Johublith Paola Pe\u00f1a Trivi\u00f1o, Katherine Balanta, Kelly Marian Am\u00fa Caicedo, Laura \u00c1ngel L\u00f3pez Villa, Leidy Roc\u00edo Fern\u00e1ndez, Lida Eugenia Ben\u00edtez, Liliana Largo Canas, Lina Fernanda Pe\u00f1a Campo, Lina Marcela Mosquera Tobar, Lina Marcela Vivas Arango, Lina Mar\u00eda Mart\u00ednez Morales, Lina Sof\u00eda Calamb\u00e1s, Lina Sof\u00eda Vi\u00e1fara, Lucelly Carabali Berm\u00fadez, Lucrecia Ilamo Quiguan\u00e1s, Luisa Mar\u00eda Velasco Mart\u00ednez, Luz Alvenis Rivera G\u00f3mez, Luz \u00c1ngela Tocon\u00e1s, Luz Dary Moreno, Luz Karime Correa Zapata, Luz Stella Palacio Gonz\u00e1lez, Marcela del Pilar Ortiz Gonzal\u00edas, Margarita Vergara Sarria, Mar\u00eda Alejandra Rodr\u00edguez, Mar\u00eda Asceneth P\u00e9rez Pe\u00f1a, Mar\u00eda de los \u00c1ngeles Osnas Fern\u00e1ndez, Mar\u00eda del Pilar Catacol\u00ed V\u00e1squez, Mar\u00eda del Pilar Ordo\u00f1ez, Mar\u00eda Elisa Gonz\u00e1lez, Mar\u00eda Elsa Zapata D\u00edaz, Mar\u00eda Eugenia Rojas, Mar\u00eda Fernanda Banguero Ortiz, Mar\u00eda Gricelda Campo, Mar\u00eda Lenis Popay\u00e1n, Mar\u00eda Magdalena Puni Bomba, Mar\u00eda Rosario Cort\u00e9s Medina, Mar\u00eda Teresa Mej\u00eda, Mar\u00eda Teresa Torres, Mar\u00eda Yaneth Pe\u00f1a Chocu\u00e9, Mariluz Rodr\u00edguez Dussan, Martha Adriana Lasso, Martha Luc\u00eda Flor Dagua, Mayra Alejandra Obreg\u00f3n Ocor\u00f3, Mayra Alexandra Moreno Hurtado, Meira Esther Ojeda Mart\u00ednez, Nancy Narv\u00e1ez, Nelly Pavi Trochez, Nohem\u00ed Lasso Berm\u00fades, Omaira Fern\u00e1ndez Rivera, Paula Andrea Castro Parra, Rosi Albani P\u00e9rez Belalc\u00e1zar, Sandra Lorena Paz, Sandra Patricia Arag\u00f3n, Sandra Patricia Cantero, Sandra Patricia Mancilla, Shirley Ram\u00edrez Taborda, Sonia Amparo Muelas Causay\u00e1, Valentina D\u00edaz Gonz\u00e1lez, Viviana Balanta Agrono, Yajaira Mina Sandoval, Yamilet V\u00e1squez, Yaneth Ximena P\u00e9rez Cer\u00f3n, Yani Andrea Mina Monta\u00f1o, Yexiree Dayana Alvarado Mendoza, Yineth Balanta Mina, Yudy Zuleima Corpus, Yury Fernanda Trochez Orozco y Zulma Hurtado Ibarbo.<br \/>\n<strong>Editorial:<\/strong> Universidad Icesi.<br \/>\n<strong>A\u00f1o de edici\u00f3n:<\/strong> 2023 | <strong>ISBN:<\/strong> 978-628-7630-04-8.<br \/>\n<span id=\"post-ratings-7146\" class=\"post-ratings\" data-nonce=\"79d32dc801\"><img decoding=\"async\" id=\"rating_7146_1\" src=\"https:\/\/www.icesi.edu.co\/editorial\/wp-content\/plugins\/wp-postratings\/images\/stars_crystal\/rating_on.gif\" alt=\"1 estrella\" title=\"1 estrella\" onmouseover=\"current_rating(7146, 1, '1 estrella');\" onmouseout=\"ratings_off(4.9, 5, 0);\" onclick=\"rate_post();\" onkeypress=\"rate_post();\" style=\"cursor: pointer; border: 0px;\" \/><img decoding=\"async\" id=\"rating_7146_2\" src=\"https:\/\/www.icesi.edu.co\/editorial\/wp-content\/plugins\/wp-postratings\/images\/stars_crystal\/rating_on.gif\" alt=\"2 estrellas\" title=\"2 estrellas\" onmouseover=\"current_rating(7146, 2, '2 estrellas');\" onmouseout=\"ratings_off(4.9, 5, 0);\" onclick=\"rate_post();\" onkeypress=\"rate_post();\" style=\"cursor: pointer; border: 0px;\" \/><img decoding=\"async\" id=\"rating_7146_3\" src=\"https:\/\/www.icesi.edu.co\/editorial\/wp-content\/plugins\/wp-postratings\/images\/stars_crystal\/rating_on.gif\" alt=\"3 estrellas\" title=\"3 estrellas\" onmouseover=\"current_rating(7146, 3, '3 estrellas');\" onmouseout=\"ratings_off(4.9, 5, 0);\" onclick=\"rate_post();\" onkeypress=\"rate_post();\" style=\"cursor: pointer; border: 0px;\" \/><img decoding=\"async\" id=\"rating_7146_4\" src=\"https:\/\/www.icesi.edu.co\/editorial\/wp-content\/plugins\/wp-postratings\/images\/stars_crystal\/rating_on.gif\" alt=\"4 estrellas\" title=\"4 estrellas\" onmouseover=\"current_rating(7146, 4, '4 estrellas');\" onmouseout=\"ratings_off(4.9, 5, 0);\" onclick=\"rate_post();\" onkeypress=\"rate_post();\" style=\"cursor: pointer; border: 0px;\" \/><img decoding=\"async\" id=\"rating_7146_5\" src=\"https:\/\/www.icesi.edu.co\/editorial\/wp-content\/plugins\/wp-postratings\/images\/stars_crystal\/rating_half.gif\" alt=\"5 estrellas\" title=\"5 estrellas\" onmouseover=\"current_rating(7146, 5, '5 estrellas');\" onmouseout=\"ratings_off(4.9, 5, 0);\" onclick=\"rate_post();\" onkeypress=\"rate_post();\" style=\"cursor: pointer; border: 0px;\" \/> (<strong>18<\/strong> votos, promedio: <strong>4,94<\/strong> sobre 5)<br \/><span class=\"post-ratings-text\" id=\"ratings_7146_text\"><\/span><\/span><span id=\"post-ratings-7146-loading\" class=\"post-ratings-loading\"><img loading=\"lazy\" decoding=\"async\" src=\"https:\/\/www.icesi.edu.co\/editorial\/wp-content\/plugins\/wp-postratings\/images\/loading.gif\" width=\"16\" height=\"16\" class=\"post-ratings-image\" \/>Loading...<\/span>\n<script type=\"text\/javascript\" src=\"\/\/cdn.plu.mx\/widget-popup.js\"><\/script><a href=\"https:\/\/plu.mx\/plum\/a\/?doi=10.18046\/EUI\/aceh.14.2023\" data-popup=\"right\" data-size=\"large\" class=\"plumx-plum-print-popup\" data-site=\"plum\" data-hide-when-empty=\"true\" data-lang=\"es\" target=\"_blank\" rel=\"noopener\">Mujeres por el buen vivir. Relatos de liderazgos en el Norte del Cauca<\/a><br \/>\n<div class=\"osc-res-tab tabbable   osc-tabs-left\"><div style=\"clear:both;width: 100%;\"><ul class=\"nav osc-res-nav nav-pills osc-tabs-left-ul\" id=\"oscitas-restabs-1-mujeres-buen-vivir-54610\"><li class=\"active\"><a href=\"#ert_pane1-0\" data-toggle=\"tab\">Descripci\u00f3n<\/a><\/li><li class=\"\"><a href=\"#ert_pane1-1\" data-toggle=\"tab\">Contenido<\/a><\/li><li class=\"\"><a href=\"#ert_pane1-2\" data-toggle=\"tab\">Autoras<\/a><\/li><li class=\"\"><a href=\"#ert_pane1-3\" data-toggle=\"tab\">Catalogaci\u00f3n<\/a><\/li><\/ul><\/div><div style=\"clear:both;width: 100%;\"><ul class=\"tab-content\" id=\"oscitas-restabcontent-1-mujeres-buen-vivir-54610\"><li class=\"tab-pane active\" id=\"ert_pane1-0\"><p style=\"text-align: justify;\">Este libro es la vida. Sus p\u00e1ginas son la vida misma. Y pude sentir la vida cuando escuch\u00e9 a estas mujeres hablar de sus territorios. Sent\u00ed la vida cuando las estudiantes de Icesi las ve\u00edan cantar admiradas, felices. Sent\u00ed la vida cuando reconoc\u00ed a la fuerza de la tierra en el abrazo que las un\u00eda al celebrar un momento de dicha. Este libro se trata de la vida. De la vida de ellas. De la potencia de las vidas que, lejanas de los estruendos de las luces, se construyen todos los d\u00edas [Lina Buchely].<\/p>\n<p style=\"text-align: justify;\"><strong>C\u00f3mo citar (APA): <\/strong>Giraldo Quijano, I.; Franco Salazar, M.C.; Palomino Casta\u00f1o, D.I.; Falla, D.S.; Guerrero Aponte, F.A.; y D\u00e1vila Santacruz, C. (comp.) (2023). <i>Mujeres por el buen vivir. Relatos de liderazgos en el Norte del Cauca<\/i>. Cali: Editorial Universidad Icesi. DOI: <a href=\"https:\/\/doi.org\/10.18046\/EUI\/aceh.14.2023\" target=\"_blank\" rel=\"noopener noreferrer\">https:\/\/doi.org\/10.18046\/EUI\/aceh.14.2023<\/a><\/p><\/li><li class=\"tab-pane \" id=\"ert_pane1-1\"><strong>Tabla de contenido:<\/strong><\/p>\n<p>Pr\u00f3logo<br \/>\n<i>Lina Buchely<\/i><\/p>\n<p>Presentaci\u00f3n<br \/>\n<i>Isabel Giraldo Quijano<\/i><\/p>\n<p><strong>1 \/ Ana la so\u00f1adora<\/strong><br \/>\n<i>Ana Justina Caicedo Sol\u00eds<\/i><\/p>\n<p><strong>2 \/ El renacimiento de una mujer orgullosamente campesina<\/strong><br \/>\n<i>Ana Leticia Carabal\u00ed<\/i><\/p>\n<p><strong>3 \/ I\u00b4kwe\u00b4sh: usted<\/strong><br \/>\n<i>Ana Melissa Agudelo Zapata<\/i><\/p>\n<p><strong>4 \/ Un relato sobre Raquel Gonz\u00e1les<\/strong><br \/>\n<i>Ana Yeins Ramos Navas<\/i><\/p>\n<p><strong>5 \/ Soy una mujer en permanente construcci\u00f3n<\/strong><br \/>\n<i>\u00c1ngela Mar\u00eda Imues<\/i><\/p>\n<p><strong>6 \/ Mi pasi\u00f3n en quinientas palabras<\/strong><br \/>\n<i>Ang\u00e9lica Mar\u00eda Lasso Monta\u00f1o<\/i><\/p>\n<p><strong>7 \/ La flor empoderada<\/strong><br \/>\n<i>Aurora Taquin\u00e1s Campo<\/i><\/p>\n<p><strong>8 \/ Mi paso por la universidad de la vida<\/strong><br \/>\n<i>Avigail Ul<\/i><\/p>\n<p><strong>9 \/ Como la luna que brilla en medio de la oscuridad<\/strong><br \/>\n<i>Bertha Cecilia Rivera<\/i><\/p>\n<p><strong>10 \/ Agradecida con la vida, que me ha dado tanto<\/strong><br \/>\n<i>Carolina Rivillas Imbachi<\/i><\/p>\n<p><strong>11 \/ Mi vida en un relato<\/strong><br \/>\n<i>Cindy Yuliana Valencia Carabal\u00ed<\/i><\/p>\n<p><strong>12 \/ Mi camino de vida<\/strong><br \/>\n<i>Clara \u00c1vila Pe\u00f1a<\/i><\/p>\n<p><strong>13 \/ Una nueva historia se empez\u00f3 a trazar<\/strong><br \/>\n<i>Claudia Lorena Ambuila Rivera<\/i><\/p>\n<p><strong>14 \/ Renace una esperanza en m\u00ed<\/strong><br \/>\n<i>Claudia Patricia Dagua<\/i><\/p>\n<p><strong>15 \/ Una luz entre tanta oscuridad de mi amada Colombia<\/strong><br \/>\n<i>Cruz Oliva Bonilla<\/i><\/p>\n<p><strong>16 \/ Mujeres al poder y la reivindicaci\u00f3n<\/strong><br \/>\n<i>Damaris Rivera \u00c1lvarez<\/i><\/p>\n<p><strong>17 \/ \u00abSi hablamos nos matan, si callamos tambi\u00e9n, entonces hablemos\u00bb<\/strong><br \/>\n<i>Daniela Noscu\u00e9<\/i><\/p>\n<p><strong>18 \/ Mi porvenir<\/strong><br \/>\n<i>Denise Fajardo<\/i><\/p>\n<p><strong>19 \/ Dora la tejedora de sue\u00f1os rurales<\/strong><br \/>\n<i>Dora Nelly Angola<\/i><\/p>\n<p><strong>20 \/ \u00abResistir y no desistir\u00bb, el lema de Titi<\/strong><br \/>\n<i>Driana Patricia Gonz\u00e1lez<\/i><\/p>\n<p><strong>21 \/ Con gorra en mano<\/strong><br \/>\n<i>Elizabeth Mill\u00e1n<\/i><\/p>\n<p><strong>22 \/ FUNDESAM<\/strong><br \/>\n<i>Elvira Tovar<\/i><\/p>\n<p><strong>23 \/ Mis propias vivencias<\/strong><br \/>\n<i>Emma Gladys Castro<\/i><\/p>\n<p><strong>24 \/ Soy una mujer empoderada<\/strong><br \/>\n<i>Enith Aguilar<\/i><\/p>\n<p><strong>25 \/ La mariposa que quer\u00eda volar m\u00e1s alto<\/strong><br \/>\n<i>Flor Mary Carabal\u00ed D\u00edaz<\/i><\/p>\n<p><strong>26 \/ Cuando nos decidimos\u2026<\/strong><br \/>\n<i>Francia Mu\u00f1oz<\/i><\/p>\n<p><strong>27 \/ Mujer empoderada<\/strong><br \/>\n<i>Gloria Amparo Largo<\/i><\/p>\n<p><strong>28 \/ Un camino de superaci\u00f3n<\/strong><br \/>\n<i>Heidy Lorena Pop\u00f3 Tobar<\/i><\/p>\n<p><strong>29 \/ Beatriz Elena Cano Uribe, \u00a1mujer de sue\u00f1os en su caminar!<\/strong><br \/>\n<i>Irene Tenorio<\/i><\/p>\n<p><strong>30 \/ Servir es vivir<\/strong><br \/>\n<i>Janeth Cobo Quesada<\/i><\/p>\n<p><strong>31 \/ Una mirada m\u00e1s all\u00e1<\/strong><br \/>\n<i>Jineth Meivis Casso Piamba<\/i><\/p>\n<p><strong>32 \/ Un giro de vida<\/strong><br \/>\n<i>Johublith Paola Pe\u00f1a Trivi\u00f1o<\/i><\/p>\n<p><strong>33 \/ La resistencia<\/strong><br \/>\n<i>Katherine Balanta<\/i><\/p>\n<p><strong>34 \/ \u00bf\u00a1Y qui\u00e9n es ella!?<\/strong><br \/>\n<i>Kelly Marian Am\u00fa Caicedo<\/i><\/p>\n<p><strong>35 \/ Mi ra\u00edz<\/strong><br \/>\n<i>Laura \u00c1ngel L\u00f3pez Villa<\/i><\/p>\n<p><strong>36 \/ El sue\u00f1o de Leidy Fern\u00e1ndez: libertad para ser, libertad para vivir<\/strong><br \/>\n<i>Leidy Roc\u00edo Fern\u00e1ndez<\/i><\/p>\n<p><strong>37 \/ Avatares de mi historia<\/strong><br \/>\n<i>Lida Eugenia Ben\u00edtez<\/i><\/p>\n<p><strong>38 \/ Las mujeres permanecemos con un legado: sentir, so\u00f1ar y caminar<\/strong><br \/>\n<i>Liliana Largo Canas<\/i><\/p>\n<p><strong>39 \/ Es lo que soy<\/strong><br \/>\n<i>Lina Fernanda Pe\u00f1a Campo<\/i><\/p>\n<p><strong>40 \/ El mundo m\u00e1gico de Lina<\/strong><br \/>\n<i>Lina Marcela Mosquera Tobar<\/i><\/p>\n<p><strong>41 \/ La historia de una mujer<\/strong><br \/>\n<i>Lina Marcela Vivas Arango<\/i><\/p>\n<p><strong>42 \/ \u00a1Volar como un c\u00f3ndor!<\/strong><br \/>\n<i>Lina Mar\u00eda Mart\u00ednez Morales<\/i><\/p>\n<p><strong>43 \/ Joven pero sabia<\/strong><br \/>\n<i>Lina Sof\u00eda Calamb\u00e1s<\/i><\/p>\n<p><strong>44 \/ Luchando por los sue\u00f1os que tengo en mi alma<\/strong><br \/>\n<i>Lina Sof\u00eda Vi\u00e1fara<\/i><\/p>\n<p><strong>45 \/ Mujer comunidad<\/strong><br \/>\n<i>Lucelly Carabali Berm\u00fadez<\/i><\/p>\n<p><strong>46 \/ \u00a1No dejar\u00e9 que la violencia me apague los sue\u00f1os que tengo para mi vida!<\/strong><br \/>\n<i>Lucrecia Ilamo Quiguan\u00e1s<\/i><\/p>\n<p><strong>47 \/ El Ubuntu donde se puede vivir en dignidad<\/strong><br \/>\n<i>Luisa Mar\u00eda Velasco Mart\u00ednez<\/i><\/p>\n<p><strong>48 \/ Ni\u00f1a, mujer valiente<\/strong><br \/>\n<i>Luz Alvenis Rivera G\u00f3mez<\/i><\/p>\n<p><strong>49 \/ La historia de mi familia y m\u00eda<\/strong><br \/>\n<i>Luz \u00c1ngela Tocon\u00e1s<\/i><\/p>\n<p><strong>50 \/ Caldono, pueblo de mujeres resistentes y so\u00f1adoras<\/strong><br \/>\n<i>Luz Dary Moreno<\/i><\/p>\n<p><strong>51 \/ \u00abMujer ten\u00eda que ser\u00bb<\/strong><br \/>\n<i>Luz Karime Correa Zapata<\/i><\/p>\n<p><strong>52 \/ Relato de un prop\u00f3sito<\/strong><br \/>\n<i>Luz Stella Palacio Gonz\u00e1lez<\/i><\/p>\n<p><strong>53 \/ El amor propio es el inicio del cambio<\/strong><br \/>\n<i>Marcela del Pilar Ortiz Gonzal\u00edas<\/i><\/p>\n<p><strong>54 \/ Por mi buen camino<\/strong><br \/>\n<i>Margarita Vergara Sarria<\/i><\/p>\n<p><strong>55 \/ Cambiar es inevitable, nos miraremos diferente cada cierto tiempo<\/strong><br \/>\n<i>Mar\u00eda Alejandra Rodr\u00edguez<\/i><\/p>\n<p><strong>56 \/ Vivenciando mi pasado<\/strong><br \/>\n<i>Mar\u00eda Asceneth P\u00e9rez Pe\u00f1a<\/i><\/p>\n<p><strong>57 \/ Una mujer fuerte creada para vencer<\/strong><br \/>\n<i>Mar\u00eda de los \u00c1ngeles Osnas Fern\u00e1ndez<\/i><\/p>\n<p><strong>58 \/ Frente al espejo con los zapatos m\u00e1gicos<\/strong><br \/>\n<i>Mar\u00eda del Pilar Catacol\u00ed V\u00e1squez<\/i><\/p>\n<p><strong>59 \/ Construyendo territorio<\/strong><br \/>\n<i>Mar\u00eda del Pilar Ordo\u00f1ez<\/i><\/p>\n<p><strong>60 \/ Orgullo afrodescendiente y caucano<\/strong><br \/>\n<i>Mar\u00eda Elisa Gonz\u00e1lez<\/i><\/p>\n<p><strong>61 \/ Semilla de resistencia<\/strong><br \/>\n<i>Mar\u00eda Elsa Zapata D\u00edaz<\/i><\/p>\n<p><strong>62 \/ \u00abLas mujeres debemos empoderarnos de lo que somos, seres valiosos\u00bb<\/strong><br \/>\n<i>Mar\u00eda Eugenia Rojas<\/i><\/p>\n<p><strong>63 \/ Memorias de una mujer empoderada: Miosoris Castillo Burgos<\/strong><br \/>\n<i>Mar\u00eda Fernanda Banguero Ortiz<\/i><\/p>\n<p><strong>64 \/ Mujer constructora de paz<\/strong><br \/>\n<i>Mar\u00eda Gricelda Campo<\/i><\/p>\n<p><strong>65 \/ Un car\u00e1cter forjado de lucha en lucha<\/strong><br \/>\n<i>Mar\u00eda Lenis Popay\u00e1n<\/i><\/p>\n<p><strong>66 \/ Una mujer Nasa caminando en la diversidad<\/strong><br \/>\n<i>Mar\u00eda Magdalena Puni Bomba<\/i><\/p>\n<p><strong>67 \/ En busca de una vida libre y con derechos<\/strong><br \/>\n<i>Mar\u00eda Rosario Cort\u00e9s Medina<\/i><\/p>\n<p><strong>68 \/ Caminos para alcanzar sue\u00f1os<\/strong><br \/>\n<i>Mar\u00eda Teresa Mej\u00eda<\/i><\/p>\n<p><strong>69 \/ 22.525 victorias<\/strong><br \/>\n<i>Mar\u00eda Teresa Torres<\/i><\/p>\n<p><strong>70 \/ La biograf\u00eda de mi vida<\/strong><br \/>\n<i>Mar\u00eda Yaneth Pe\u00f1a Chocu\u00e9<\/i><\/p>\n<p><strong>71 \/ Una mujer resiliente, que ha superado la inclemencia del conflicto armado y brilla con luz propia<\/strong><br \/>\n<i>Mariluz Rodr\u00edguez Dussan<\/i><\/p>\n<p><strong>72 \/ Libre por su amor<\/strong><br \/>\n<i>Martha Adriana Lasso<\/i><\/p>\n<p><strong>73 \/ A sus a\u00f1os vividos y a todas las que levantamos la voz en defensa de nuestros derechos<\/strong><br \/>\n<i>Martha Luc\u00eda Flor Dagua<\/i><\/p>\n<p><strong>74 \/ Superaci\u00f3n, resistencia y lucha<\/strong><br \/>\n<i>Mayra Alejandra Obreg\u00f3n Ocor\u00f3<\/i><\/p>\n<p><strong>75 \/ La unidad transforma<\/strong><br \/>\n<i>Mayra Alexandra Moreno Hurtado<\/i><\/p>\n<p><strong>76 \/ So\u00f1adora\u2026 por un mundo de mujeres empoderadas<\/strong><br \/>\n<i>Meira Esther Ojeda Mart\u00ednez<\/i><\/p>\n<p><strong>77 \/ Cambiando el ma\u00f1ana<\/strong><br \/>\n<i>Nancy Narv\u00e1ez<\/i><\/p>\n<p><strong>78 \/ Fuerte como un sam\u00e1n, flexible como un bamb\u00fa<\/strong><br \/>\n<i>Nelly Pavi Trochez<\/i><\/p>\n<p><strong>79 \/ La fuerza de un sue\u00f1o<\/strong><br \/>\n<i>Nohem\u00ed Lasso Berm\u00fades<\/i><\/p>\n<p><strong>80 \/ Felicidad y gratitud entre las dificultades<\/strong><br \/>\n<i>Omaira Fern\u00e1ndez Rivera<\/i><\/p>\n<p><strong>81 \/ La voz de una persona trans<\/strong><br \/>\n<i>Paula Andrea Castro Parra<\/i><\/p>\n<p><strong>82 \/ La lucha y la resistencia de una mujer negra<\/strong><br \/>\n<i>Rosi Albani P\u00e9rez Belalc\u00e1zar<\/i><\/p>\n<p><strong>83 \/ Una huella que seguir: el uso de la palabra para formar nuevos liderazgos en las siguientes generaciones<\/strong><br \/>\n<i>Sandra Lorena Paz<\/i><\/p>\n<p><strong>84 \/ Dos territorios, una historia<\/strong><br \/>\n<i>Sandra Patricia Arag\u00f3n<\/i><\/p>\n<p><strong>85 \/ La formaci\u00f3n y la independencia empieza desde la infancia<\/strong><br \/>\n<i>Sandra Patricia Cantero<\/i><\/p>\n<p><strong>86 \/ Metamorfosis de una mujer<\/strong><br \/>\n<i>Sandra Patricia Mancilla<\/i><\/p>\n<p><strong>87 \/ Sue\u00f1os por cumplir<\/strong><br \/>\n<i>Shirley Ram\u00edrez Taborda<\/i><\/p>\n<p><strong>88 \/ Las mujeres somos valent\u00eda y fuerza<\/strong><br \/>\n<i>Sonia Amparo Muelas Causay\u00e1<\/i><\/p>\n<p><strong>89 \/ Mujer valiente y empoderada<\/strong><br \/>\n<i>Valentina D\u00edaz Gonz\u00e1lez<\/i><\/p>\n<p><strong>90\/ Soy guardia cimarrona<\/strong><br \/>\n<i>Viviana Balanta Agrono<\/i><\/p>\n<p><strong>91 \/ Esta soy yo, una mujer negra<\/strong><br \/>\n<i>Yajaira Mina Sandoval<\/i><\/p>\n<p><strong>92 \/ El relato de la abuela Trinidad<\/strong><br \/>\n<i>Yamilet V\u00e1squez<\/i><\/p>\n<p><strong>93 \/ Liderazgos transformadores<\/strong><br \/>\n<i>Yaneth Ximena P\u00e9rez Cer\u00f3n<\/i><\/p>\n<p><strong>94 \/ Guardiana de la herencia ancestral<\/strong><br \/>\n<i>Yani Andrea Mina Monta\u00f1o<\/i><\/p>\n<p><strong>95 \/ Atravesando situaciones !Mujer guerrera y valiente!<\/strong><br \/>\n<i>Yexiree Dayana Alvarado Mendoza<\/i><\/p>\n<p><strong>96 \/ Superaci\u00f3n personal para contribuir a mi familia y a mi comunidad<\/strong><br \/>\n<i>Yineth Balanta Mina<\/i><\/p>\n<p><strong>97 \/ \u00a1Ver a m\u00e1s mujeres y j\u00f3venes trabajando en el campo me da felicidad!<\/strong><br \/>\n<i>Yudy Zuleima Corpus<\/i><\/p>\n<p><strong>98 \/ Creciendo entre Margaritas<\/strong><br \/>\n<i>Yury Fernanda Trochez Orozco<\/i><\/p>\n<p><strong>99 \/ Mujeres que me inspiran<\/strong><br \/>\n<i>Zulma Hurtado Ibarbo<\/i><br \/><\/li><li class=\"tab-pane \" id=\"ert_pane1-2\"><ul>\n<li style=\"text-align: justify;\">Ana Justina Caicedo Sol\u00eds<\/li>\n<li style=\"text-align: justify;\">Ana Leticia Carabal\u00ed<\/li>\n<li style=\"text-align: justify;\">Ana Melissa Agudelo Zapata<\/li>\n<li style=\"text-align: justify;\">Ana Yeins Ramos Navas<\/li>\n<li style=\"text-align: justify;\">\u00c1ngela Mar\u00eda Imues<\/li>\n<li style=\"text-align: justify;\">Ang\u00e9lica Mar\u00eda Lasso Monta\u00f1o<\/li>\n<li style=\"text-align: justify;\">Aurora Taquin\u00e1s Campo<\/li>\n<li style=\"text-align: justify;\">Avigail Ul<\/li>\n<li style=\"text-align: justify;\">Bertha Cecilia Rivera<\/li>\n<li style=\"text-align: justify;\">Carolina Rivillas Imbachi<\/li>\n<li style=\"text-align: justify;\">Cindy Yuliana Valencia Carabal\u00ed<\/li>\n<li style=\"text-align: justify;\">Clara \u00c1vila Pe\u00f1a<\/li>\n<li style=\"text-align: justify;\">Claudia Lorena Ambuila Rivera<\/li>\n<li style=\"text-align: justify;\">Claudia Patricia Dagua<\/li>\n<li style=\"text-align: justify;\">Cruz Oliva Bonilla<\/li>\n<li style=\"text-align: justify;\">Damaris Rivera \u00c1lvarez<\/li>\n<li style=\"text-align: justify;\">Daniela Noscu\u00e9<\/li>\n<li style=\"text-align: justify;\">Denise Fajardo<\/li>\n<li style=\"text-align: justify;\">Dora Nelly Angola<\/li>\n<li style=\"text-align: justify;\">Driana Patricia Gonz\u00e1lez<\/li>\n<li style=\"text-align: justify;\">Elizabeth Mill\u00e1n<\/li>\n<li style=\"text-align: justify;\">Elvira Tovar<\/li>\n<li style=\"text-align: justify;\">Emma Gladys Castro<\/li>\n<li style=\"text-align: justify;\">Enith Aguilar<\/li>\n<li style=\"text-align: justify;\">Flor Mary Carabal\u00ed D\u00edaz<\/li>\n<li style=\"text-align: justify;\">Francia Mu\u00f1oz<\/li>\n<li style=\"text-align: justify;\">Gloria Amparo Largo<\/li>\n<li style=\"text-align: justify;\">Heidy Lorena Pop\u00f3 Tobar<\/li>\n<li style=\"text-align: justify;\">Irene Tenorio<\/li>\n<li style=\"text-align: justify;\">Janeth Cobo Quesada<\/li>\n<li style=\"text-align: justify;\">Jineth Meivis Casso Piamba<\/li>\n<li style=\"text-align: justify;\">Johublith Paola Pe\u00f1a Trivi\u00f1o<\/li>\n<li style=\"text-align: justify;\">Katherine Balanta<\/li>\n<li style=\"text-align: justify;\">Kelly Marian Am\u00fa Caicedo<\/li>\n<li style=\"text-align: justify;\">Laura \u00c1ngel L\u00f3pez Villa<\/li>\n<li style=\"text-align: justify;\">Leidy Roc\u00edo Fern\u00e1ndez<\/li>\n<li style=\"text-align: justify;\">Lida Eugenia Ben\u00edtez<\/li>\n<li style=\"text-align: justify;\">Liliana Largo Canas<\/li>\n<li style=\"text-align: justify;\">Lina Fernanda Pe\u00f1a Campo<\/li>\n<li style=\"text-align: justify;\">Lina Marcela Mosquera Tobar<\/li>\n<li style=\"text-align: justify;\">Lina Marcela Vivas Arango<\/li>\n<li style=\"text-align: justify;\">Lina Mar\u00eda Mart\u00ednez Morales<\/li>\n<li style=\"text-align: justify;\">Lina Sof\u00eda Calamb\u00e1s<\/li>\n<li style=\"text-align: justify;\">Lina Sof\u00eda Vi\u00e1fara<\/li>\n<li style=\"text-align: justify;\">Lucelly Carabali Berm\u00fadez<\/li>\n<li style=\"text-align: justify;\">Lucrecia Ilamo Quiguan\u00e1s<\/li>\n<li style=\"text-align: justify;\">Luisa Mar\u00eda Velasco Mart\u00ednez<\/li>\n<li style=\"text-align: justify;\">Luz Alvenis Rivera G\u00f3mez<\/li>\n<li style=\"text-align: justify;\">Luz \u00c1ngela Tocon\u00e1s<\/li>\n<li style=\"text-align: justify;\">Luz Dary Moreno<\/li>\n<li style=\"text-align: justify;\">Luz Karime Correa Zapata<\/li>\n<li style=\"text-align: justify;\">Luz Stella Palacio Gonz\u00e1lez<\/li>\n<li style=\"text-align: justify;\">Marcela del Pilar Ortiz Gonzal\u00edas<\/li>\n<li style=\"text-align: justify;\">Margarita Vergara Sarria<\/li>\n<li style=\"text-align: justify;\">Mar\u00eda Alejandra Rodr\u00edguez<\/li>\n<li style=\"text-align: justify;\">Mar\u00eda Asceneth P\u00e9rez Pe\u00f1a<\/li>\n<li style=\"text-align: justify;\">Mar\u00eda de los \u00c1ngeles Osnas Fern\u00e1ndez<\/li>\n<li style=\"text-align: justify;\">Mar\u00eda del Pilar Catacol\u00ed V\u00e1squez<\/li>\n<li style=\"text-align: justify;\">Mar\u00eda del Pilar Ordo\u00f1ez<\/li>\n<li style=\"text-align: justify;\">Mar\u00eda Elisa Gonz\u00e1lez<\/li>\n<li style=\"text-align: justify;\">Mar\u00eda Elsa Zapata D\u00edaz<\/li>\n<li style=\"text-align: justify;\">Mar\u00eda Eugenia Rojas<\/li>\n<li style=\"text-align: justify;\">Mar\u00eda Fernanda Banguero Ortiz<\/li>\n<li style=\"text-align: justify;\">Mar\u00eda Gricelda Campo<\/li>\n<li style=\"text-align: justify;\">Mar\u00eda Lenis Popay\u00e1n<\/li>\n<li style=\"text-align: justify;\">Mar\u00eda Magdalena Puni Bomba<\/li>\n<li style=\"text-align: justify;\">Mar\u00eda Rosario Cort\u00e9s Medina<\/li>\n<li style=\"text-align: justify;\">Mar\u00eda Teresa Mej\u00eda<\/li>\n<li style=\"text-align: justify;\">Mar\u00eda Teresa Torres<\/li>\n<li style=\"text-align: justify;\">Mar\u00eda Yaneth Pe\u00f1a Chocu\u00e9<\/li>\n<li style=\"text-align: justify;\">Mariluz Rodr\u00edguez Dussan<\/li>\n<li style=\"text-align: justify;\">Martha Adriana Lasso<\/li>\n<li style=\"text-align: justify;\">Martha Luc\u00eda Flor Dagua<\/li>\n<li style=\"text-align: justify;\">Mayra Alejandra Obreg\u00f3n Ocor\u00f3<\/li>\n<li style=\"text-align: justify;\">Mayra Alexandra Moreno Hurtado<\/li>\n<li style=\"text-align: justify;\">Meira Esther Ojeda Mart\u00ednez<\/li>\n<li style=\"text-align: justify;\">Nancy Narv\u00e1ez<\/li>\n<li style=\"text-align: justify;\">Nelly Pavi Trochez<\/li>\n<li style=\"text-align: justify;\">Nohem\u00ed Lasso Berm\u00fades<\/li>\n<li style=\"text-align: justify;\">Omaira Fern\u00e1ndez Rivera<\/li>\n<li style=\"text-align: justify;\">Paula Andrea Castro Parra<\/li>\n<li style=\"text-align: justify;\">Rosi Albani P\u00e9rez Belalc\u00e1zar<\/li>\n<li style=\"text-align: justify;\">Sandra Lorena Paz<\/li>\n<li style=\"text-align: justify;\">Sandra Patricia Arag\u00f3n<\/li>\n<li style=\"text-align: justify;\">Sandra Patricia Cantero<\/li>\n<li style=\"text-align: justify;\">Sandra Patricia Mancilla<\/li>\n<li style=\"text-align: justify;\">Shirley Ram\u00edrez Taborda<\/li>\n<li style=\"text-align: justify;\">Sonia Amparo Muelas Causay\u00e1<\/li>\n<li style=\"text-align: justify;\">Valentina D\u00edaz Gonz\u00e1lez<\/li>\n<li style=\"text-align: justify;\">Viviana Balanta Agrono<\/li>\n<li style=\"text-align: justify;\">Yajaira Mina Sandoval<\/li>\n<li style=\"text-align: justify;\">Yamilet V\u00e1squez<\/li>\n<li style=\"text-align: justify;\">Yaneth Ximena P\u00e9rez Cer\u00f3n<\/li>\n<li style=\"text-align: justify;\">Yani Andrea Mina Monta\u00f1o<\/li>\n<li style=\"text-align: justify;\">Yexiree Dayana Alvarado Mendoza<\/li>\n<li style=\"text-align: justify;\">Yineth Balanta Mina<\/li>\n<li style=\"text-align: justify;\">Yudy Zuleima Corpus<\/li>\n<li style=\"text-align: justify;\">Yury Fernanda Trochez Orozco<\/li>\n<li style=\"text-align: justify;\">Zulma Hurtado Ibarbo<\/li>\n<\/ul><\/li><li class=\"tab-pane \" id=\"ert_pane1-3\"><table>\n<tbody>\n<tr class=\"first odd\">\n<th width=\"150\">\n<p style=\"text-align: left;\">T\u00edtulo (ingl\u00e9s):<\/p>\n<\/th>\n<td class=\"data last\">Women for the good living. Stories of leaderships in the North of Cauca.<\/td>\n<\/tr>\n<tr class=\"even\">\n<th>\n<p style=\"text-align: left;\">DOI\/URL:<\/p>\n<\/th>\n<td class=\"data last\"><a href=\"https:\/\/doi.org\/10.18046\/EUI\/aceh.14.2023\" target=\"_blank\" rel=\"noopener noreferrer\">https:\/\/doi.org\/10.18046\/EUI\/aceh.14.2023<\/a><\/td>\n<\/tr>\n<tr class=\"odd\">\n<th>\n<p style=\"text-align: left;\">Editorial(es):<\/p>\n<\/th>\n<td class=\"data last\">Universidad Icesi.<\/td>\n<\/tr>\n<tr class=\"even\">\n<th>\n<p style=\"text-align: left;\">Autoras:<\/p>\n<\/th>\n<td class=\"data last\">Ana Justina Caicedo Sol\u00eds, Ana Leticia Carabal\u00ed, Ana Melissa Agudelo Zapata, Ana Yeins Ramos Navas, \u00c1ngela Mar\u00eda Imues, Ang\u00e9lica Mar\u00eda Lasso Monta\u00f1o, Aurora Taquin\u00e1s Campo, Avigail Ul, Bertha Cecilia Rivera, Carolina Rivillas Imbachi, Cindy Yuliana Valencia Carabal\u00ed, Clara \u00c1vila Pe\u00f1a, Claudia Lorena Ambuila Rivera, Claudia Patricia Dagua, Cruz Oliva Bonilla, Damaris Rivera \u00c1lvarez, Daniela Noscu\u00e9, Denise Fajardo, Dora Nelly Angola, Driana Patricia Gonz\u00e1lez, Elizabeth Mill\u00e1n, Elvira Tovar, Emma Gladys Castro, Enith Aguilar, Flor Mary Carabal\u00ed D\u00edaz, Francia Mu\u00f1oz, Gloria Amparo Largo, Heidy Lorena Pop\u00f3 Tobar, Irene Tenorio, Janeth Cobo Quesada, Jineth Meivis Casso Piamba, Johublith Paola Pe\u00f1a Trivi\u00f1o, Katherine Balanta, Kelly Marian Am\u00fa Caicedo, Laura \u00c1ngel L\u00f3pez Villa, Leidy Roc\u00edo Fern\u00e1ndez, Lida Eugenia Ben\u00edtez, Liliana Largo Canas, Lina Fernanda Pe\u00f1a Campo, Lina Marcela Mosquera Tobar, Lina Marcela Vivas Arango, Lina Mar\u00eda Mart\u00ednez Morales, Lina Sof\u00eda Calamb\u00e1s, Lina Sof\u00eda Vi\u00e1fara, Lucelly Carabali Berm\u00fadez, Lucrecia Ilamo Quiguan\u00e1s, Luisa Mar\u00eda Velasco Mart\u00ednez, Luz Alvenis Rivera G\u00f3mez, Luz \u00c1ngela Tocon\u00e1s, Luz Dary Moreno, Luz Karime Correa Zapata, Luz Stella Palacio Gonz\u00e1lez, Marcela del Pilar Ortiz Gonzal\u00edas, Margarita Vergara Sarria, Mar\u00eda Alejandra Rodr\u00edguez, Mar\u00eda Asceneth P\u00e9rez Pe\u00f1a, Mar\u00eda de los \u00c1ngeles Osnas Fern\u00e1ndez, Mar\u00eda del Pilar Catacol\u00ed V\u00e1squez, Mar\u00eda del Pilar Ordo\u00f1ez, Mar\u00eda Elisa Gonz\u00e1lez, Mar\u00eda Elsa Zapata D\u00edaz, Mar\u00eda Eugenia Rojas, Mar\u00eda Fernanda Banguero Ortiz, Mar\u00eda Gricelda Campo, Mar\u00eda Lenis Popay\u00e1n, Mar\u00eda Magdalena Puni Bomba, Mar\u00eda Rosario Cort\u00e9s Medina, Mar\u00eda Teresa Mej\u00eda, Mar\u00eda Teresa Torres, Mar\u00eda Yaneth Pe\u00f1a Chocu\u00e9, Mariluz Rodr\u00edguez Dussan, Martha Adriana Lasso, Martha Luc\u00eda Flor Dagua, Mayra Alejandra Obreg\u00f3n Ocor\u00f3, Mayra Alexandra Moreno Hurtado, Meira Esther Ojeda Mart\u00ednez, Nancy Narv\u00e1ez, Nelly Pavi Trochez, Nohem\u00ed Lasso Berm\u00fades, Omaira Fern\u00e1ndez Rivera, Paula Andrea Castro Parra, Rosi Albani P\u00e9rez Belalc\u00e1zar, Sandra Lorena Paz, Sandra Patricia Arag\u00f3n, Sandra Patricia Cantero, Sandra Patricia Mancilla, Shirley Ram\u00edrez Taborda, Sonia Amparo Muelas Causay\u00e1, Valentina D\u00edaz Gonz\u00e1lez, Viviana Balanta Agrono, Yajaira Mina Sandoval, Yamilet V\u00e1squez, Yaneth Ximena P\u00e9rez Cer\u00f3n, Yani Andrea Mina Monta\u00f1o, Yexiree Dayana Alvarado Mendoza, Yineth Balanta Mina, Yudy Zuleima Corpus, Yury Fernanda Trochez Orozco y Zulma Hurtado Ibarbo.<\/td>\n<\/tr>\n<tr class=\"odd\">\n<th>\n<p style=\"text-align: left;\">Palabras clave:<\/p>\n<\/th>\n<td class=\"data last\">Concurso literario, Escritura creativa, Ficci\u00f3n, Poes\u00eda.<\/td>\n<\/tr>\n<tr class=\"even\">\n<th>\n<p style=\"text-align: left;\">ISBN:<\/p>\n<\/th>\n<td class=\"data last\">978-628-7630-04-8.<\/td>\n<\/tr>\n<tr class=\"odd\">\n<th>\n<p style=\"text-align: left;\">Fecha de edici\u00f3n:<\/p>\n<\/th>\n<td class=\"data last\">Marzo de 2023.<\/td>\n<\/tr>\n<tr class=\"even\">\n<th>\n<p style=\"text-align: left;\">No. de p\u00e1ginas:<\/p>\n<\/th>\n<td class=\"data last\">272.<\/td>\n<\/tr>\n<tr class=\"odd\">\n<th>\n<p style=\"text-align: left;\">Idioma(s):<\/p>\n<\/th>\n<td class=\"data last\">Espa\u00f1ol.<\/td>\n<\/tr>\n<tr class=\"even\">\n<th>\n<p style=\"text-align: left;\">Formato(s):<\/p>\n<\/th>\n<td class=\"data last\">Libro impreso electr\u00f3nico (PDF).<\/td>\n<\/tr>\n<tr class=\"odd\">\n<th>\n<p style=\"text-align: left;\">Alto x ancho:<\/p>\n<\/th>\n<td class=\"data last\">22,5 x 15,5 cm.<\/td>\n<\/tr>\n<tr class=\"even\">\n<th>\n<p style=\"text-align: left;\">Colecci\u00f3n:<\/p>\n<\/th>\n<td class=\"data last\">\u2026A conocer el hielo (14).<\/td>\n<\/tr>\n<tr class=\"odd\">\n<th>\n<p style=\"text-align: left;\">Producto:<\/p>\n<\/th>\n<td class=\"data last\">Libro de inter\u00e9s general.<\/td>\n<\/tr>\n<tr class=\"even\">\n<th>\n<p style=\"text-align: left;\">Observaciones:<\/p>\n<\/th>\n<td class=\"data last\">Incluye ilustraciones.<\/td>\n<\/tr>\n<tr class=\"last odd\">\n<th>\n<p style=\"text-align: left;\">Registro DSpace:<\/p>\n<\/th>\n<td class=\"data last\"><a href=\"https:\/\/doi.org\/10.18046\/EUI\/aceh.14.2023\" target=\"_blank\" rel=\"noopener noreferrer\"><img loading=\"lazy\" decoding=\"async\" class=\"alignnone size-full wp-image-1012\" src=\"http:\/\/www.icesi.edu.co\/editorial\/wp-content\/uploads\/2016\/04\/downloadIcon-e1460499009176.png\" alt=\"Icono de Repositorio - Contenido en la Nube\" width=\"25\" height=\"25\"><\/a><\/td>\n<\/tr>\n<\/tbody>\n<\/table><\/li><\/ul><\/div><\/div>\n","protected":false},"excerpt":{"rendered":"<p>T\u00edtulo completo: Mujeres por el buen vivir. Relatos de liderazgos en el Norte del Cauca. Colecci\u00f3n: \u201c\u2026a conocer el hielo\u201d | N\u00famero: 14. Compiladoras: Isabel Giraldo Quijano, Mar\u00eda Camila Franco Salazar, Dielina Isabel Palomino Casta\u00f1o, Diana Sof\u00eda Falla, Fanny Andrea Guerrero Aponte y Claudia D\u00e1vila Santacruz. Autoras: Ana Justina Caicedo Sol\u00eds, Ana Leticia Carabal\u00ed, Ana [&hellip;]<\/p>\n","protected":false},"author":3,"featured_media":7165,"comment_status":"closed","ping_status":"closed","sticky":false,"template":"","format":"standard","meta":{"footnotes":""},"categories":[42],"tags":[287,593,638,663,838,843,844,874,901,902],"class_list":["post-7146","post","type-post","status-publish","format-standard","has-post-thumbnail","hentry","category-a-conocer-el-hielo","tag-libro-de-interes-general","tag-observatorio-para-la-equidad-de-las-mujeres-oem","tag-mujeres","tag-historias-de-vida","tag-838","tag-norte-del-cauca","tag-buen-vivir","tag-filcali-2023","tag-fch-2","tag-fch"],"_links":{"self":[{"href":"https:\/\/www.icesi.edu.co\/editorial\/wp-json\/wp\/v2\/posts\/7146","targetHints":{"allow":["GET"]}}],"collection":[{"href":"https:\/\/www.icesi.edu.co\/editorial\/wp-json\/wp\/v2\/posts"}],"about":[{"href":"https:\/\/www.icesi.edu.co\/editorial\/wp-json\/wp\/v2\/types\/post"}],"author":[{"embeddable":true,"href":"https:\/\/www.icesi.edu.co\/editorial\/wp-json\/wp\/v2\/users\/3"}],"replies":[{"embeddable":true,"href":"https:\/\/www.icesi.edu.co\/editorial\/wp-json\/wp\/v2\/comments?post=7146"}],"version-history":[{"count":10,"href":"https:\/\/www.icesi.edu.co\/editorial\/wp-json\/wp\/v2\/posts\/7146\/revisions"}],"predecessor-version":[{"id":8858,"href":"https:\/\/www.icesi.edu.co\/editorial\/wp-json\/wp\/v2\/posts\/7146\/revisions\/8858"}],"wp:featuredmedia":[{"embeddable":true,"href":"https:\/\/www.icesi.edu.co\/editorial\/wp-json\/wp\/v2\/media\/7165"}],"wp:attachment":[{"href":"https:\/\/www.icesi.edu.co\/editorial\/wp-json\/wp\/v2\/media?parent=7146"}],"wp:term":[{"taxonomy":"category","embeddable":true,"href":"https:\/\/www.icesi.edu.co\/editorial\/wp-json\/wp\/v2\/categories?post=7146"},{"taxonomy":"post_tag","embeddable":true,"href":"https:\/\/www.icesi.edu.co\/editorial\/wp-json\/wp\/v2\/tags?post=7146"}],"curies":[{"name":"wp","href":"https:\/\/api.w.org\/{rel}","templated":true}]}}