{"id":7504,"date":"2021-12-12T12:22:00","date_gmt":"2021-12-12T17:22:00","guid":{"rendered":"https:\/\/www.icesi.edu.co\/editorial\/?p=7504"},"modified":"2024-05-15T11:36:56","modified_gmt":"2024-05-15T16:36:56","slug":"jacques-aprile-gniset","status":"publish","type":"post","link":"https:\/\/www.icesi.edu.co\/editorial\/jacques-aprile-gniset\/","title":{"rendered":"Intersecciones en torno al pensamiento de Jacques Aprile-Gniset"},"content":{"rendered":"<div class=\"ead-preview\"><div class=\"ead-document\" style=\"position: relative;\"><div class=\"ead-iframe-wrapper\"><iframe src=\"\/\/docs.google.com\/viewer?url=https%3A%2F%2Frepository.icesi.edu.co%2Fbiblioteca_digital%2Fbitstream%2F10906%2F121246%2F1%2Fllorca_trayectoria_espacios_2021.pdf&amp;embedded=true&amp;hl=en\" title=\"Embedded Document\" class=\"ead-iframe\" style=\"width: 0px;height: 0px;border: none;visibility: hidden;\"><\/iframe><\/div>\t\t\t<div class=\"ead-document-loading\" style=\"width:100%;height:100%;position:absolute;left:0;top:0;z-index:10;\">\n\t\t\t\t<div class=\"ead-loading-wrap\">\n\t\t\t\t\t<div class=\"ead-loading-main\">\n\t\t\t\t\t\t<div class=\"ead-loading\">\n\t\t\t\t\t\t\t<img loading=\"lazy\" decoding=\"async\" src=\"https:\/\/www.icesi.edu.co\/editorial\/wp-content\/plugins\/embed-any-document\/images\/loading.svg\" width=\"55\" height=\"55\" alt=\"Loader\">\n\t\t\t\t\t\t\t<span>Loading...<\/span>\n\t\t\t\t\t\t<\/div>\n\t\t\t\t\t<\/div>\n\t\t\t\t\t<div class=\"ead-loading-foot\">\n\t\t\t\t\t\t<div class=\"ead-loading-foot-title\">\n\t\t\t\t\t\t\t<img loading=\"lazy\" decoding=\"async\" src=\"https:\/\/www.icesi.edu.co\/editorial\/wp-content\/plugins\/embed-any-document\/images\/EAD-logo.svg\" alt=\"EAD Logo\" width=\"36\" height=\"23\"\/>\n\t\t\t\t\t\t\t<span>Taking too long?<\/span>\n\t\t\t\t\t\t<\/div>\n\t\t\t\t\t\t<p>\n\t\t\t\t\t\t\t<div class=\"ead-document-btn ead-reload-btn\" role=\"button\">\n\t\t\t\t\t\t\t\t<img loading=\"lazy\" decoding=\"async\" src=\"https:\/\/www.icesi.edu.co\/editorial\/wp-content\/plugins\/embed-any-document\/images\/reload.svg\" alt=\"Reload\" width=\"12\" height=\"12\"\/> Reload document\t\t\t\t\t\t\t<\/div>\n\t\t\t\t\t\t\t<span>|<\/span>\n\t\t\t\t\t\t\t<a href=\"https:\/\/repository.icesi.edu.co\/biblioteca_digital\/bitstream\/10906\/121246\/1\/llorca_trayectoria_espacios_2021.pdf\" class=\"ead-document-btn\" target=\"_blank\" rel=\"noopener\">\n\t\t\t\t\t\t\t\t<img loading=\"lazy\" decoding=\"async\" src=\"https:\/\/www.icesi.edu.co\/editorial\/wp-content\/plugins\/embed-any-document\/images\/open.svg\" alt=\"Open\" width=\"12\" height=\"12\"\/> Open in new tab\t\t\t\t\t\t\t<\/a>\n\t\t\t\t\t<\/div>\n\t\t\t\t<\/div>\n\t\t\t<\/div>\n\t\t<\/div><p class=\"embed_download\"><a href=\"https:\/\/repository.icesi.edu.co\/biblioteca_digital\/bitstream\/10906\/121246\/1\/llorca_trayectoria_espacios_2021.pdf\" download target=\"_blank\" rel=\"noopener\">Download\/Descargar <\/a><\/p><\/div>\n<strong>T\u00edtulo completo:<\/strong> Trayectorias y espacios. Intersecciones en torno al pensamiento de Jacques Aprile-Gniset.<br \/>\n<strong>Editores:<\/strong> Joaqu\u00edn Llorca y Eulalia Hern\u00e1ndez Ciro.<br \/>\n<strong>Autores:<\/strong> Eulalia Hern\u00e1ndez Ciro, Alberto Saldarriaga Roa, Jorge Galindo D\u00edaz, Erick Abdel Figueroa Pereira, Adriana Mar\u00eda Su\u00e1rez Mayorga, Germ\u00e1n Rodrigo Mej\u00eda Pavony, Jos\u00e9 Alejandro Cifuentes Sarmiento, Jaime Eduardo Londo\u00f1o Motta, Gustavo Adolfo Arteaga Botero, Marcela Falla Guti\u00e9rrez y Joaqu\u00edn Llorca.<br \/>\n<strong>Editorial:<\/strong> Pontificia Universidad Javeriana y Universidad Icesi.<br \/>\n<strong>A\u00f1o de edici\u00f3n:<\/strong> 2021 | <strong>ISBN:<\/strong> 978-628-7536-15-9 \/ 978-628-7536-16-6 (ePub).<br \/>\n<span id=\"post-ratings-7504\" class=\"post-ratings\" data-nonce=\"76eacf3f66\"><img decoding=\"async\" id=\"rating_7504_1\" src=\"https:\/\/www.icesi.edu.co\/editorial\/wp-content\/plugins\/wp-postratings\/images\/stars_crystal\/rating_on.gif\" alt=\"1 estrella\" title=\"1 estrella\" onmouseover=\"current_rating(7504, 1, '1 estrella');\" onmouseout=\"ratings_off(5, 0, 0);\" onclick=\"rate_post();\" onkeypress=\"rate_post();\" style=\"cursor: pointer; border: 0px;\" \/><img decoding=\"async\" id=\"rating_7504_2\" src=\"https:\/\/www.icesi.edu.co\/editorial\/wp-content\/plugins\/wp-postratings\/images\/stars_crystal\/rating_on.gif\" alt=\"2 estrellas\" title=\"2 estrellas\" onmouseover=\"current_rating(7504, 2, '2 estrellas');\" onmouseout=\"ratings_off(5, 0, 0);\" onclick=\"rate_post();\" onkeypress=\"rate_post();\" style=\"cursor: pointer; border: 0px;\" \/><img decoding=\"async\" id=\"rating_7504_3\" src=\"https:\/\/www.icesi.edu.co\/editorial\/wp-content\/plugins\/wp-postratings\/images\/stars_crystal\/rating_on.gif\" alt=\"3 estrellas\" title=\"3 estrellas\" onmouseover=\"current_rating(7504, 3, '3 estrellas');\" onmouseout=\"ratings_off(5, 0, 0);\" onclick=\"rate_post();\" onkeypress=\"rate_post();\" style=\"cursor: pointer; border: 0px;\" \/><img decoding=\"async\" id=\"rating_7504_4\" src=\"https:\/\/www.icesi.edu.co\/editorial\/wp-content\/plugins\/wp-postratings\/images\/stars_crystal\/rating_on.gif\" alt=\"4 estrellas\" title=\"4 estrellas\" onmouseover=\"current_rating(7504, 4, '4 estrellas');\" onmouseout=\"ratings_off(5, 0, 0);\" onclick=\"rate_post();\" onkeypress=\"rate_post();\" style=\"cursor: pointer; border: 0px;\" \/><img decoding=\"async\" id=\"rating_7504_5\" src=\"https:\/\/www.icesi.edu.co\/editorial\/wp-content\/plugins\/wp-postratings\/images\/stars_crystal\/rating_on.gif\" alt=\"5 estrellas\" title=\"5 estrellas\" onmouseover=\"current_rating(7504, 5, '5 estrellas');\" onmouseout=\"ratings_off(5, 0, 0);\" onclick=\"rate_post();\" onkeypress=\"rate_post();\" style=\"cursor: pointer; border: 0px;\" \/> (<strong>2<\/strong> votos, promedio: <strong>5,00<\/strong> sobre 5)<br \/><span class=\"post-ratings-text\" id=\"ratings_7504_text\"><\/span><\/span><span id=\"post-ratings-7504-loading\" class=\"post-ratings-loading\"><img loading=\"lazy\" decoding=\"async\" src=\"https:\/\/www.icesi.edu.co\/editorial\/wp-content\/plugins\/wp-postratings\/images\/loading.gif\" width=\"16\" height=\"16\" class=\"post-ratings-image\" \/>Loading...<\/span>\n<script type=\"text\/javascript\" src=\"\/\/cdn.plu.mx\/widget-popup.js\"><\/script><a href=\"https:\/\/plu.mx\/plum\/a\/?doi=10.18046\/EUI\/ee.9.2021\" data-popup=\"right\" data-size=\"large\" class=\"plumx-plum-print-popup\" data-site=\"plum\" data-hide-when-empty=\"true\" data-lang=\"es\" target=\"_blank\" rel=\"noopener\">Trayectorias y espacios. Intersecciones en torno al pensamiento de Jacques Aprile-Gniset<\/a><br \/>\n<div class=\"osc-res-tab tabbable   osc-tabs-left\"><div style=\"clear:both;width: 100%;\"><ul class=\"nav osc-res-nav nav-pills osc-tabs-left-ul\" id=\"oscitas-restabs-1-jacques-aprile-gniset-79385\"><li class=\"active\"><a href=\"#ert_pane1-0\" data-toggle=\"tab\">Descripci\u00f3n<\/a><\/li><li class=\"\"><a href=\"#ert_pane1-1\" data-toggle=\"tab\">Contenido<\/a><\/li><li class=\"\"><a href=\"#ert_pane1-2\" data-toggle=\"tab\">Autor(es)<\/a><\/li><li class=\"\"><a href=\"#ert_pane1-3\" data-toggle=\"tab\">Catalogaci\u00f3n<\/a><\/li><\/ul><\/div><div style=\"clear:both;width: 100%;\"><ul class=\"tab-content\" id=\"oscitas-restabcontent-1-jacques-aprile-gniset-79385\"><li class=\"tab-pane active\" id=\"ert_pane1-0\"><p style=\"text-align: justify;\">Como integrante de una Misi\u00f3n Cooperaci\u00f3n del Gobierno franc\u00e9s, Jacques Aprile-Gniset (Par\u00eds, 1933-Cali, 2014) arrib\u00f3 a Colombia en 1966 para apoyar la formaci\u00f3n de los campos del urbanismo y la planeaci\u00f3n en la Universidad Nacional de Colombia, sede Bogot\u00e1, y la elaboraci\u00f3n de planes para las ciudades que estaban en plena ebullici\u00f3n. Conoci\u00f3 a la arquitecta Gilma Mosquera Torres, por aquella \u00e9poca estudiante, y desde la d\u00e9cada de 1960 iniciaron juntos un viaje de largo aliento por las geograf\u00edas, arquitecturas e historias del territorio colombiano, que se traducir\u00e1 en un trabajo colaborativo sin precedentes sobre las ciudades y los sistemas urbano-aldeanos del pa\u00eds. La obra de Aprile-Gniset se conforma en estas intersecciones que su biograf\u00eda traza y que van desde su desempe\u00f1o como t\u00e9cnico hasta sus labores de docencia e investigaci\u00f3n en la Universidad del Valle, en la Facultad de Arquitectura y en los programas de Geograf\u00eda e Historia, as\u00ed como en otras universidades del pa\u00eds, territorios indisociables de su militancia en el Partido Comunista y la relaci\u00f3n entre ideolog\u00eda, ciencia y pol\u00edtica que marc\u00f3 sus trabajos. Siguiendo estos tr\u00e1nsitos, la intenci\u00f3n de este libro no es s\u00f3lo rendir un homenaje a un autor y a su obra, sino sobre todo reconocer las l\u00edneas de trabajo abiertas y sus aportes, as\u00ed como tambi\u00e9n situar cr\u00edticamente y discutir algunos de sus planteamientos. As\u00ed, este libro colectivo surge de m\u00faltiples encuentros entre investigadores de diversos \u00e1mbitos profesionales y lugares del pa\u00eds, que en sus lecturas, trayectorias o caminos se cruzaron con Jacques Aprile-Gniset.<\/p>\n<p style=\"text-align: justify;\"><strong>C\u00f3mo citar (APA):<\/strong> Llorca, J. y Hern\u00e1ndez Ciro, E. (eds.) (2021). <i>Trayectorias y espacios. Intersecciones en torno al pensamiento de Jacques Aprile-Gniset<\/i>. Colombia: Pontificia Universidad Javeriana y Universidad Icesi. DOI: <a href=\"https:\/\/doi.org\/10.18046\/EUI\/ee.9.2021\" target=\"_blank\" rel=\"noopener noreferrer\">https:\/\/doi.org\/10.18046\/EUI\/ee.9.2021<\/a><\/p><\/li><li class=\"tab-pane \" id=\"ert_pane1-1\"><strong>Tabla de contenido:<\/strong><\/p>\n<p>Trayectorias y espacios de Jacques Aprile-Gniset: hoja de ruta<br \/>\n<i>\u202aJoaqu\u00edn Llorca y Eulalia Hern\u00e1ndez Ciro<\/i><\/p>\n<p><strong>1 \/ Cartograf\u00edas del pensamiento de Jacques Aprile-Gniset<\/strong><br \/>\n<i>Eulalia Hern\u00e1ndez Ciro<\/i><\/p>\n<p><strong>2 \/ Jacques Aprile-Gniset, Gilma Mosquera Torres y la ciudad colombiana: una traves\u00eda por sus libros<\/strong><br \/>\n<i>Alberto Saldarriaga Roa<\/i><\/p>\n<p><strong>3 \/ La ciudad colombiana de Jacques Aprile-Gniset: g\u00e9nesis y rese\u00f1a de una publicaci\u00f3n<\/strong><br \/>\n<i>Jorge Galindo D\u00edaz<\/i><\/p>\n<p><strong>4 \/ Santiago de Cali, de formaciones espaciales, castas y clases: apuntes sobre pol\u00edtica, ciudad y arquitectura en el pensamiento de Jacques Aprile-Gniset<\/strong><br \/>\n<i>Erick Abdel Figueroa Pereira<\/i><\/p>\n<p><u>TRAYECTORIAS Y ESPACIOS EN IM\u00c1GENES<\/u><\/p>\n<p><strong>5 \/ La ciudad indiana<\/strong><br \/>\n<i>Germ\u00e1n Mej\u00eda Pavony<\/i><\/p>\n<p><strong>6 \/ Aprile, aportes para la historiograf\u00eda desde el estudio del urbanismo colonial<\/strong><br \/>\n<i>Jos\u00e9 Alejandro Cifuentes Sarmiento<\/i><\/p>\n<p><strong>7 \/ Los otros territorios de las colonizaciones no europeas en la perspectiva de los estudios de Jacques Aprile<\/strong><br \/>\n<i>Gustavo Adolfo Arteaga Botero<\/i><\/p>\n<p><strong>8 \/ Frontera y colonizaci\u00f3n en el Departamento del Valle: los aportes de Jacques Aprile-Gniset y Gilma Mosquera<\/strong><br \/>\n<i>Jaime Eduardo Londo\u00f1o Motta<\/i><\/p>\n<p><strong>9 \/ Una lectura de Jacques Aprile-Gniset en clave lefebvriana: reflexiones sobre el espacio urbano bogotano a la luz de la l\u00f3gica de la regeneraci\u00f3n<\/strong><br \/>\n<i>Adriana Mar\u00eda Su\u00e1rez Mayorga<\/i><\/p>\n<p><strong>10 \/ El sistema urbano regional del Valle del Cauca<\/strong><br \/>\n<i>Marcela Falla Guti\u00e9rrez<\/i><\/p>\n<p>Ep\u00edlogo<br \/>\nAcervo documental de Jacques Aprile-Gniset<br \/>\nSobre los autores<br \/><\/li><li class=\"tab-pane \" id=\"ert_pane1-2\"><ul>\n<li style=\"text-align: justify;\"><a href=\"https:\/\/orcid.org\/0000-0003-4580-6545\" target=\"_blank\" title=\"ORCID iD\" rel=\"noopener noreferrer\"><img loading=\"lazy\" decoding=\"async\" class=\"alignnone size-full wp-image-1012\" src=\"http:\/\/www.icesi.edu.co\/editorial\/wp-content\/uploads\/2020\/06\/ORCIDiD_icon16x16.png\" style=\"margin-right: 6px;\" alt=\"Icono ORCID\" width=\"16\" height=\"16\"><\/a><b>Joaqu\u00edn Llorca<\/b>, Pontificia Universidad Javeriana (Cali, Colombia)<\/li>\n<li style=\"text-align: justify;\"><a href=\"https:\/\/orcid.org\/0000-0002-4216-4017\" target=\"_blank\" title=\"ORCID iD\" rel=\"noopener noreferrer\"><img loading=\"lazy\" decoding=\"async\" class=\"alignnone size-full wp-image-1012\" src=\"http:\/\/www.icesi.edu.co\/editorial\/wp-content\/uploads\/2020\/06\/ORCIDiD_icon16x16.png\" style=\"margin-right: 6px;\" alt=\"Icono ORCID\" width=\"16\" height=\"16\"><\/a><b>Eulalia Hern\u00e1ndez Ciro<\/b>, Universidad de Antioquia (Medell\u00edn, Colombia)<\/li>\n<li style=\"text-align: justify;\"><a href=\"https:\/\/orcid.org\/0000-0001-7719-9239\" target=\"_blank\" title=\"ORCID iD\" rel=\"noopener noreferrer\"><img loading=\"lazy\" decoding=\"async\" class=\"alignnone size-full wp-image-1012\" src=\"http:\/\/www.icesi.edu.co\/editorial\/wp-content\/uploads\/2020\/06\/ORCIDiD_icon16x16.png\" style=\"margin-right: 6px;\" alt=\"Icono ORCID\" width=\"16\" height=\"16\"><\/a><b>Alberto Saldarriaga Roa<\/b>, Corporaci\u00f3n Archivos de Arquitectura Colombiana<\/li>\n<li style=\"text-align: justify;\"><a href=\"https:\/\/orcid.org\/0000-0001-8407-8347\" target=\"_blank\" title=\"ORCID iD\" rel=\"noopener noreferrer\"><img loading=\"lazy\" decoding=\"async\" class=\"alignnone size-full wp-image-1012\" src=\"http:\/\/www.icesi.edu.co\/editorial\/wp-content\/uploads\/2020\/06\/ORCIDiD_icon16x16.png\" style=\"margin-right: 6px;\" alt=\"Icono ORCID\" width=\"16\" height=\"16\"><\/a><b>Jorge Galindo D\u00edaz<\/b>, Universidad Nacional de Colombia (Manizales, Colombia)<\/li>\n<li style=\"text-align: justify;\"><a href=\"https:\/\/orcid.org\/0000-0002-6893-8500\" target=\"_blank\" title=\"ORCID iD\" rel=\"noopener noreferrer\"><img loading=\"lazy\" decoding=\"async\" class=\"alignnone size-full wp-image-1012\" src=\"http:\/\/www.icesi.edu.co\/editorial\/wp-content\/uploads\/2020\/06\/ORCIDiD_icon16x16.png\" style=\"margin-right: 6px;\" alt=\"Icono ORCID\" width=\"16\" height=\"16\"><\/a><b>Erick Abdel Figueroa Pereira<\/b>, Universidad del Atl\u00e1ntico (Barranquilla, Colombia)<\/li>\n<li style=\"text-align: justify;\"><a href=\"https:\/\/orcid.org\/0000-0003-0935-713X\" target=\"_blank\" title=\"ORCID iD\" rel=\"noopener noreferrer\"><img loading=\"lazy\" decoding=\"async\" class=\"alignnone size-full wp-image-1012\" src=\"http:\/\/www.icesi.edu.co\/editorial\/wp-content\/uploads\/2020\/06\/ORCIDiD_icon16x16.png\" style=\"margin-right: 6px;\" alt=\"Icono ORCID\" width=\"16\" height=\"16\"><\/a><b>Germ\u00e1n Mej\u00eda Pavony<\/b>, Pontificia Universidad Javeriana (Bogot\u00e1, Colombia)<\/li>\n<li style=\"text-align: justify;\"><a href=\"https:\/\/orcid.org\/0000-0002-4645-1937\" target=\"_blank\" title=\"ORCID iD\" rel=\"noopener noreferrer\"><img loading=\"lazy\" decoding=\"async\" class=\"alignnone size-full wp-image-1012\" src=\"http:\/\/www.icesi.edu.co\/editorial\/wp-content\/uploads\/2020\/06\/ORCIDiD_icon16x16.png\" style=\"margin-right: 6px;\" alt=\"Icono ORCID\" width=\"16\" height=\"16\"><\/a><b>Jos\u00e9 Alejandro Cifuentes Sarmiento<\/b>, Pontificia Universidad Javeriana (Bogot\u00e1, Colombia)<\/li>\n<li style=\"text-align: justify;\"><a href=\"https:\/\/orcid.org\/0000-0003-2972-7142\" target=\"_blank\" title=\"ORCID iD\" rel=\"noopener noreferrer\"><img loading=\"lazy\" decoding=\"async\" class=\"alignnone size-full wp-image-1012\" src=\"http:\/\/www.icesi.edu.co\/editorial\/wp-content\/uploads\/2020\/06\/ORCIDiD_icon16x16.png\" style=\"margin-right: 6px;\" alt=\"Icono ORCID\" width=\"16\" height=\"16\"><\/a><b>Gustavo Adolfo Arteaga Botero<\/b>, Pontificia Universidad Javeriana (Cali, Colombia)<\/li>\n<li style=\"text-align: justify;\"><a href=\"https:\/\/orcid.org\/0000-0002-2128-727X\" target=\"_blank\" title=\"ORCID iD\" rel=\"noopener noreferrer\"><img loading=\"lazy\" decoding=\"async\" class=\"alignnone size-full wp-image-1012\" src=\"http:\/\/www.icesi.edu.co\/editorial\/wp-content\/uploads\/2020\/06\/ORCIDiD_icon16x16.png\" style=\"margin-right: 6px;\" alt=\"Icono ORCID\" width=\"16\" height=\"16\"><\/a><b>Jaime Eduardo Londo\u00f1o Motta<\/b>, Universidad Icesi (Cali, Colombia)<\/li>\n<li style=\"text-align: justify;\"><a href=\"https:\/\/orcid.org\/0000-0002-6910-8859\" target=\"_blank\" title=\"ORCID iD\" rel=\"noopener noreferrer\"><img loading=\"lazy\" decoding=\"async\" class=\"alignnone size-full wp-image-1012\" src=\"http:\/\/www.icesi.edu.co\/editorial\/wp-content\/uploads\/2020\/06\/ORCIDiD_icon16x16.png\" style=\"margin-right: 6px;\" alt=\"Icono ORCID\" width=\"16\" height=\"16\"><\/a><b>Adriana Mar\u00eda Su\u00e1rez Mayorga<\/b>, Investigadora Independiente (Colombia)<\/li>\n<li style=\"text-align: justify;\"><a href=\"https:\/\/orcid.org\/0000-0002-2548-1723\" target=\"_blank\" title=\"ORCID iD\" rel=\"noopener noreferrer\"><img loading=\"lazy\" decoding=\"async\" class=\"alignnone size-full wp-image-1012\" src=\"http:\/\/www.icesi.edu.co\/editorial\/wp-content\/uploads\/2020\/06\/ORCIDiD_icon16x16.png\" style=\"margin-right: 6px;\" alt=\"Icono ORCID\" width=\"16\" height=\"16\"><\/a><b>Marcela Falla Guti\u00e9rrez<\/b>, Universidad de San Buenaventura (Cali, Colombia)<\/li>\n<\/ul><\/li><li class=\"tab-pane \" id=\"ert_pane1-3\"><table>\n<tbody>\n<tr class=\"first odd\">\n<th width=\"150\">\n<p style=\"text-align: left;\">T\u00edtulo (ingl\u00e9s):<\/p>\n<\/th>\n<td class=\"data last\">Trajectories and spaces. Intersections around the thought of Jacques Aprile-Gniset.<\/td>\n<\/tr>\n<tr class=\"even\">\n<th>\n<p style=\"text-align: left;\">DOI\/URL:<\/p>\n<\/th>\n<td class=\"data last\"><a href=\"https:\/\/doi.org\/10.18046\/EUI\/ee.9.2021\" target=\"_blank\" rel=\"noopener noreferrer\">https:\/\/doi.org\/10.18046\/EUI\/ee.9.2021<\/a><\/td>\n<\/tr>\n<tr class=\"odd\">\n<th>\n<p style=\"text-align: left;\">Editorial(es):<\/p>\n<\/th>\n<td class=\"data last\">Pontificia Universidad Javeriana y Universidad Icesi.<\/td>\n<\/tr>\n<tr class=\"even\">\n<th>\n<p style=\"text-align: left;\">Autores:<\/p>\n<\/th>\n<td class=\"data last\">Eulalia Hern\u00e1ndez Ciro, Alberto Saldarriaga Roa, Jorge Galindo D\u00edaz, Erick Abdel Figueroa Pereira, Adriana Mar\u00eda Su\u00e1rez Mayorga, Germ\u00e1n Rodrigo Mej\u00eda Pavony, Jos\u00e9 Alejandro Cifuentes Sarmiento, Jaime Eduardo Londo\u00f1o Motta, Gustavo Adolfo Arteaga Botero, Marcela Falla Guti\u00e9rrez y Joaqu\u00edn Llorca.<\/td>\n<\/tr>\n<tr class=\"odd\">\n<th>\n<p style=\"text-align: left;\">Palabras clave:<\/p>\n<\/th>\n<td class=\"data last\">Estudios urbanos, Jacques Aprile-Gniset, Sociedad, Arquitectura, Colombia.<\/td>\n<\/tr>\n<tr class=\"even\">\n<th>\n<p style=\"text-align: left;\">ISBN:<\/p>\n<\/th>\n<td class=\"data last\">978-628-7536-15-9 \/ 978-628-7536-16-6 (ePub).<\/td>\n<\/tr>\n<tr class=\"odd\">\n<th>\n<p style=\"text-align: left;\">Fecha de edici\u00f3n:<\/p>\n<\/th>\n<td class=\"data last\">Diciembre de 2021.<\/td>\n<\/tr>\n<tr class=\"even\">\n<th>\n<p style=\"text-align: left;\">No. de p\u00e1ginas:<\/p>\n<\/th>\n<td class=\"data last\">318.<\/td>\n<\/tr>\n<tr class=\"odd\">\n<th>\n<p style=\"text-align: left;\">Idioma(s):<\/p>\n<\/th>\n<td class=\"data last\">Espa\u00f1ol.<\/td>\n<\/tr>\n<tr class=\"even\">\n<th>\n<p style=\"text-align: left;\">Formato(s):<\/p>\n<\/th>\n<td class=\"data last\">Libro impreso y electr\u00f3nico.<\/td>\n<\/tr>\n<tr class=\"odd\">\n<th>\n<p style=\"text-align: left;\">Alto x ancho:<\/p>\n<\/th>\n<td class=\"data last\">24 x 17 cm<\/td>\n<\/tr>\n<tr class=\"even\">\n<th>\n<p style=\"text-align: left;\">Colecci\u00f3n:<\/p>\n<\/th>\n<td class=\"data last\">Edici\u00f3n especial.<\/td>\n<\/tr>\n<tr class=\"odd\">\n<th>\n<p style=\"text-align: left;\">Producto:<\/p>\n<\/th>\n<td class=\"data last\">Libro de investigaci\u00f3n.<\/td>\n<\/tr>\n<tr class=\"even\">\n<th>\n<p style=\"text-align: left;\">Observaciones:<\/p>\n<\/th>\n<td class=\"data last\">Incluye referencias bibliogr\u00e1ficas.<\/td>\n<\/tr>\n<tr class=\"last odd\">\n<th>\n<p style=\"text-align: left;\">Registro DSpace:<\/p>\n<\/th>\n<td class=\"data last\"><a href=\"https:\/\/doi.org\/10.18046\/EUI\/ee.9.2021\" target=\"_blank\" rel=\"noopener noreferrer\"><img loading=\"lazy\" decoding=\"async\" class=\"alignnone size-full wp-image-1012\" src=\"http:\/\/www.icesi.edu.co\/editorial\/wp-content\/uploads\/2016\/04\/downloadIcon-e1460499009176.png\" alt=\"Icono de Repositorio - Contenido en la Nube\" width=\"25\" height=\"25\"><\/a><\/td>\n<\/tr>\n<\/tbody>\n<\/table><\/li><\/ul><\/div><\/div>\n","protected":false},"excerpt":{"rendered":"<p>T\u00edtulo completo: Trayectorias y espacios. Intersecciones en torno al pensamiento de Jacques Aprile-Gniset. Editores: Joaqu\u00edn Llorca y Eulalia Hern\u00e1ndez Ciro. Autores: Eulalia Hern\u00e1ndez Ciro, Alberto Saldarriaga Roa, Jorge Galindo D\u00edaz, Erick Abdel Figueroa Pereira, Adriana Mar\u00eda Su\u00e1rez Mayorga, Germ\u00e1n Rodrigo Mej\u00eda Pavony, Jos\u00e9 Alejandro Cifuentes Sarmiento, Jaime Eduardo Londo\u00f1o Motta, Gustavo Adolfo Arteaga Botero, Marcela [&hellip;]<\/p>\n","protected":false},"author":3,"featured_media":7506,"comment_status":"closed","ping_status":"closed","sticky":false,"template":"","format":"standard","meta":{"footnotes":""},"categories":[372],"tags":[72,81,108,274,338,473,838,874,876,877,902,907],"class_list":["post-7504","post","type-post","status-publish","format-standard","has-post-thumbnail","hentry","category-coediciones","tag-fdcs","tag-sociedad","tag-estudios-urbanos","tag-libro-de-investigacion","tag-pontificia-universidad-javeriana-sede-cali","tag-jaime-eduardo-londono-motta","tag-838","tag-filcali-2023","tag-jacques-aprile-gniset","tag-arquitectura","tag-fch","tag-filbo-2024"],"_links":{"self":[{"href":"https:\/\/www.icesi.edu.co\/editorial\/wp-json\/wp\/v2\/posts\/7504","targetHints":{"allow":["GET"]}}],"collection":[{"href":"https:\/\/www.icesi.edu.co\/editorial\/wp-json\/wp\/v2\/posts"}],"about":[{"href":"https:\/\/www.icesi.edu.co\/editorial\/wp-json\/wp\/v2\/types\/post"}],"author":[{"embeddable":true,"href":"https:\/\/www.icesi.edu.co\/editorial\/wp-json\/wp\/v2\/users\/3"}],"replies":[{"embeddable":true,"href":"https:\/\/www.icesi.edu.co\/editorial\/wp-json\/wp\/v2\/comments?post=7504"}],"version-history":[{"count":6,"href":"https:\/\/www.icesi.edu.co\/editorial\/wp-json\/wp\/v2\/posts\/7504\/revisions"}],"predecessor-version":[{"id":7761,"href":"https:\/\/www.icesi.edu.co\/editorial\/wp-json\/wp\/v2\/posts\/7504\/revisions\/7761"}],"wp:featuredmedia":[{"embeddable":true,"href":"https:\/\/www.icesi.edu.co\/editorial\/wp-json\/wp\/v2\/media\/7506"}],"wp:attachment":[{"href":"https:\/\/www.icesi.edu.co\/editorial\/wp-json\/wp\/v2\/media?parent=7504"}],"wp:term":[{"taxonomy":"category","embeddable":true,"href":"https:\/\/www.icesi.edu.co\/editorial\/wp-json\/wp\/v2\/categories?post=7504"},{"taxonomy":"post_tag","embeddable":true,"href":"https:\/\/www.icesi.edu.co\/editorial\/wp-json\/wp\/v2\/tags?post=7504"}],"curies":[{"name":"wp","href":"https:\/\/api.w.org\/{rel}","templated":true}]}}