{"id":7892,"date":"2024-09-23T17:56:00","date_gmt":"2024-09-23T22:56:00","guid":{"rendered":"https:\/\/www.icesi.edu.co\/editorial\/?p=7892"},"modified":"2025-05-06T10:31:40","modified_gmt":"2025-05-06T15:31:40","slug":"voces","status":"publish","type":"post","link":"https:\/\/www.icesi.edu.co\/editorial\/voces\/","title":{"rendered":"Voces de la equidad"},"content":{"rendered":"<div class=\"ead-preview\"><div class=\"ead-document\" style=\"position: relative;\"><div class=\"ead-iframe-wrapper\"><iframe src=\"\/\/docs.google.com\/viewer?url=https%3A%2F%2Frepository.icesi.edu.co%2Fbiblioteca_digital%2Fbitstream%2F10906%2F128061%2F1%2Fibarguen_voces_equidad_2024.pdf&amp;embedded=true&amp;hl=en\" title=\"Embedded Document\" class=\"ead-iframe\" style=\"width: 0px;height: 0px;border: none;visibility: hidden;\"><\/iframe><\/div>\t\t\t<div class=\"ead-document-loading\" style=\"width:100%;height:100%;position:absolute;left:0;top:0;z-index:10;\">\n\t\t\t\t<div class=\"ead-loading-wrap\">\n\t\t\t\t\t<div class=\"ead-loading-main\">\n\t\t\t\t\t\t<div class=\"ead-loading\">\n\t\t\t\t\t\t\t<img loading=\"lazy\" decoding=\"async\" src=\"https:\/\/www.icesi.edu.co\/editorial\/wp-content\/plugins\/embed-any-document\/images\/loading.svg\" width=\"55\" height=\"55\" alt=\"Loader\">\n\t\t\t\t\t\t\t<span>Loading...<\/span>\n\t\t\t\t\t\t<\/div>\n\t\t\t\t\t<\/div>\n\t\t\t\t\t<div class=\"ead-loading-foot\">\n\t\t\t\t\t\t<div class=\"ead-loading-foot-title\">\n\t\t\t\t\t\t\t<img loading=\"lazy\" decoding=\"async\" src=\"https:\/\/www.icesi.edu.co\/editorial\/wp-content\/plugins\/embed-any-document\/images\/EAD-logo.svg\" alt=\"EAD Logo\" width=\"36\" height=\"23\"\/>\n\t\t\t\t\t\t\t<span>Taking too long?<\/span>\n\t\t\t\t\t\t<\/div>\n\t\t\t\t\t\t<p>\n\t\t\t\t\t\t\t<div class=\"ead-document-btn ead-reload-btn\" role=\"button\">\n\t\t\t\t\t\t\t\t<img loading=\"lazy\" decoding=\"async\" src=\"https:\/\/www.icesi.edu.co\/editorial\/wp-content\/plugins\/embed-any-document\/images\/reload.svg\" alt=\"Reload\" width=\"12\" height=\"12\"\/> Reload document\t\t\t\t\t\t\t<\/div>\n\t\t\t\t\t\t\t<span>|<\/span>\n\t\t\t\t\t\t\t<a href=\"https:\/\/repository.icesi.edu.co\/biblioteca_digital\/bitstream\/10906\/128061\/1\/ibarguen_voces_equidad_2024.pdf\" class=\"ead-document-btn\" target=\"_blank\" rel=\"noopener\">\n\t\t\t\t\t\t\t\t<img loading=\"lazy\" decoding=\"async\" src=\"https:\/\/www.icesi.edu.co\/editorial\/wp-content\/plugins\/embed-any-document\/images\/open.svg\" alt=\"Open\" width=\"12\" height=\"12\"\/> Open in new tab\t\t\t\t\t\t\t<\/a>\n\t\t\t\t\t<\/div>\n\t\t\t\t<\/div>\n\t\t\t<\/div>\n\t\t<\/div><p class=\"embed_download\"><a href=\"https:\/\/repository.icesi.edu.co\/biblioteca_digital\/bitstream\/10906\/128061\/1\/ibarguen_voces_equidad_2024.pdf\" download target=\"_blank\" rel=\"noopener\">Download\/Descargar <\/a><\/p><\/div>\n<strong>T\u00edtulo completo:<\/strong> Voces de la equidad.<br \/>\n<strong>Colecci\u00f3n:<\/strong> Maestr\u00eda en Creaci\u00f3n Literaria y Narrativas Digitales (ma.clnd) | <strong>No.:<\/strong> 2.<br \/>\n<strong>Compiladora:<\/strong> Lizeth Sinisterra Ossa.<br \/>\n<strong>Autoras:<\/strong> Fallola Ibarg\u00fcen, Sonia Alexandra Qui\u00f1ones Mina, Vanessa Castro \u00c1lvarez, Flor B\u00e1rcenas, Hodaris Liliana Riascos Gongora, Katherine Mosquera, Lina Mosquera, Luz Colombia Murillo, Lina Lugo Maturana, Ginna Liceth Ramos Castillo y Laura Quintero Sarmiento.<br \/>\n<strong>Editorial:<\/strong> Universidad Icesi.<br \/>\n<strong>A\u00f1o de edici\u00f3n:<\/strong> 2024 | <strong>ISBN:<\/strong> 978-628-7740-71-6.<br \/>\n<span id=\"post-ratings-7892\" class=\"post-ratings\" data-nonce=\"62197aefab\"><img decoding=\"async\" id=\"rating_7892_1\" src=\"https:\/\/www.icesi.edu.co\/editorial\/wp-content\/plugins\/wp-postratings\/images\/stars_crystal\/rating_on.gif\" alt=\"1 estrella\" title=\"1 estrella\" onmouseover=\"current_rating(7892, 1, '1 estrella');\" onmouseout=\"ratings_off(3.3, 4, 0);\" onclick=\"rate_post();\" onkeypress=\"rate_post();\" style=\"cursor: pointer; border: 0px;\" \/><img decoding=\"async\" id=\"rating_7892_2\" src=\"https:\/\/www.icesi.edu.co\/editorial\/wp-content\/plugins\/wp-postratings\/images\/stars_crystal\/rating_on.gif\" alt=\"2 estrellas\" title=\"2 estrellas\" onmouseover=\"current_rating(7892, 2, '2 estrellas');\" onmouseout=\"ratings_off(3.3, 4, 0);\" onclick=\"rate_post();\" onkeypress=\"rate_post();\" style=\"cursor: pointer; border: 0px;\" \/><img decoding=\"async\" id=\"rating_7892_3\" src=\"https:\/\/www.icesi.edu.co\/editorial\/wp-content\/plugins\/wp-postratings\/images\/stars_crystal\/rating_on.gif\" alt=\"3 estrellas\" title=\"3 estrellas\" onmouseover=\"current_rating(7892, 3, '3 estrellas');\" onmouseout=\"ratings_off(3.3, 4, 0);\" onclick=\"rate_post();\" onkeypress=\"rate_post();\" style=\"cursor: pointer; border: 0px;\" \/><img decoding=\"async\" id=\"rating_7892_4\" src=\"https:\/\/www.icesi.edu.co\/editorial\/wp-content\/plugins\/wp-postratings\/images\/stars_crystal\/rating_half.gif\" alt=\"4 estrellas\" title=\"4 estrellas\" onmouseover=\"current_rating(7892, 4, '4 estrellas');\" onmouseout=\"ratings_off(3.3, 4, 0);\" onclick=\"rate_post();\" onkeypress=\"rate_post();\" style=\"cursor: pointer; border: 0px;\" \/><img decoding=\"async\" id=\"rating_7892_5\" src=\"https:\/\/www.icesi.edu.co\/editorial\/wp-content\/plugins\/wp-postratings\/images\/stars_crystal\/rating_off.gif\" alt=\"5 estrellas\" title=\"5 estrellas\" onmouseover=\"current_rating(7892, 5, '5 estrellas');\" onmouseout=\"ratings_off(3.3, 4, 0);\" onclick=\"rate_post();\" onkeypress=\"rate_post();\" style=\"cursor: pointer; border: 0px;\" \/> (<strong>3<\/strong> votos, promedio: <strong>3,33<\/strong> sobre 5)<br \/><span class=\"post-ratings-text\" id=\"ratings_7892_text\"><\/span><\/span><span id=\"post-ratings-7892-loading\" class=\"post-ratings-loading\"><img loading=\"lazy\" decoding=\"async\" src=\"https:\/\/www.icesi.edu.co\/editorial\/wp-content\/plugins\/wp-postratings\/images\/loading.gif\" width=\"16\" height=\"16\" class=\"post-ratings-image\" \/>Loading...<\/span>\n<table style=\"border: none;\">\n<tbody style=\"border: none;\">\n<tr valign=\"top\">\n<td valign=\"top\" style=\"border: none; vertical-align: top; height: 50%; width: 125px;\"><script type=\"text\/javascript\" src=\"\/\/cdn.plu.mx\/widget-popup.js\"><\/script><a href=\"https:\/\/plu.mx\/plum\/a\/?doi=10.18046\/EUI\/ma.clnd.2.2024\" data-popup=\"right\" data-size=\"large\" class=\"plumx-plum-print-popup\" data-site=\"plum\" data-hide-when-empty=\"true\" data-lang=\"es\" target=\"_blank\" rel=\"noopener\">Voces de la equidad<\/a><\/td>\n<td style=\"border: none; vertical-align: top; height: 50%; width: 125px;\"><script type=\"text\/javascript\" src=\"https:\/\/d1bxh8uas1mnw7.cloudfront.net\/assets\/embed.js\"><\/script><\/p>\n<div class=\"altmetric-embed\" data-badge-type=\"donut\" data-altmetric-id=\"\"><\/div>\n<\/td>\n<td style=\"border: none; vertical-align: middle;\"><span class=\"__dimensions_badge_embed__\" data-doi=\"10.18046\/EUI\/ma.clnd.2.2024\" data-hide-zero-citations=\"true\" data-legend=\"hover-right\" data-style=\"small_circle\"><\/span><script async=\"\" src=\"https:\/\/badge.dimensions.ai\/badge.js\" charset=\"utf-8\"><\/script><\/td>\n<\/tr>\n<\/tbody>\n<\/table>\n<div class=\"osc-res-tab tabbable   osc-tabs-left\"><div style=\"clear:both;width: 100%;\"><ul class=\"nav osc-res-nav nav-pills osc-tabs-left-ul\" id=\"oscitas-restabs-1-voces-67252\"><li class=\"active\"><a href=\"#ert_pane1-0\" data-toggle=\"tab\">Descripci\u00f3n<\/a><\/li><li class=\"\"><a href=\"#ert_pane1-1\" data-toggle=\"tab\">Contenido<\/a><\/li><li class=\"\"><a href=\"#ert_pane1-2\" data-toggle=\"tab\">Autoras<\/a><\/li><li class=\"\"><a href=\"#ert_pane1-3\" data-toggle=\"tab\">Catalogaci\u00f3n<\/a><\/li><\/ul><\/div><div style=\"clear:both;width: 100%;\"><ul class=\"tab-content\" id=\"oscitas-restabcontent-1-voces-67252\"><li class=\"tab-pane active\" id=\"ert_pane1-0\"><p style=\"text-align: justify;\"><i>Voces de la equidad<\/i> est\u00e1 compuesto por once autor\u00edas de mujeres en diferentes g\u00e9neros literarios. Estos relatos, cuentos y poes\u00eda nos conectan con la nostalgia y el desasosiego, el amor y la celebraci\u00f3n por la vida, los recuerdos, la oralidad y ancestralidad del Pac\u00edfico colombiano, el destierro, la muerte, pero tambi\u00e9n la resistencia, libertad y esperanza.<\/p>\n<p style=\"text-align: justify;\"><strong>C\u00f3mo citar (APA): <\/strong>Sinisterra Ossa, L. (comp.) (2024). <i>Voces de la equidad<\/i>. Cali: Editorial Universidad Icesi. DOI: <a href=\"https:\/\/doi.org\/10.18046\/EUI\/ma.clnd.2.2024\" target=\"_blank\" rel=\"noopener noreferrer\">https:\/\/doi.org\/10.18046\/EUI\/ma.clnd.2.2024<\/a><\/p><\/li><li class=\"tab-pane \" id=\"ert_pane1-1\"><strong>Tabla de contenido:<\/strong><\/p>\n<p>Presentaci\u00f3n<br \/>\n<i>Lizeth Sinisterra Ossa<\/i><\/p>\n<p><strong><u>Cuentos y relatos<\/u><\/strong><\/p>\n<p><strong>1 \/ Fallola Ibarg\u00fcen<\/strong><br \/>\n<i>La oraci\u00f3n de do\u00f1a Eugenia<\/i><br \/>\n<i>Vigilia<\/i><br \/>\n<i>La maleta<\/i><br \/>\n<i>La ni\u00f1a que no pregunt\u00f3 m\u00e1s<\/i><br \/>\n<i>La palma<\/i><br \/>\n<i>Cobalto busca amaranto<\/i><br \/>\n<i>La vieja Mar\u00eda<\/i><br \/>\n<i>Luciana<\/i><br \/>\n<i>Yurumanguire\u00f1a<\/i><br \/>\n<i>Esencia para restaurar la capacidad de amar<\/i><br \/>\n<i>La hora de las lavanderas<\/i><\/p>\n<p><strong>2 \/ Sonia Alexandra Qui\u00f1ones Mina<\/strong><br \/>\n<i>La maldici\u00f3n de la casa siete<\/i><\/p>\n<p><strong>3 \/ Vanessa Castro \u00c1lvarez<\/strong><br \/>\n<i>Victorial<\/i><\/p>\n<p><strong>4 \/ Flor B\u00e1rcenas<\/strong><br \/>\n<i>P\u00e1jaros en las u\u00f1as<\/i><\/p>\n<p><strong>5 \/ Hodaris Liliana Riascos Gongora<\/strong><br \/>\n<i>La larga espera<\/i><\/p>\n<p><strong>6 \/ Katherine Mosquera<\/strong><br \/>\n<i>Ar\u00f3n<\/i><\/p>\n<p><strong>7 \/ Lina Mosquera<\/strong><br \/>\n<i>\u00c1rbol de zapote<\/i><br \/>\n<i>Oscuridad<\/i><br \/>\n<i>Libertad<\/i><\/p>\n<p><strong>8 \/ Luz Colombia Murillo<\/strong><br \/>\n<i>Una pizca de an\u00eds y mil de canela<\/i><\/p>\n<p><strong>9 \/ Lina Lugo Maturana<\/strong><br \/>\n<i>Madera Fina<\/i><\/p>\n<p><strong>10 \/ Ginna Liceth Ramos Castillo<\/strong><br \/>\n<i>Alika<\/i><br \/>\n<i>Ciudad de chocolate<\/i><br \/>\n<i>La cena<\/i><br \/>\n<i>La desaparici\u00f3n<\/i><br \/>\n<i>Racismo inminente<\/i><br \/>\n<i>La vida de las personas negras importa<\/i><\/p>\n<p><strong>11 \/ Laura Quintero Sarmiento<\/strong><br \/>\n<i>Cuando las mujeres negras aman<\/i><br \/><\/li><li class=\"tab-pane \" id=\"ert_pane1-2\"><ul>\n<li style=\"text-align: justify;\">Fallola Ibarg\u00fcen<\/li>\n<li style=\"text-align: justify;\">Sonia Alexandra Qui\u00f1ones Mina<\/li>\n<li style=\"text-align: justify;\">Vanessa Castro \u00c1lvarez<\/li>\n<li style=\"text-align: justify;\">Flor B\u00e1rcenas<\/li>\n<li style=\"text-align: justify;\">Hodaris Liliana Riascos Gongora<\/li>\n<li style=\"text-align: justify;\">Katherine Mosquera<\/li>\n<li style=\"text-align: justify;\">Lina Mosquera<\/li>\n<li style=\"text-align: justify;\">Luz Colombia Murillo<\/li>\n<li style=\"text-align: justify;\">Lina Lugo Maturana<\/li>\n<li style=\"text-align: justify;\">Ginna Liceth Ramos Castillo<\/li>\n<li style=\"text-align: justify;\">Laura Quintero Sarmiento<\/li>\n<\/ul><\/li><li class=\"tab-pane \" id=\"ert_pane1-3\"><table>\n<tbody>\n<tr class=\"first odd\">\n<th width=\"160\">\n<p style=\"text-align: left;\">T\u00edtulo (ingl\u00e9s):<\/p>\n<\/th>\n<td class=\"data last\">Voices of equity.<\/td>\n<\/tr>\n<tr class=\"even\">\n<th>\n<p style=\"text-align: left;\">DOI\/URL:<\/p>\n<\/th>\n<td class=\"data last\"><a href=\"https:\/\/doi.org\/10.18046\/EUI\/ma.clnd.2.2024\" target=\"_blank\" rel=\"noopener noreferrer\">https:\/\/doi.org\/10.18046\/EUI\/ma.clnd.2.2024<\/a><\/td>\n<\/tr>\n<tr class=\"odd\">\n<th>\n<p style=\"text-align: left;\">Editorial(es):<\/p>\n<\/th>\n<td class=\"data last\">Universidad Icesi.<\/td>\n<\/tr>\n<tr class=\"even\">\n<th>\n<p style=\"text-align: left;\">Autoras:<\/p>\n<\/th>\n<td class=\"data last\">Fallola Ibarg\u00fcen, Sonia Alexandra Qui\u00f1ones Mina, Vanessa Castro \u00c1lvarez, Flor B\u00e1rcenas, Hodaris Liliana Riascos Gongora, Katherine Mosquera, Lina Mosquera, Luz Colombia Murillo, Lina Lugo Maturana, Ginna Liceth Ramos Castillo y Laura Quintero Sarmiento.<\/td>\n<\/tr>\n<tr class=\"odd\">\n<th>\n<p style=\"text-align: left;\">Palabras clave:<\/p>\n<\/th>\n<td class=\"data last\">Cuentos, Relatos, Poemas, Escritura creativa.<\/td>\n<\/tr>\n<tr class=\"even\">\n<th>\n<p style=\"text-align: left;\">ISBN:<\/p>\n<\/th>\n<td class=\"data last\">978-628-7740-71-6.<\/td>\n<\/tr>\n<tr class=\"odd\">\n<th>\n<p style=\"text-align: left;\">Fecha de edici\u00f3n:<\/p>\n<\/th>\n<td class=\"data last\">Septiembre de 2024.<\/td>\n<\/tr>\n<tr class=\"even\">\n<th>\n<p style=\"text-align: left;\">No. de p\u00e1ginas:<\/p>\n<\/th>\n<td class=\"data last\">260.<\/td>\n<\/tr>\n<tr class=\"odd\">\n<th>\n<p style=\"text-align: left;\">Idioma(s):<\/p>\n<\/th>\n<td class=\"data last\">Espa\u00f1ol.<\/td>\n<\/tr>\n<tr class=\"even\">\n<th>\n<p style=\"text-align: left;\">Formato(s):<\/p>\n<\/th>\n<td class=\"data last\">Libro impreso y electr\u00f3nico (PDF).<\/td>\n<\/tr>\n<tr class=\"odd\">\n<th>\n<p style=\"text-align: left;\">Alto x ancho:<\/p>\n<\/th>\n<td class=\"data last\">22,5 x 15,5 cm.<\/td>\n<\/tr>\n<tr class=\"even\">\n<th>\n<p style=\"text-align: left;\">Colecci\u00f3n:<\/p>\n<\/th>\n<td class=\"data last\">Maestr\u00eda en Creaci\u00f3n Literaria y Narrativas Digitales (ma.clnd) [2].<\/td>\n<\/tr>\n<tr class=\"odd\">\n<th>\n<p style=\"text-align: left;\">Producto:<\/p>\n<\/th>\n<td class=\"data last\">Libro de inter\u00e9s general.<\/td>\n<\/tr>\n<tr class=\"even\">\n<th>\n<p style=\"text-align: left;\">Observaciones:<\/p>\n<\/th>\n<td class=\"data last\">Incluye ilustraciones.<\/td>\n<\/tr>\n<tr class=\"last odd\">\n<th>\n<p style=\"text-align: left;\">Registro DSpace:<\/p>\n<\/th>\n<td class=\"data last\"><a href=\"https:\/\/doi.org\/10.18046\/EUI\/ma.clnd.2.2024\" target=\"_blank\" rel=\"noopener noreferrer\"><img loading=\"lazy\" decoding=\"async\" class=\"alignnone size-full wp-image-1012\" src=\"http:\/\/www.icesi.edu.co\/editorial\/wp-content\/uploads\/2016\/04\/downloadIcon-e1460499009176.png\" alt=\"Icono de Repositorio - Contenido en la Nube\" width=\"25\" height=\"25\"><\/a><\/td>\n<\/tr>\n<\/tbody>\n<\/table><\/li><\/ul><\/div><\/div>\n","protected":false},"excerpt":{"rendered":"<p>T\u00edtulo completo: Voces de la equidad. Colecci\u00f3n: Maestr\u00eda en Creaci\u00f3n Literaria y Narrativas Digitales (ma.clnd) | No.: 2. Compiladora: Lizeth Sinisterra Ossa. Autoras: Fallola Ibarg\u00fcen, Sonia Alexandra Qui\u00f1ones Mina, Vanessa Castro \u00c1lvarez, Flor B\u00e1rcenas, Hodaris Liliana Riascos Gongora, Katherine Mosquera, Lina Mosquera, Luz Colombia Murillo, Lina Lugo Maturana, Ginna Liceth Ramos Castillo y Laura Quintero [&hellip;]<\/p>\n","protected":false},"author":3,"featured_media":7961,"comment_status":"closed","ping_status":"closed","sticky":false,"template":"","format":"standard","meta":{"footnotes":""},"categories":[915],"tags":[638,981,957,922,921,920,919,918,902,892,712,687,140,581,580,465,341,287,256,251,250,221,209],"class_list":["post-7892","post","type-post","status-publish","format-standard","has-post-thumbnail","hentry","category-ma-clnd","tag-mujeres","tag-filbo-2025","tag-filcali-2024","tag-narrativas-afrodiasporicas","tag-afro-femenismos","tag-narrativa-corta","tag-literatura-contemporanea","tag-relatos","tag-fch","tag-892","tag-poesia-afrocolombiana","tag-escritura-creativa","tag-cronicas","tag-poesia","tag-mujeres-escritoras","tag-descarga-gratuita","tag-cuentos","tag-libro-de-interes-general","tag-centro-de-estudios-afrodiasporicos-ceaf","tag-resistencia","tag-mujeres-negras","tag-literatura","tag-pacifico-colombiano"],"_links":{"self":[{"href":"https:\/\/www.icesi.edu.co\/editorial\/wp-json\/wp\/v2\/posts\/7892","targetHints":{"allow":["GET"]}}],"collection":[{"href":"https:\/\/www.icesi.edu.co\/editorial\/wp-json\/wp\/v2\/posts"}],"about":[{"href":"https:\/\/www.icesi.edu.co\/editorial\/wp-json\/wp\/v2\/types\/post"}],"author":[{"embeddable":true,"href":"https:\/\/www.icesi.edu.co\/editorial\/wp-json\/wp\/v2\/users\/3"}],"replies":[{"embeddable":true,"href":"https:\/\/www.icesi.edu.co\/editorial\/wp-json\/wp\/v2\/comments?post=7892"}],"version-history":[{"count":8,"href":"https:\/\/www.icesi.edu.co\/editorial\/wp-json\/wp\/v2\/posts\/7892\/revisions"}],"predecessor-version":[{"id":8180,"href":"https:\/\/www.icesi.edu.co\/editorial\/wp-json\/wp\/v2\/posts\/7892\/revisions\/8180"}],"wp:featuredmedia":[{"embeddable":true,"href":"https:\/\/www.icesi.edu.co\/editorial\/wp-json\/wp\/v2\/media\/7961"}],"wp:attachment":[{"href":"https:\/\/www.icesi.edu.co\/editorial\/wp-json\/wp\/v2\/media?parent=7892"}],"wp:term":[{"taxonomy":"category","embeddable":true,"href":"https:\/\/www.icesi.edu.co\/editorial\/wp-json\/wp\/v2\/categories?post=7892"},{"taxonomy":"post_tag","embeddable":true,"href":"https:\/\/www.icesi.edu.co\/editorial\/wp-json\/wp\/v2\/tags?post=7892"}],"curies":[{"name":"wp","href":"https:\/\/api.w.org\/{rel}","templated":true}]}}