{"id":8403,"date":"2025-04-23T15:18:14","date_gmt":"2025-04-23T20:18:14","guid":{"rendered":"https:\/\/www.icesi.edu.co\/editorial\/?p=8403"},"modified":"2025-10-24T16:16:16","modified_gmt":"2025-10-24T21:16:16","slug":"lecturas-esenciales-1","status":"publish","type":"post","link":"https:\/\/www.icesi.edu.co\/editorial\/lecturas-esenciales-1\/","title":{"rendered":"Debates y genealog\u00edas revisitadas"},"content":{"rendered":"<div class=\"ead-preview\"><div class=\"ead-document\" style=\"position: relative;\"><div class=\"ead-iframe-wrapper\"><iframe src=\"\/\/docs.google.com\/viewer?url=https%3A%2F%2Frepository.icesi.edu.co%2Fbitstreams%2F5c5cc725-00a6-4d79-810d-8fe853e688cb%2Fdownload&amp;embedded=true&amp;hl=en\" title=\"Embedded Document\" class=\"ead-iframe\" style=\"width: 0px;height: 0px;border: none;visibility: hidden;\"><\/iframe><\/div>\t\t\t<div class=\"ead-document-loading\" style=\"width:100%;height:100%;position:absolute;left:0;top:0;z-index:10;\">\n\t\t\t\t<div class=\"ead-loading-wrap\">\n\t\t\t\t\t<div class=\"ead-loading-main\">\n\t\t\t\t\t\t<div class=\"ead-loading\">\n\t\t\t\t\t\t\t<img loading=\"lazy\" decoding=\"async\" src=\"https:\/\/www.icesi.edu.co\/editorial\/wp-content\/plugins\/embed-any-document\/images\/loading.svg\" width=\"55\" height=\"55\" alt=\"Loader\">\n\t\t\t\t\t\t\t<span>Loading...<\/span>\n\t\t\t\t\t\t<\/div>\n\t\t\t\t\t<\/div>\n\t\t\t\t\t<div class=\"ead-loading-foot\">\n\t\t\t\t\t\t<div class=\"ead-loading-foot-title\">\n\t\t\t\t\t\t\t<img loading=\"lazy\" decoding=\"async\" src=\"https:\/\/www.icesi.edu.co\/editorial\/wp-content\/plugins\/embed-any-document\/images\/EAD-logo.svg\" alt=\"EAD Logo\" width=\"36\" height=\"23\"\/>\n\t\t\t\t\t\t\t<span>Taking too long?<\/span>\n\t\t\t\t\t\t<\/div>\n\t\t\t\t\t\t<p>\n\t\t\t\t\t\t\t<div class=\"ead-document-btn ead-reload-btn\" role=\"button\">\n\t\t\t\t\t\t\t\t<img loading=\"lazy\" decoding=\"async\" src=\"https:\/\/www.icesi.edu.co\/editorial\/wp-content\/plugins\/embed-any-document\/images\/reload.svg\" alt=\"Reload\" width=\"12\" height=\"12\"\/> Reload document\t\t\t\t\t\t\t<\/div>\n\t\t\t\t\t\t\t<span>|<\/span>\n\t\t\t\t\t\t\t<a href=\"https:\/\/docs.google.com\/viewer?url=https%3A%2F%2Frepository.icesi.edu.co%2Fbitstreams%2F5c5cc725-00a6-4d79-810d-8fe853e688cb%2Fdownload&#038;hl=en\" class=\"ead-document-btn\" target=\"_blank\" rel=\"noopener\">\n\t\t\t\t\t\t\t\t<img loading=\"lazy\" decoding=\"async\" src=\"https:\/\/www.icesi.edu.co\/editorial\/wp-content\/plugins\/embed-any-document\/images\/open.svg\" alt=\"Open\" width=\"12\" height=\"12\"\/> Open in new tab\t\t\t\t\t\t\t<\/a>\n\t\t\t\t\t<\/div>\n\t\t\t\t<\/div>\n\t\t\t<\/div>\n\t\t<\/div><p class=\"embed_download\"><a href=\"https:\/\/repository.icesi.edu.co\/bitstreams\/5c5cc725-00a6-4d79-810d-8fe853e688cb\/download\" download target=\"_blank\" rel=\"noopener\">Download\/Descargar <\/a><\/p><\/div>\n<strong>T\u00edtulo completo:<\/strong> Debates y genealog\u00edas revisitadas. Estudios Afrocolombianos: lecturas esenciales (Tomo I)<br \/>\n<strong>Editores:<\/strong> Aurora Vergara Figueroa, Ang\u00e9lica Mar\u00eda S\u00e1nchez Barona y Alejandro de la Fuente.<br \/>\n<strong>Autores:<\/strong> George Palacios, Francisco Javier Fl\u00f3rez Bol\u00edvar, Jos\u00e9 Antonio Caicedo Ortiz, Laura Correa Ochoa, Rudy Amanda Hurtado-Garc\u00e9s, Alfonso M\u00fanera Cavad\u00eda, John Ant\u00f3n S\u00e1nchez, William Mina Arag\u00f3n, Aurora Vergara Figueroa, Ang\u00e9lica Mar\u00eda S\u00e1nchez Barona y Alejandro de la Fuente.<br \/>\n<strong>Editorial:<\/strong> Centro de Estudios Afrodiasp\u00f3ricos (CEAF) &#8211; Universidad Icesi.<br \/>\n<strong>ISBN:<\/strong> 978-628-7814-01-1.<br \/>\n<strong>ISBN (obra completa):<\/strong> 978-628-7814-00-4.<br \/>\n<strong>A\u00f1o de edici\u00f3n:<\/strong> 2025.<br \/>\n<span id=\"post-ratings-8403\" class=\"post-ratings\" data-nonce=\"58702334d7\"><img decoding=\"async\" id=\"rating_8403_1\" src=\"https:\/\/www.icesi.edu.co\/editorial\/wp-content\/plugins\/wp-postratings\/images\/stars_crystal\/rating_on.gif\" alt=\"1 estrella\" title=\"1 estrella\" onmouseover=\"current_rating(8403, 1, '1 estrella');\" onmouseout=\"ratings_off(5, 0, 0);\" onclick=\"rate_post();\" onkeypress=\"rate_post();\" style=\"cursor: pointer; border: 0px;\" \/><img decoding=\"async\" id=\"rating_8403_2\" src=\"https:\/\/www.icesi.edu.co\/editorial\/wp-content\/plugins\/wp-postratings\/images\/stars_crystal\/rating_on.gif\" alt=\"2 estrellas\" title=\"2 estrellas\" onmouseover=\"current_rating(8403, 2, '2 estrellas');\" onmouseout=\"ratings_off(5, 0, 0);\" onclick=\"rate_post();\" onkeypress=\"rate_post();\" style=\"cursor: pointer; border: 0px;\" \/><img decoding=\"async\" id=\"rating_8403_3\" src=\"https:\/\/www.icesi.edu.co\/editorial\/wp-content\/plugins\/wp-postratings\/images\/stars_crystal\/rating_on.gif\" alt=\"3 estrellas\" title=\"3 estrellas\" onmouseover=\"current_rating(8403, 3, '3 estrellas');\" onmouseout=\"ratings_off(5, 0, 0);\" onclick=\"rate_post();\" onkeypress=\"rate_post();\" style=\"cursor: pointer; border: 0px;\" \/><img decoding=\"async\" id=\"rating_8403_4\" src=\"https:\/\/www.icesi.edu.co\/editorial\/wp-content\/plugins\/wp-postratings\/images\/stars_crystal\/rating_on.gif\" alt=\"4 estrellas\" title=\"4 estrellas\" onmouseover=\"current_rating(8403, 4, '4 estrellas');\" onmouseout=\"ratings_off(5, 0, 0);\" onclick=\"rate_post();\" onkeypress=\"rate_post();\" style=\"cursor: pointer; border: 0px;\" \/><img decoding=\"async\" id=\"rating_8403_5\" src=\"https:\/\/www.icesi.edu.co\/editorial\/wp-content\/plugins\/wp-postratings\/images\/stars_crystal\/rating_on.gif\" alt=\"5 estrellas\" title=\"5 estrellas\" onmouseover=\"current_rating(8403, 5, '5 estrellas');\" onmouseout=\"ratings_off(5, 0, 0);\" onclick=\"rate_post();\" onkeypress=\"rate_post();\" style=\"cursor: pointer; border: 0px;\" \/> (<strong>8<\/strong> votos, promedio: <strong>5,00<\/strong> sobre 5)<br \/><span class=\"post-ratings-text\" id=\"ratings_8403_text\"><\/span><\/span><span id=\"post-ratings-8403-loading\" class=\"post-ratings-loading\"><img loading=\"lazy\" decoding=\"async\" src=\"https:\/\/www.icesi.edu.co\/editorial\/wp-content\/plugins\/wp-postratings\/images\/loading.gif\" width=\"16\" height=\"16\" class=\"post-ratings-image\" \/>Loading...<\/span>\n<table style=\"border: none;\">\n<tbody style=\"border: none;\">\n<tr valign=\"top\">\n<td valign=\"top\" style=\"border: none; vertical-align: top; height: 50%; width: 125px;\"><script type=\"text\/javascript\" src=\"\/\/cdn.plu.mx\/widget-popup.js\"><\/script><a href=\"https:\/\/plu.mx\/plum\/a\/?doi=10.18046\/EUI\/eale.1\" data-popup=\"right\" data-size=\"large\" class=\"plumx-plum-print-popup\" data-site=\"plum\" data-hide-when-empty=\"true\" data-lang=\"es\" target=\"_blank\" rel=\"noopener\">Debates y genealog\u00edas revisitadas. Estudios Afrocolombianos: lecturas esenciales (Tomo I)<\/a><\/td>\n<td style=\"border: none; vertical-align: top; height: 50%; width: 125px;\"><script type=\"text\/javascript\" src=\"https:\/\/d1bxh8uas1mnw7.cloudfront.net\/assets\/embed.js\"><\/script><\/p>\n<div class=\"altmetric-embed\" data-badge-type=\"donut\" data-altmetric-id=\"\"><\/div>\n<\/td>\n<td style=\"border: none; vertical-align: middle;\"><span class=\"__dimensions_badge_embed__\" data-doi=\"10.18046\/EUI\/eale.1\" data-hide-zero-citations=\"true\" data-legend=\"hover-right\" data-style=\"small_circle\"><\/span><script async=\"\" src=\"https:\/\/badge.dimensions.ai\/badge.js\" charset=\"utf-8\"><\/script><\/td>\n<\/tr>\n<\/tbody>\n<\/table>\n<div class=\"osc-res-tab tabbable   osc-tabs-left\"><div style=\"clear:both;width: 100%;\"><ul class=\"nav osc-res-nav nav-pills osc-tabs-left-ul\" id=\"oscitas-restabs-1-lecturas-esenciales-1-92773\"><li class=\"active\"><a href=\"#ert_pane1-0\" data-toggle=\"tab\">Descripci\u00f3n<\/a><\/li><li class=\"\"><a href=\"#ert_pane1-1\" data-toggle=\"tab\">Contenido<\/a><\/li><li class=\"\"><a href=\"#ert_pane1-2\" data-toggle=\"tab\">Autor(es)<\/a><\/li><li class=\"\"><a href=\"#ert_pane1-3\" data-toggle=\"tab\">Catalogaci\u00f3n<\/a><\/li><\/ul><\/div><div style=\"clear:both;width: 100%;\"><ul class=\"tab-content\" id=\"oscitas-restabcontent-1-lecturas-esenciales-1-92773\"><li class=\"tab-pane active\" id=\"ert_pane1-0\"><p style=\"text-align: justify;\">En este primer tomo se analizan las obras de autores afrocolombianos cuyas investigaciones han consolidado la base sobre la que hoy se erige este campo de estudios. La revisi\u00f3n de obras literarias de escritores como Candelario Obeso, Jorge Artel, Natanael D\u00edaz, Manuel Zapata Olivella, Aquiles Escalante, Arnoldo Palacios, Teresa Mart\u00ednez de Varela y Delia Zapata, entre otros, es el principal punto de encuentro de los investigadores e investigadoras de esta secci\u00f3n, quienes mediante sus reflexiones nos exhortan a reconocer sus textos como narrativa de denuncia que reconstruye el contexto pol\u00edtico y socioecon\u00f3mico de su tiempo.<\/p>\n<p style=\"text-align: justify;\"><strong>C\u00f3mo citar (APA):<\/strong> Vergara-Figueroa, A., S\u00e1nchez Barona, A., &#038; de la Fuente, A. (Eds.) (2025). <i>Debates y genealog\u00edas revisitadas. Estudios Afrocolombianos: lecturas esenciales<\/i> (Tomo I). Cali, Colombia: Centro de Estudios Afrodiasp\u00f3ricos (CEAF) &#8211; Universidad Icesi. DOI: <a href=\"https:\/\/doi.org\/10.18046\/EUI\/eale.1\" target=\"_blank\" rel=\"noopener noreferrer\">https:\/\/doi.org\/10.18046\/EUI\/eale.1<\/a><\/p><\/li><li class=\"tab-pane \" id=\"ert_pane1-1\"><strong>Tabla de contenido:<\/strong><\/p>\n<p>Agradecimientos<\/p>\n<p>Estudio introductorio. Colombia en el campo de los Estudios Afrolatinoamericanos<br \/>\n<i>Aurora Vergara Figueroa, Ang\u00e9lica Mar\u00eda S\u00e1nchez Barona y Alejandro de la Fuente<\/i><\/p>\n<p><strong>1 \/ Candelario Obeso, Jorge Artel y Manuel Zapata Olivella: di\u00e1logos y conexiones en tres voces herejes de la literatura colombiana<\/strong><br \/>\n<i>George Palacios y Francisco Javier Fl\u00f3rez Bol\u00edvar<\/i><\/p>\n<p><strong>2 \/ Entre <i>Tierra mojada y Las estrellas son negras<\/i>: contexto hist\u00f3rico de la <i>generaci\u00f3n del cuarenta<\/i> y novelas pioneras<\/strong><br \/>\n<i>Jos\u00e9 Antonio Caicedo-Ortiz<\/i><\/p>\n<p><strong>3 \/ Estudios Afrocolombianos: una historia transnacional y comparada<\/strong><br \/>\n<i>Laura Correa Ochoa<\/i><\/p>\n<p><strong>4 \/ Arqueolog\u00eda hist\u00f3rica del marxismo negro en Colombia. Tradici\u00f3n impresa de dos estrellas negras: Arnoldo Palacios y Manuel Zapata Olivella<\/strong><br \/>\n<i>Rudy Amanda Hurtado-Garc\u00e9s<\/i><\/p>\n<p><strong>5 \/ Elementos para una historia intelectual sobre el mestizaje colombiano y el lugar de Manuel Zapata Olivella<\/strong><br \/>\n<i>Alfonso M\u00fanera Cavad\u00eda<\/i><\/p>\n<p><strong>6 \/ La construcci\u00f3n y disputa del campo de los estudios afrodescendientes en la Antropolog\u00eda colombiana<\/strong><br \/>\n<i>John Ant\u00f3n S\u00e1nchez<\/i><\/p>\n<p><strong>7 \/ Afrointelectualidad en Colombia. Biblioteca Afrocolombiana de las Ciencias Sociales: un proyecto necesario<\/strong><br \/>\n<i>William Mina Arag\u00f3n<\/i><br \/><\/li><li class=\"tab-pane \" id=\"ert_pane1-2\"><ul>\n<li style=\"text-align: justify;\"><a href=\"https:\/\/orcid.org\/0000-0002-9101-4277\" target=\"_blank\" title=\"ORCID iD\" rel=\"noopener noreferrer\"><img loading=\"lazy\" decoding=\"async\" class=\"alignnone size-full wp-image-1012\" src=\"http:\/\/www.icesi.edu.co\/editorial\/wp-content\/uploads\/2020\/06\/ORCIDiD_icon16x16.png\" style=\"margin-right: 6px;\" alt=\"Icono ORCID\" width=\"16\" height=\"16\"><\/a><b>Aurora Vergara Figueroa<\/b>, Universidad de Harvard &#8211; ALARI (Cambridge, EE.UU.)<\/li>\n<li style=\"text-align: justify;\"><a href=\"https:\/\/orcid.org\/0000-0002-6326-7568\" target=\"_blank\" title=\"ORCID iD\" rel=\"noopener noreferrer\"><img loading=\"lazy\" decoding=\"async\" class=\"alignnone size-full wp-image-1012\" src=\"http:\/\/www.icesi.edu.co\/editorial\/wp-content\/uploads\/2020\/06\/ORCIDiD_icon16x16.png\" style=\"margin-right: 6px;\" alt=\"Icono ORCID\" width=\"16\" height=\"16\"><\/a><b>Ang\u00e9lica Mar\u00eda S\u00e1nchez Barona<\/b>, Universidad de Harvard &#8211; ALARI (Cambridge, EE.UU.)<\/li>\n<li style=\"text-align: justify;\"><a href=\"https:\/\/orcid.org\/0009-0000-0012-9945\" target=\"_blank\" title=\"ORCID iD\" rel=\"noopener noreferrer\"><img loading=\"lazy\" decoding=\"async\" class=\"alignnone size-full wp-image-1012\" src=\"http:\/\/www.icesi.edu.co\/editorial\/wp-content\/uploads\/2020\/06\/ORCIDiD_icon16x16.png\" style=\"margin-right: 6px;\" alt=\"Icono ORCID\" width=\"16\" height=\"16\"><\/a><b>Alejandro de la Fuente<\/b>, Universidad de Harvard &#8211; ALARI (Cambridge, EE.UU.)<\/li>\n<li style=\"text-align: justify;\"><a href=\"https:\/\/orcid.org\/0000-0001-5900-6181\" target=\"_blank\" title=\"ORCID iD\" rel=\"noopener noreferrer\"><img loading=\"lazy\" decoding=\"async\" class=\"alignnone size-full wp-image-1012\" src=\"http:\/\/www.icesi.edu.co\/editorial\/wp-content\/uploads\/2020\/06\/ORCIDiD_icon16x16.png\" style=\"margin-right: 6px;\" alt=\"Icono ORCID\" width=\"16\" height=\"16\"><\/a><b>George Palacios<\/b>, Clemson University (Clemson, EE.UU.)<\/li>\n<li style=\"text-align: justify;\"><a href=\"https:\/\/orcid.org\/0000-0002-9095-7433\" target=\"_blank\" title=\"ORCID iD\" rel=\"noopener noreferrer\"><img loading=\"lazy\" decoding=\"async\" class=\"alignnone size-full wp-image-1012\" src=\"http:\/\/www.icesi.edu.co\/editorial\/wp-content\/uploads\/2020\/06\/ORCIDiD_icon16x16.png\" style=\"margin-right: 6px;\" alt=\"Icono ORCID\" width=\"16\" height=\"16\"><\/a><b>Francisco Javier Fl\u00f3rez Bol\u00edvar<\/b>, Universidad de Cartagena (Cartagena, Colombia)<\/li>\n<li style=\"text-align: justify;\"><a href=\"https:\/\/orcid.org\/0000-0002-9917-9308\" target=\"_blank\" title=\"ORCID iD\" rel=\"noopener noreferrer\"><img loading=\"lazy\" decoding=\"async\" class=\"alignnone size-full wp-image-1012\" src=\"http:\/\/www.icesi.edu.co\/editorial\/wp-content\/uploads\/2020\/06\/ORCIDiD_icon16x16.png\" style=\"margin-right: 6px;\" alt=\"Icono ORCID\" width=\"16\" height=\"16\"><\/a><b>Jos\u00e9 Antonio Caicedo Ortiz<\/b>, Universidad del Cauca (Popay\u00e1n, Colombia)<\/li>\n<li style=\"text-align: justify;\"><a href=\"https:\/\/orcid.org\/0000-0002-6354-7551\" target=\"_blank\" title=\"ORCID iD\" rel=\"noopener noreferrer\"><img loading=\"lazy\" decoding=\"async\" class=\"alignnone size-full wp-image-1012\" src=\"http:\/\/www.icesi.edu.co\/editorial\/wp-content\/uploads\/2020\/06\/ORCIDiD_icon16x16.png\" style=\"margin-right: 6px;\" alt=\"Icono ORCID\" width=\"16\" height=\"16\"><\/a><b>Laura Correa Ochoa<\/b>, Rice University (Houston, EE.UU.)<\/li>\n<li style=\"text-align: justify;\"><a href=\"https:\/\/orcid.org\/0000-0003-4815-1396\" target=\"_blank\" title=\"ORCID iD\" rel=\"noopener noreferrer\"><img loading=\"lazy\" decoding=\"async\" class=\"alignnone size-full wp-image-1012\" src=\"http:\/\/www.icesi.edu.co\/editorial\/wp-content\/uploads\/2020\/06\/ORCIDiD_icon16x16.png\" style=\"margin-right: 6px;\" alt=\"Icono ORCID\" width=\"16\" height=\"16\"><\/a><b>Rudy Amanda Hurtado-Garc\u00e9s<\/b>, Universidad del Valle (Cali, Colombia)<\/li>\n<li style=\"text-align: justify;\"><a href=\"https:\/\/orcid.org\/0009-0004-2681-7243\" target=\"_blank\" title=\"ORCID iD\" rel=\"noopener noreferrer\"><img loading=\"lazy\" decoding=\"async\" class=\"alignnone size-full wp-image-1012\" src=\"http:\/\/www.icesi.edu.co\/editorial\/wp-content\/uploads\/2020\/06\/ORCIDiD_icon16x16.png\" style=\"margin-right: 6px;\" alt=\"Icono ORCID\" width=\"16\" height=\"16\"><\/a><b>Alfonso M\u00fanera Cavad\u00eda<\/b>, Universidad de Cartagena (Cartagena, Colombia)<\/li>\n<li style=\"text-align: justify;\"><a href=\"https:\/\/orcid.org\/0000-0001-9666-6349\" target=\"_blank\" title=\"ORCID iD\" rel=\"noopener noreferrer\"><img loading=\"lazy\" decoding=\"async\" class=\"alignnone size-full wp-image-1012\" src=\"http:\/\/www.icesi.edu.co\/editorial\/wp-content\/uploads\/2020\/06\/ORCIDiD_icon16x16.png\" style=\"margin-right: 6px;\" alt=\"Icono ORCID\" width=\"16\" height=\"16\"><\/a><b>John Ant\u00f3n S\u00e1nchez<\/b>, Instituto de Altos Estudios Nacionales (Quito, Ecuador)<\/li>\n<li style=\"text-align: justify;\"><a href=\"https:\/\/orcid.org\/0000-0002-4875-9740\" target=\"_blank\" title=\"ORCID iD\" rel=\"noopener noreferrer\"><img loading=\"lazy\" decoding=\"async\" class=\"alignnone size-full wp-image-1012\" src=\"http:\/\/www.icesi.edu.co\/editorial\/wp-content\/uploads\/2020\/06\/ORCIDiD_icon16x16.png\" style=\"margin-right: 6px;\" alt=\"Icono ORCID\" width=\"16\" height=\"16\"><\/a><b>William Mina Arag\u00f3n<\/b>, Universidad del Cauca (Popay\u00e1n, Colombia)<\/li>\n<\/ul><\/li><li class=\"tab-pane \" id=\"ert_pane1-3\"><table>\n<tbody>\n<tr class=\"first odd\">\n<th width=\"160\">\n<p style=\"text-align: left;\">T\u00edtulo (ingl\u00e9s):<\/p>\n<\/th>\n<td class=\"data last\">Debates and Genealogies Revisited. Afro-Colombian Studies: Essential Readings (Volume I).<\/td>\n<\/tr>\n<tr class=\"even\">\n<th>\n<p style=\"text-align: left;\">DOI\/URL:<\/p>\n<\/th>\n<td class=\"data last\"><a href=\"https:\/\/doi.org\/10.18046\/EUI\/eale.1\" target=\"_blank\" rel=\"noopener noreferrer\">https:\/\/doi.org\/10.18046\/EUI\/eale.1<\/a><\/td>\n<\/tr>\n<tr class=\"odd\">\n<th>\n<p style=\"text-align: left;\">Editorial(es):<\/p>\n<\/th>\n<td class=\"data last\">Universidad Icesi.<\/td>\n<\/tr>\n<tr class=\"even\">\n<th>\n<p style=\"text-align: left;\">Autoras:<\/p>\n<\/th>\n<td class=\"data last\">George Palacios, Francisco Javier Fl\u00f3rez Bol\u00edvar, Jos\u00e9 Antonio Caicedo Ortiz, Laura Correa Ochoa, Rudy Amanda Hurtado-Garc\u00e9s, Alfonso M\u00fanera Cavad\u00eda, John Ant\u00f3n S\u00e1nchez, William Mina Arag\u00f3n, Aurora Vergara Figueroa, Ang\u00e9lica Mar\u00eda S\u00e1nchez Barona y Alejandro de la Fuente.<\/td>\n<\/tr>\n<tr class=\"odd\">\n<th>\n<p style=\"text-align: left;\">Palabras clave:<\/p>\n<\/th>\n<td class=\"data last\">Estudios Afrocolombianos, Ciencias Sociales, Estudios de G\u00e9nero, Estudios Afrolatinoamericanos, Literatura Colombiana.<\/td>\n<\/tr>\n<tr class=\"even\">\n<th>\n<p style=\"text-align: left;\">ISBN:<\/p>\n<\/th>\n<td class=\"data last\">978-628-7814-01-1.<\/td>\n<\/tr>\n<tr class=\"odd\">\n<th>\n<p style=\"text-align: left;\">Fecha de edici\u00f3n:<\/p>\n<\/th>\n<td class=\"data last\">Abril de 2025.<\/td>\n<\/tr>\n<tr class=\"even\">\n<th>\n<p style=\"text-align: left;\">No. de p\u00e1ginas:<\/p>\n<\/th>\n<td class=\"data last\">440.<\/td>\n<\/tr>\n<tr class=\"odd\">\n<th>\n<p style=\"text-align: left;\">Idioma(s):<\/p>\n<\/th>\n<td class=\"data last\">Espa\u00f1ol.<\/td>\n<\/tr>\n<tr class=\"even\">\n<th>\n<p style=\"text-align: left;\">Formato(s):<\/p>\n<\/th>\n<td class=\"data last\">Libro impreso y electr\u00f3nico.<\/td>\n<\/tr>\n<tr class=\"odd\">\n<th>\n<p style=\"text-align: left;\">Alto x ancho:<\/p>\n<\/th>\n<td class=\"data last\">23 x 17 cm<\/td>\n<\/tr>\n<tr class=\"even\">\n<th>\n<p style=\"text-align: left;\">Colecci\u00f3n:<\/p>\n<\/th>\n<td class=\"data last\">Estudios Afrocolombianos: lecturas esenciales (Tomo I).<\/td>\n<\/tr>\n<tr class=\"odd\">\n<th>\n<p style=\"text-align: left;\">Producto:<\/p>\n<\/th>\n<td class=\"data last\">Libro de investigaci\u00f3n.<\/td>\n<\/tr>\n<tr class=\"even\">\n<th>\n<p style=\"text-align: left;\">Observaciones:<\/p>\n<\/th>\n<td class=\"data last\">Incluye referencias bibliogr\u00e1ficas.<\/td>\n<\/tr>\n<tr class=\"last odd\">\n<th>\n<p style=\"text-align: left;\">Registro DSpace:<\/p>\n<\/th>\n<td class=\"data last\"><a href=\"https:\/\/hdl.handle.net\/10906\/130263\" target=\"_blank\" rel=\"noopener noreferrer\"><img loading=\"lazy\" decoding=\"async\" class=\"alignnone size-full wp-image-1012\" src=\"http:\/\/www.icesi.edu.co\/editorial\/wp-content\/uploads\/2016\/04\/downloadIcon-e1460499009176.png\" alt=\"Icono de Repositorio - Contenido en la Nube\" width=\"25\" height=\"25\"><\/a><\/td>\n<\/tr>\n<\/tbody>\n<\/table><\/li><\/ul><\/div><\/div>\n","protected":false},"excerpt":{"rendered":"<p>T\u00edtulo completo: Debates y genealog\u00edas revisitadas. Estudios Afrocolombianos: lecturas esenciales (Tomo I) Editores: Aurora Vergara Figueroa, Ang\u00e9lica Mar\u00eda S\u00e1nchez Barona y Alejandro de la Fuente. Autores: George Palacios, Francisco Javier Fl\u00f3rez Bol\u00edvar, Jos\u00e9 Antonio Caicedo Ortiz, Laura Correa Ochoa, Rudy Amanda Hurtado-Garc\u00e9s, Alfonso M\u00fanera Cavad\u00eda, John Ant\u00f3n S\u00e1nchez, William Mina Arag\u00f3n, Aurora Vergara Figueroa, Ang\u00e9lica [&hellip;]<\/p>\n","protected":false},"author":3,"featured_media":8407,"comment_status":"closed","ping_status":"closed","sticky":false,"template":"","format":"standard","meta":{"footnotes":""},"categories":[166],"tags":[715,1032,979,978,977,976,973,908,902,71,704,465,258,256,254,252,105],"class_list":["post-8403","post","type-post","status-publish","format-standard","has-post-thumbnail","hentry","category-ediciones-especiales","tag-negritud","tag-filcali-2025","tag-estudios-afrocolombianos","tag-intelectuales-afrocolombianos","tag-afro-latin-american-research-institute-alari","tag-estudios-afrocolombianos-lecturas-esenciales","tag-973","tag-literatura-colombiana","tag-fch","tag-humanidades-y-ciencias-sociales","tag-manuel-zapata-olivella","tag-descarga-gratuita","tag-afrodescendientes","tag-centro-de-estudios-afrodiasporicos-ceaf","tag-racismo","tag-aurora-vergara-figueroa","tag-estudios-de-genero"],"_links":{"self":[{"href":"https:\/\/www.icesi.edu.co\/editorial\/wp-json\/wp\/v2\/posts\/8403","targetHints":{"allow":["GET"]}}],"collection":[{"href":"https:\/\/www.icesi.edu.co\/editorial\/wp-json\/wp\/v2\/posts"}],"about":[{"href":"https:\/\/www.icesi.edu.co\/editorial\/wp-json\/wp\/v2\/types\/post"}],"author":[{"embeddable":true,"href":"https:\/\/www.icesi.edu.co\/editorial\/wp-json\/wp\/v2\/users\/3"}],"replies":[{"embeddable":true,"href":"https:\/\/www.icesi.edu.co\/editorial\/wp-json\/wp\/v2\/comments?post=8403"}],"version-history":[{"count":11,"href":"https:\/\/www.icesi.edu.co\/editorial\/wp-json\/wp\/v2\/posts\/8403\/revisions"}],"predecessor-version":[{"id":8714,"href":"https:\/\/www.icesi.edu.co\/editorial\/wp-json\/wp\/v2\/posts\/8403\/revisions\/8714"}],"wp:featuredmedia":[{"embeddable":true,"href":"https:\/\/www.icesi.edu.co\/editorial\/wp-json\/wp\/v2\/media\/8407"}],"wp:attachment":[{"href":"https:\/\/www.icesi.edu.co\/editorial\/wp-json\/wp\/v2\/media?parent=8403"}],"wp:term":[{"taxonomy":"category","embeddable":true,"href":"https:\/\/www.icesi.edu.co\/editorial\/wp-json\/wp\/v2\/categories?post=8403"},{"taxonomy":"post_tag","embeddable":true,"href":"https:\/\/www.icesi.edu.co\/editorial\/wp-json\/wp\/v2\/tags?post=8403"}],"curies":[{"name":"wp","href":"https:\/\/api.w.org\/{rel}","templated":true}]}}