{"id":9120,"date":"2026-04-28T19:02:43","date_gmt":"2026-04-29T00:02:43","guid":{"rendered":"https:\/\/www.icesi.edu.co\/editorial\/?p=9120"},"modified":"2026-04-28T19:02:45","modified_gmt":"2026-04-29T00:02:45","slug":"inmigrantes-india-oriental","status":"publish","type":"post","link":"https:\/\/www.icesi.edu.co\/editorial\/inmigrantes-india-oriental\/","title":{"rendered":"Los inmigrantes de la India Oriental en el valle del r\u00edo Cauca (Segunda edici\u00f3n)"},"content":{"rendered":"<p><strong>T\u00edtulo completo:<\/strong> Los inmigrantes de la India Oriental en el valle del r\u00edo Cauca (Segunda edici\u00f3n).<br \/>\n<strong>Autora:<\/strong> Mar\u00eda Cristina Navarrete Pel\u00e1ez.<br \/>\n<strong>Prologuista:<\/strong> Juan David Dom\u00ednguez Shek.<br \/>\n<strong>Editorial:<\/strong> Universidad del Valle y Universidad Icesi.<br \/>\n<strong>ISBN:<\/strong> 978-958-507-555-9 \/ 978-958-507-556-6 (PDF).<br \/>\n<strong>A\u00f1o de edici\u00f3n:<\/strong> 2026<br \/>\n<span id=\"post-ratings-9120\" class=\"post-ratings\" data-nonce=\"e63b381eb9\"><img decoding=\"async\" id=\"rating_9120_1\" src=\"https:\/\/www.icesi.edu.co\/editorial\/wp-content\/plugins\/wp-postratings\/images\/stars_crystal\/rating_on.gif\" alt=\"1 estrella\" title=\"1 estrella\" onmouseover=\"current_rating(9120, 1, '1 estrella');\" onmouseout=\"ratings_off(5, 0, 0);\" onclick=\"rate_post();\" onkeypress=\"rate_post();\" style=\"cursor: pointer; border: 0px;\" \/><img decoding=\"async\" id=\"rating_9120_2\" src=\"https:\/\/www.icesi.edu.co\/editorial\/wp-content\/plugins\/wp-postratings\/images\/stars_crystal\/rating_on.gif\" alt=\"2 estrellas\" title=\"2 estrellas\" onmouseover=\"current_rating(9120, 2, '2 estrellas');\" onmouseout=\"ratings_off(5, 0, 0);\" onclick=\"rate_post();\" onkeypress=\"rate_post();\" style=\"cursor: pointer; border: 0px;\" \/><img decoding=\"async\" id=\"rating_9120_3\" src=\"https:\/\/www.icesi.edu.co\/editorial\/wp-content\/plugins\/wp-postratings\/images\/stars_crystal\/rating_on.gif\" alt=\"3 estrellas\" title=\"3 estrellas\" onmouseover=\"current_rating(9120, 3, '3 estrellas');\" onmouseout=\"ratings_off(5, 0, 0);\" onclick=\"rate_post();\" onkeypress=\"rate_post();\" style=\"cursor: pointer; border: 0px;\" \/><img decoding=\"async\" id=\"rating_9120_4\" src=\"https:\/\/www.icesi.edu.co\/editorial\/wp-content\/plugins\/wp-postratings\/images\/stars_crystal\/rating_on.gif\" alt=\"4 estrellas\" title=\"4 estrellas\" onmouseover=\"current_rating(9120, 4, '4 estrellas');\" onmouseout=\"ratings_off(5, 0, 0);\" onclick=\"rate_post();\" onkeypress=\"rate_post();\" style=\"cursor: pointer; border: 0px;\" \/><img decoding=\"async\" id=\"rating_9120_5\" src=\"https:\/\/www.icesi.edu.co\/editorial\/wp-content\/plugins\/wp-postratings\/images\/stars_crystal\/rating_on.gif\" alt=\"5 estrellas\" title=\"5 estrellas\" onmouseover=\"current_rating(9120, 5, '5 estrellas');\" onmouseout=\"ratings_off(5, 0, 0);\" onclick=\"rate_post();\" onkeypress=\"rate_post();\" style=\"cursor: pointer; border: 0px;\" \/> (<strong>1<\/strong> votos, promedio: <strong>5,00<\/strong> sobre 5)<br \/><span class=\"post-ratings-text\" id=\"ratings_9120_text\"><\/span><\/span><span id=\"post-ratings-9120-loading\" class=\"post-ratings-loading\"><img loading=\"lazy\" decoding=\"async\" src=\"https:\/\/www.icesi.edu.co\/editorial\/wp-content\/plugins\/wp-postratings\/images\/loading.gif\" width=\"16\" height=\"16\" class=\"post-ratings-image\" \/>Loading...<\/span>\n<table style=\"border: none;\">\n<tbody style=\"border: none;\">\n<tr valign=\"top\">\n<td valign=\"top\" style=\"border: none; vertical-align: top; height: 50%; width: 125px;\"><script type=\"text\/javascript\" src=\"\/\/cdn.plu.mx\/widget-popup.js\"><\/script><a href=\"https:\/\/plu.mx\/plum\/a\/?doi=10.25100\/peu.1415\" data-popup=\"right\" data-size=\"large\" class=\"plumx-plum-print-popup\" data-site=\"plum\" data-hide-when-empty=\"true\" data-lang=\"es\" target=\"_blank\" rel=\"noopener\">Los inmigrantes de la India Oriental en el valle del r\u00edo Cauca (Segunda edici\u00f3n)<\/a><\/td>\n<td style=\"border: none; vertical-align: top; height: 50%; width: 125px;\"><script type=\"text\/javascript\" src=\"https:\/\/d1bxh8uas1mnw7.cloudfront.net\/assets\/embed.js\"><\/script><\/p>\n<div class=\"altmetric-embed\" data-badge-type=\"donut\" data-altmetric-id=\"\"><\/div>\n<\/td>\n<td style=\"border: none; vertical-align: middle;\"><span class=\"__dimensions_badge_embed__\" data-doi=\"10.25100\/peu.1415\" data-hide-zero-citations=\"true\" data-legend=\"hover-right\" data-style=\"small_circle\"><\/span><script async=\"\" src=\"https:\/\/badge.dimensions.ai\/badge.js\" charset=\"utf-8\"><\/script><\/td>\n<\/tr>\n<\/tbody>\n<\/table>\n<div class=\"osc-res-tab tabbable   osc-tabs-left\"><div style=\"clear:both;width: 100%;\"><ul class=\"nav osc-res-nav nav-pills osc-tabs-left-ul\" id=\"oscitas-restabs-1-inmigrantes-india-oriental-89916\"><li class=\"active\"><a href=\"#ert_pane1-0\" data-toggle=\"tab\">Descripci\u00f3n<\/a><\/li><li class=\"\"><a href=\"#ert_pane1-1\" data-toggle=\"tab\">Contenido<\/a><\/li><li class=\"\"><a href=\"#ert_pane1-2\" data-toggle=\"tab\">Autor(es)<\/a><\/li><li class=\"\"><a href=\"#ert_pane1-3\" data-toggle=\"tab\">Catalogaci\u00f3n<\/a><\/li><\/ul><\/div><div style=\"clear:both;width: 100%;\"><ul class=\"tab-content\" id=\"oscitas-restabcontent-1-inmigrantes-india-oriental-89916\"><li class=\"tab-pane active\" id=\"ert_pane1-0\"><p style=\"text-align: justify;\">El presente libro es resultado de una investigaci\u00f3n hist\u00f3rica sobre las migraciones extranjeras a Colombia, en particular, sobre los inmigrantes de la India Oriental. En la segunda d\u00e9cada del siglo XX un grupo de j\u00f3venes inmigrantes indostanos, de religi\u00f3n musulmana, se asentaron en las poblaciones intermedias del valle geogr\u00e1fico del r\u00edo Cauca, unos definitivamente, otros de manera temporal, para dedicarse a la actividad comercial que demandaba la nueva poblaci\u00f3n asalariada de la naciente industria azucarera. Estos inmigrantes accedieron a las \u00e1reas rurales con productos diversos concediendo el cr\u00e9dito y aceptando el trueque. El libro revisa, brevemente, el proceso migratorio colombiano, la situaci\u00f3n de la India en momentos de la salida de los migrantes, la legislaci\u00f3n migratoria de Colombia en la \u00e9poca, el pa\u00eds y la regi\u00f3n a comienzos del siglo XX; asimismo, destaca los pormenores del asentamiento en el valle geogr\u00e1fico, las formas de vida y de cultura de estos inmigrantes en la regi\u00f3n que les sirvi\u00f3 de nuevo albergue.<\/p>\n<p style=\"text-align: justify;\"><strong>C\u00f3mo citar (APA):<\/strong> Navarrete Pel\u00e1ez, M. C. (2026). <i>Los inmigrantes de la India Oriental en el valle del r\u00edo Cauca (Segunda edici\u00f3n)<\/i>. Cali: Universidad del Valle y Universidad Icesi. DOI: <a href=\"#\" target=\"_blank\" rel=\"noopener noreferrer\">https:\/\/doi.org\/10.25100\/peu.1415<\/a><\/p><\/li><li class=\"tab-pane \" id=\"ert_pane1-1\"><strong>Tabla de contenido:<\/strong><\/p>\n<p>Pr\u00f3logo<br \/>\n<i>Juan David Dom\u00ednguez Shek<\/i><\/p>\n<p><strong>1 \/ Introducci\u00f3n<\/strong><\/p>\n<p><strong>2 \/ Perspectiva hist\u00f3rica del proceso migratorio<\/strong><br \/>\nAlgunos antecedentes<br \/>\nIndios del Viejo Mundo en Am\u00e9rica<br \/>\nExtranjeros en Colombia<br \/>\nLa cuesti\u00f3n en el valle geogr\u00e1fico<\/p>\n<p><strong>3 \/ La India, pa\u00eds de los ancestros, en breve<\/strong><br \/>\nLa llegada del Islam<br \/>\nEl Imperio brit\u00e1nico se extiende hacia el Oriente<br \/>\nEl ej\u00e9rcito y la rebeli\u00f3n de los cipayos<br \/>\nLa India se \u00abindustrializa\u00bb. Reacciones nacionalistas<\/p>\n<p><strong>4 \/ De las Indias orientales a las occidentales<\/strong><br \/>\nDe la esclavitud al trabajo contratado<br \/>\n\u00bfLa India de ayer, territorio de migrantes?<br \/>\nLa migraci\u00f3n a Ultramar<\/p>\n<p><strong>5 \/ Legislaci\u00f3n migratoria colombiana y pensamiento ideol\u00f3gico<\/strong><br \/>\nBreves antecedentes<br \/>\nEl debate sobre la raza<br \/>\nTeor\u00edas subyacentes al debate de la raza y la inmigraci\u00f3n<br \/>\nLa legislaci\u00f3n para inmigrantes<br \/>\nEl asunto de las ideolog\u00edas perniciosas<br \/>\nLa inmigraci\u00f3n planificada y el tema de la raza<\/p>\n<p><strong>6 \/ El pa\u00eds y la regi\u00f3n en los a\u00f1os veinte<\/strong><br \/>\nLas condiciones en el pa\u00eds de albergue<br \/>\nLa sociedad y las ideas<br \/>\nLos supuestos del valle geogr\u00e1fico<br \/>\nInmigrantes asi\u00e1ticos en suelo vallecaucano<\/p>\n<p><strong>7 \/ Arribo y asentamiento en el valle geogr\u00e1fico<\/strong><br \/>\nLa salida del pa\u00eds de origen<br \/>\nEl establecimiento en la nueva tierra<br \/>\nAcomodamiento y vicisitudes de la \u00e9poca<\/p>\n<p><strong>8 \/ Las formas de vida y de cultura en el pa\u00eds de albergue<\/strong><br \/>\nCasa y familias que afincan<br \/>\nLas delicias del arte culinario<br \/>\nEl credo del Cor\u00e1n en territorio vallecaucano<br \/>\nLas nuevas generaciones de indostanos<\/p>\n<p>Bibliograf\u00eda<br \/><\/li><li class=\"tab-pane \" id=\"ert_pane1-2\"><ul>\n<li style=\"text-align: justify;\"><a href=\"https:\/\/orcid.org\/0000-0002-1103-4105\" target=\"_blank\" title=\"ORCID iD\" rel=\"noopener noreferrer\"><img loading=\"lazy\" decoding=\"async\" class=\"alignnone size-full wp-image-1012\" src=\"http:\/\/www.icesi.edu.co\/editorial\/wp-content\/uploads\/2020\/06\/ORCIDiD_icon16x16.png\" style=\"margin-right: 6px;\" alt=\"Icono ORCID\" width=\"16\" height=\"16\"><\/a><b>Mar\u00eda Cristina Navarrete Pel\u00e1ez<\/b>, Universidad del Valle (Cali, Colombia)<\/li>\n<\/ul><\/li><li class=\"tab-pane \" id=\"ert_pane1-3\"><table>\n<tbody>\n<tr class=\"first odd\">\n<th width=\"160\">\n<p style=\"text-align: left;\">T\u00edtulo (ingl\u00e9s):<\/p>\n<\/th>\n<td class=\"data last\">Immigrants from East India in the Cauca River Valley (Second Edition).<\/td>\n<\/tr>\n<tr class=\"even\">\n<th>\n<p style=\"text-align: left;\">DOI\/URL:<\/p>\n<\/th>\n<td class=\"data last\"><a href=\"#\" target=\"_blank\" rel=\"noopener noreferrer\">https:\/\/doi.org\/10.25100\/peu.1415<\/a><\/td>\n<\/tr>\n<tr class=\"odd\">\n<th>\n<p style=\"text-align: left;\">Editorial(es):<\/p>\n<\/th>\n<td class=\"data last\">Universidad del Valle y Universidad Icesi.<\/td>\n<\/tr>\n<tr class=\"even\">\n<th>\n<p style=\"text-align: left;\">Autores:<\/p>\n<\/th>\n<td class=\"data last\">Mar\u00eda Cristina Navarrete Pel\u00e1ez.<\/td>\n<\/tr>\n<tr class=\"odd\">\n<th>\n<p style=\"text-align: left;\">Palabras clave:<\/p>\n<\/th>\n<td class=\"data last\">Poblaci\u00f3n extranjera, Migraci\u00f3n internacional, Grupos sociales, Diversidad cultural, Historia del Valle del Cauca, Valle geogr\u00e1fico del r\u00edo Cauca.<\/td>\n<\/tr>\n<tr class=\"even\">\n<th>\n<p style=\"text-align: left;\">ISBN:<\/p>\n<\/th>\n<td class=\"data last\">978-958-507-555-9 \/ 978-958-507-556-6 (PDF).<\/td>\n<\/tr>\n<tr class=\"odd\">\n<th>\n<p style=\"text-align: left;\">Fecha de edici\u00f3n:<\/p>\n<\/th>\n<td class=\"data last\">Mayo de 2026.<\/td>\n<\/tr>\n<tr class=\"even\">\n<th>\n<p style=\"text-align: left;\">No. de p\u00e1ginas:<\/p>\n<\/th>\n<td class=\"data last\">174.<\/td>\n<\/tr>\n<tr class=\"odd\">\n<th>\n<p style=\"text-align: left;\">Idioma(s):<\/p>\n<\/th>\n<td class=\"data last\">Espa\u00f1ol.<\/td>\n<\/tr>\n<tr class=\"even\">\n<th>\n<p style=\"text-align: left;\">Formato(s):<\/p>\n<\/th>\n<td class=\"data last\">Libro impreso (tapa r\u00fastica) y libro electr\u00f3nico.<\/td>\n<\/tr>\n<tr class=\"odd\">\n<th>\n<p style=\"text-align: left;\">Alto x ancho:<\/p>\n<\/th>\n<td class=\"data last\">24 x 17 cm<\/td>\n<\/tr>\n<tr class=\"even\">\n<th>\n<p style=\"text-align: left;\">Colecci\u00f3n:<\/p>\n<\/th>\n<td class=\"data last\">Edici\u00f3n especial.<\/td>\n<\/tr>\n<tr class=\"odd\">\n<th>\n<p style=\"text-align: left;\">Producto:<\/p>\n<\/th>\n<td class=\"data last\">Libro de investigaci\u00f3n.<\/td>\n<\/tr>\n<tr class=\"even\">\n<th>\n<p style=\"text-align: left;\">Observaciones:<\/p>\n<\/th>\n<td class=\"data last\">Incluye referencias bibliogr\u00e1ficas.<\/td>\n<\/tr>\n<tr class=\"last odd\">\n<th>\n<p style=\"text-align: left;\">Registro DSpace:<\/p>\n<\/th>\n<td class=\"data last\"><a href=\"#\" target=\"_blank\" rel=\"noopener noreferrer\"><img loading=\"lazy\" decoding=\"async\" class=\"alignnone size-full wp-image-1012\" src=\"http:\/\/www.icesi.edu.co\/editorial\/wp-content\/uploads\/2016\/04\/downloadIcon-e1460499009176.png\" alt=\"Icono de Repositorio - Contenido en la Nube\" width=\"25\" height=\"25\"><\/a><\/td>\n<\/tr>\n<\/tbody>\n<\/table><\/li><\/ul><\/div><\/div>\n","protected":false},"excerpt":{"rendered":"<p>T\u00edtulo completo: Los inmigrantes de la India Oriental en el valle del r\u00edo Cauca (Segunda edici\u00f3n). Autora: Mar\u00eda Cristina Navarrete Pel\u00e1ez. Prologuista: Juan David Dom\u00ednguez Shek. Editorial: Universidad del Valle y Universidad Icesi. ISBN: 978-958-507-555-9 \/ 978-958-507-556-6 (PDF). A\u00f1o de edici\u00f3n: 2026 Los inmigrantes de la India Oriental en el valle del r\u00edo Cauca (Segunda [&hellip;]<\/p>\n","protected":false},"author":3,"featured_media":9122,"comment_status":"closed","ping_status":"closed","sticky":false,"template":"","format":"standard","meta":{"footnotes":""},"categories":[1,372],"tags":[136,209,224,373,616,720,1049,1063,1064,1065],"class_list":["post-9120","post","type-post","status-publish","format-standard","has-post-thumbnail","hentry","category-proximas-publicaciones","category-coediciones","tag-historia-regional","tag-pacifico-colombiano","tag-coedicion","tag-universidad-del-valle","tag-migracion","tag-siglo-xx","tag-1049","tag-india-oriental","tag-valle-del-rio-cauca","tag-inmigrantes"],"_links":{"self":[{"href":"https:\/\/www.icesi.edu.co\/editorial\/wp-json\/wp\/v2\/posts\/9120","targetHints":{"allow":["GET"]}}],"collection":[{"href":"https:\/\/www.icesi.edu.co\/editorial\/wp-json\/wp\/v2\/posts"}],"about":[{"href":"https:\/\/www.icesi.edu.co\/editorial\/wp-json\/wp\/v2\/types\/post"}],"author":[{"embeddable":true,"href":"https:\/\/www.icesi.edu.co\/editorial\/wp-json\/wp\/v2\/users\/3"}],"replies":[{"embeddable":true,"href":"https:\/\/www.icesi.edu.co\/editorial\/wp-json\/wp\/v2\/comments?post=9120"}],"version-history":[{"count":4,"href":"https:\/\/www.icesi.edu.co\/editorial\/wp-json\/wp\/v2\/posts\/9120\/revisions"}],"predecessor-version":[{"id":9126,"href":"https:\/\/www.icesi.edu.co\/editorial\/wp-json\/wp\/v2\/posts\/9120\/revisions\/9126"}],"wp:featuredmedia":[{"embeddable":true,"href":"https:\/\/www.icesi.edu.co\/editorial\/wp-json\/wp\/v2\/media\/9122"}],"wp:attachment":[{"href":"https:\/\/www.icesi.edu.co\/editorial\/wp-json\/wp\/v2\/media?parent=9120"}],"wp:term":[{"taxonomy":"category","embeddable":true,"href":"https:\/\/www.icesi.edu.co\/editorial\/wp-json\/wp\/v2\/categories?post=9120"},{"taxonomy":"post_tag","embeddable":true,"href":"https:\/\/www.icesi.edu.co\/editorial\/wp-json\/wp\/v2\/tags?post=9120"}],"curies":[{"name":"wp","href":"https:\/\/api.w.org\/{rel}","templated":true}]}}