{"id":10062,"date":"2023-09-05T11:19:35","date_gmt":"2023-09-05T16:19:35","guid":{"rendered":"https:\/\/www.icesi.edu.co\/marketingzone\/?p=10062"},"modified":"2023-09-05T11:19:35","modified_gmt":"2023-09-05T16:19:35","slug":"foro-identidad-empresarial-el-branding-define-tu-futuro-en-los-negocios","status":"publish","type":"post","link":"https:\/\/www.icesi.edu.co\/marketingzone\/foro-identidad-empresarial-el-branding-define-tu-futuro-en-los-negocios\/","title":{"rendered":"Foro: Identidad Empresarial, El branding define tu futuro en los negocios"},"content":{"rendered":"<h3>Foro #1 para el evento Summas 12 realizado el segundo semestre de 2023:<\/h3>\n<p>Nos acompa\u00f1\u00f3 Mario Andr\u00e9s Giraldo Uribe, Gerente Comercial en Maderkit, quien nos expuso su perspectiva y experiencia con relaci\u00f3n al Branding en el mundo empresarial.<\/p>\n<p>\u00abEl mundo empresarial actual se encuentra en constante evoluci\u00f3n y enfrenta desaf\u00edos \u00fanicos en cuanto a la creaci\u00f3n y gesti\u00f3n de marcas s\u00f3lidas. Nuestro foro tiene como objetivo proporcionar una plataforma de aprendizaje, intercambio de ideas y networking para estudiantes, emprendedores y entusiastas del branding. En este foro exploraremos el poder del branding, la creaci\u00f3n de identidad de marca y m\u00faltiples temas importantes para el p\u00fablico.\u00bb<\/p>\n<p><iframe loading=\"lazy\" title=\"Foro #1 Summas 12: \u201cIdentidad Empresarial: El branding define tu futuro en los negocios\u201d\" width=\"640\" height=\"360\" src=\"https:\/\/www.youtube.com\/embed\/DCpGYsT6I9w?feature=oembed\" frameborder=\"0\" allow=\"accelerometer; autoplay; clipboard-write; encrypted-media; gyroscope; picture-in-picture; web-share\" referrerpolicy=\"strict-origin-when-cross-origin\" allowfullscreen><\/iframe><\/p>\n","protected":false},"excerpt":{"rendered":"<p>Foro #1 para el evento Summas 12 realizado el segundo semestre de 2023: Nos acompa\u00f1\u00f3 Mario Andr\u00e9s Giraldo Uribe, Gerente Comercial en Maderkit, quien nos expuso su perspectiva y experiencia con relaci\u00f3n al Branding en el mundo empresarial. \u00abEl mundo empresarial actual se encuentra en constante evoluci\u00f3n y enfrenta desaf\u00edos \u00fanicos en cuanto a la [&hellip;]<\/p>\n","protected":false},"author":52,"featured_media":10063,"comment_status":"closed","ping_status":"closed","sticky":false,"template":"","format":"standard","meta":{"_uag_custom_page_level_css":"","footnotes":""},"categories":[134],"tags":[],"class_list":["post-10062","post","type-post","status-publish","format-standard","has-post-thumbnail","hentry","category-eventos-realizados"],"yoast_head":"<!-- This site is optimized with the Yoast SEO plugin v26.8 - https:\/\/yoast.com\/product\/yoast-seo-wordpress\/ -->\n<title>Foro: Identidad Empresarial, El branding define tu futuro en los negocios | Marketing Zone Icesi<\/title>\n<meta name=\"robots\" content=\"index, follow, max-snippet:-1, max-image-preview:large, max-video-preview:-1\" \/>\n<link rel=\"canonical\" href=\"https:\/\/www.icesi.edu.co\/marketingzone\/foro-identidad-empresarial-el-branding-define-tu-futuro-en-los-negocios\/\" \/>\n<meta property=\"og:locale\" content=\"es_ES\" \/>\n<meta property=\"og:type\" content=\"article\" \/>\n<meta property=\"og:title\" content=\"Foro: Identidad Empresarial, El branding define tu futuro en los negocios | Marketing Zone Icesi\" \/>\n<meta property=\"og:description\" content=\"Foro #1 para el evento Summas 12 realizado el segundo semestre de 2023: Nos acompa\u00f1\u00f3 Mario Andr\u00e9s Giraldo Uribe, Gerente Comercial en Maderkit, quien nos expuso su perspectiva y experiencia con relaci\u00f3n al Branding en el mundo empresarial. \u00abEl mundo empresarial actual se encuentra en constante evoluci\u00f3n y enfrenta desaf\u00edos \u00fanicos en cuanto a la [&hellip;]\" \/>\n<meta property=\"og:url\" content=\"https:\/\/www.icesi.edu.co\/marketingzone\/foro-identidad-empresarial-el-branding-define-tu-futuro-en-los-negocios\/\" \/>\n<meta property=\"og:site_name\" content=\"Marketing Zone Icesi\" \/>\n<meta property=\"article:publisher\" content=\"https:\/\/www.facebook.com\/Marketingzoneicesi\/\" \/>\n<meta property=\"article:published_time\" content=\"2023-09-05T16:19:35+00:00\" \/>\n<meta property=\"og:image\" content=\"https:\/\/www.icesi.edu.co\/marketingzone\/wp-content\/uploads\/2023\/09\/Pantalla-TV-1.png\" \/>\n\t<meta property=\"og:image:width\" content=\"1920\" \/>\n\t<meta property=\"og:image:height\" content=\"1080\" \/>\n\t<meta property=\"og:image:type\" content=\"image\/png\" \/>\n<meta name=\"author\" content=\"Marketing Zone Icesi\" \/>\n<meta name=\"twitter:card\" content=\"summary_large_image\" \/>\n<meta name=\"twitter:creator\" content=\"@MarketingZIcesi\" \/>\n<meta name=\"twitter:site\" content=\"@MarketingZIcesi\" \/>\n<meta name=\"twitter:label1\" content=\"Escrito por\" \/>\n\t<meta name=\"twitter:data1\" content=\"Marketing Zone Icesi\" \/>\n\t<meta name=\"twitter:label2\" content=\"Tiempo de lectura\" \/>\n\t<meta name=\"twitter:data2\" content=\"1 minuto\" \/>\n<script type=\"application\/ld+json\" class=\"yoast-schema-graph\">{\"@context\":\"https:\/\/schema.org\",\"@graph\":[{\"@type\":\"Article\",\"@id\":\"https:\/\/www.icesi.edu.co\/marketingzone\/foro-identidad-empresarial-el-branding-define-tu-futuro-en-los-negocios\/#article\",\"isPartOf\":{\"@id\":\"https:\/\/www.icesi.edu.co\/marketingzone\/foro-identidad-empresarial-el-branding-define-tu-futuro-en-los-negocios\/\"},\"author\":{\"name\":\"Marketing Zone Icesi\",\"@id\":\"https:\/\/www.icesi.edu.co\/marketingzone\/#\/schema\/person\/59460cf35beca1a3a7aaa4536753e6c3\"},\"headline\":\"Foro: Identidad Empresarial, El branding define tu futuro en los negocios\",\"datePublished\":\"2023-09-05T16:19:35+00:00\",\"mainEntityOfPage\":{\"@id\":\"https:\/\/www.icesi.edu.co\/marketingzone\/foro-identidad-empresarial-el-branding-define-tu-futuro-en-los-negocios\/\"},\"wordCount\":131,\"image\":{\"@id\":\"https:\/\/www.icesi.edu.co\/marketingzone\/foro-identidad-empresarial-el-branding-define-tu-futuro-en-los-negocios\/#primaryimage\"},\"thumbnailUrl\":\"https:\/\/www.icesi.edu.co\/marketingzone\/wp-content\/uploads\/2023\/09\/Pantalla-TV-1.png\",\"articleSection\":[\"Eventos Realizados\"],\"inLanguage\":\"es\"},{\"@type\":\"WebPage\",\"@id\":\"https:\/\/www.icesi.edu.co\/marketingzone\/foro-identidad-empresarial-el-branding-define-tu-futuro-en-los-negocios\/\",\"url\":\"https:\/\/www.icesi.edu.co\/marketingzone\/foro-identidad-empresarial-el-branding-define-tu-futuro-en-los-negocios\/\",\"name\":\"Foro: Identidad Empresarial, El branding define tu futuro en los negocios | Marketing Zone Icesi\",\"isPartOf\":{\"@id\":\"https:\/\/www.icesi.edu.co\/marketingzone\/#website\"},\"primaryImageOfPage\":{\"@id\":\"https:\/\/www.icesi.edu.co\/marketingzone\/foro-identidad-empresarial-el-branding-define-tu-futuro-en-los-negocios\/#primaryimage\"},\"image\":{\"@id\":\"https:\/\/www.icesi.edu.co\/marketingzone\/foro-identidad-empresarial-el-branding-define-tu-futuro-en-los-negocios\/#primaryimage\"},\"thumbnailUrl\":\"https:\/\/www.icesi.edu.co\/marketingzone\/wp-content\/uploads\/2023\/09\/Pantalla-TV-1.png\",\"datePublished\":\"2023-09-05T16:19:35+00:00\",\"author\":{\"@id\":\"https:\/\/www.icesi.edu.co\/marketingzone\/#\/schema\/person\/59460cf35beca1a3a7aaa4536753e6c3\"},\"breadcrumb\":{\"@id\":\"https:\/\/www.icesi.edu.co\/marketingzone\/foro-identidad-empresarial-el-branding-define-tu-futuro-en-los-negocios\/#breadcrumb\"},\"inLanguage\":\"es\",\"potentialAction\":[{\"@type\":\"ReadAction\",\"target\":[\"https:\/\/www.icesi.edu.co\/marketingzone\/foro-identidad-empresarial-el-branding-define-tu-futuro-en-los-negocios\/\"]}]},{\"@type\":\"ImageObject\",\"inLanguage\":\"es\",\"@id\":\"https:\/\/www.icesi.edu.co\/marketingzone\/foro-identidad-empresarial-el-branding-define-tu-futuro-en-los-negocios\/#primaryimage\",\"url\":\"https:\/\/www.icesi.edu.co\/marketingzone\/wp-content\/uploads\/2023\/09\/Pantalla-TV-1.png\",\"contentUrl\":\"https:\/\/www.icesi.edu.co\/marketingzone\/wp-content\/uploads\/2023\/09\/Pantalla-TV-1.png\",\"width\":1920,\"height\":1080},{\"@type\":\"BreadcrumbList\",\"@id\":\"https:\/\/www.icesi.edu.co\/marketingzone\/foro-identidad-empresarial-el-branding-define-tu-futuro-en-los-negocios\/#breadcrumb\",\"itemListElement\":[{\"@type\":\"ListItem\",\"position\":1,\"name\":\"Portada\",\"item\":\"https:\/\/www.icesi.edu.co\/marketingzone\/\"},{\"@type\":\"ListItem\",\"position\":2,\"name\":\"Foro: Identidad Empresarial, El branding define tu futuro en los negocios\"}]},{\"@type\":\"WebSite\",\"@id\":\"https:\/\/www.icesi.edu.co\/marketingzone\/#website\",\"url\":\"https:\/\/www.icesi.edu.co\/marketingzone\/\",\"name\":\"Marketing Zone - Universidad Icesi\",\"description\":\"\",\"potentialAction\":[{\"@type\":\"SearchAction\",\"target\":{\"@type\":\"EntryPoint\",\"urlTemplate\":\"https:\/\/www.icesi.edu.co\/marketingzone\/?s={search_term_string}\"},\"query-input\":{\"@type\":\"PropertyValueSpecification\",\"valueRequired\":true,\"valueName\":\"search_term_string\"}}],\"inLanguage\":\"es\"},{\"@type\":\"Person\",\"@id\":\"https:\/\/www.icesi.edu.co\/marketingzone\/#\/schema\/person\/59460cf35beca1a3a7aaa4536753e6c3\",\"name\":\"Marketing Zone Icesi\",\"image\":{\"@type\":\"ImageObject\",\"inLanguage\":\"es\",\"@id\":\"https:\/\/www.icesi.edu.co\/marketingzone\/#\/schema\/person\/image\/\",\"url\":\"https:\/\/secure.gravatar.com\/avatar\/9ca4eb2673bf04f9a460bcec8c7c57f36f3f176c237aefc7e2f919b089239282?s=96&d=mm&r=g\",\"contentUrl\":\"https:\/\/secure.gravatar.com\/avatar\/9ca4eb2673bf04f9a460bcec8c7c57f36f3f176c237aefc7e2f919b089239282?s=96&d=mm&r=g\",\"caption\":\"Marketing Zone Icesi\"},\"url\":\"https:\/\/www.icesi.edu.co\/marketingzone\/author\/administrator\/\"}]}<\/script>\n<!-- \/ Yoast SEO plugin. -->","yoast_head_json":{"title":"Foro: Identidad Empresarial, El branding define tu futuro en los negocios | Marketing Zone Icesi","robots":{"index":"index","follow":"follow","max-snippet":"max-snippet:-1","max-image-preview":"max-image-preview:large","max-video-preview":"max-video-preview:-1"},"canonical":"https:\/\/www.icesi.edu.co\/marketingzone\/foro-identidad-empresarial-el-branding-define-tu-futuro-en-los-negocios\/","og_locale":"es_ES","og_type":"article","og_title":"Foro: Identidad Empresarial, El branding define tu futuro en los negocios | Marketing Zone Icesi","og_description":"Foro #1 para el evento Summas 12 realizado el segundo semestre de 2023: Nos acompa\u00f1\u00f3 Mario Andr\u00e9s Giraldo Uribe, Gerente Comercial en Maderkit, quien nos expuso su perspectiva y experiencia con relaci\u00f3n al Branding en el mundo empresarial. \u00abEl mundo empresarial actual se encuentra en constante evoluci\u00f3n y enfrenta desaf\u00edos \u00fanicos en cuanto a la [&hellip;]","og_url":"https:\/\/www.icesi.edu.co\/marketingzone\/foro-identidad-empresarial-el-branding-define-tu-futuro-en-los-negocios\/","og_site_name":"Marketing Zone Icesi","article_publisher":"https:\/\/www.facebook.com\/Marketingzoneicesi\/","article_published_time":"2023-09-05T16:19:35+00:00","og_image":[{"width":1920,"height":1080,"url":"https:\/\/www.icesi.edu.co\/marketingzone\/wp-content\/uploads\/2023\/09\/Pantalla-TV-1.png","type":"image\/png"}],"author":"Marketing Zone Icesi","twitter_card":"summary_large_image","twitter_creator":"@MarketingZIcesi","twitter_site":"@MarketingZIcesi","twitter_misc":{"Escrito por":"Marketing Zone Icesi","Tiempo de lectura":"1 minuto"},"schema":{"@context":"https:\/\/schema.org","@graph":[{"@type":"Article","@id":"https:\/\/www.icesi.edu.co\/marketingzone\/foro-identidad-empresarial-el-branding-define-tu-futuro-en-los-negocios\/#article","isPartOf":{"@id":"https:\/\/www.icesi.edu.co\/marketingzone\/foro-identidad-empresarial-el-branding-define-tu-futuro-en-los-negocios\/"},"author":{"name":"Marketing Zone Icesi","@id":"https:\/\/www.icesi.edu.co\/marketingzone\/#\/schema\/person\/59460cf35beca1a3a7aaa4536753e6c3"},"headline":"Foro: Identidad Empresarial, El branding define tu futuro en los negocios","datePublished":"2023-09-05T16:19:35+00:00","mainEntityOfPage":{"@id":"https:\/\/www.icesi.edu.co\/marketingzone\/foro-identidad-empresarial-el-branding-define-tu-futuro-en-los-negocios\/"},"wordCount":131,"image":{"@id":"https:\/\/www.icesi.edu.co\/marketingzone\/foro-identidad-empresarial-el-branding-define-tu-futuro-en-los-negocios\/#primaryimage"},"thumbnailUrl":"https:\/\/www.icesi.edu.co\/marketingzone\/wp-content\/uploads\/2023\/09\/Pantalla-TV-1.png","articleSection":["Eventos Realizados"],"inLanguage":"es"},{"@type":"WebPage","@id":"https:\/\/www.icesi.edu.co\/marketingzone\/foro-identidad-empresarial-el-branding-define-tu-futuro-en-los-negocios\/","url":"https:\/\/www.icesi.edu.co\/marketingzone\/foro-identidad-empresarial-el-branding-define-tu-futuro-en-los-negocios\/","name":"Foro: Identidad Empresarial, El branding define tu futuro en los negocios | Marketing Zone Icesi","isPartOf":{"@id":"https:\/\/www.icesi.edu.co\/marketingzone\/#website"},"primaryImageOfPage":{"@id":"https:\/\/www.icesi.edu.co\/marketingzone\/foro-identidad-empresarial-el-branding-define-tu-futuro-en-los-negocios\/#primaryimage"},"image":{"@id":"https:\/\/www.icesi.edu.co\/marketingzone\/foro-identidad-empresarial-el-branding-define-tu-futuro-en-los-negocios\/#primaryimage"},"thumbnailUrl":"https:\/\/www.icesi.edu.co\/marketingzone\/wp-content\/uploads\/2023\/09\/Pantalla-TV-1.png","datePublished":"2023-09-05T16:19:35+00:00","author":{"@id":"https:\/\/www.icesi.edu.co\/marketingzone\/#\/schema\/person\/59460cf35beca1a3a7aaa4536753e6c3"},"breadcrumb":{"@id":"https:\/\/www.icesi.edu.co\/marketingzone\/foro-identidad-empresarial-el-branding-define-tu-futuro-en-los-negocios\/#breadcrumb"},"inLanguage":"es","potentialAction":[{"@type":"ReadAction","target":["https:\/\/www.icesi.edu.co\/marketingzone\/foro-identidad-empresarial-el-branding-define-tu-futuro-en-los-negocios\/"]}]},{"@type":"ImageObject","inLanguage":"es","@id":"https:\/\/www.icesi.edu.co\/marketingzone\/foro-identidad-empresarial-el-branding-define-tu-futuro-en-los-negocios\/#primaryimage","url":"https:\/\/www.icesi.edu.co\/marketingzone\/wp-content\/uploads\/2023\/09\/Pantalla-TV-1.png","contentUrl":"https:\/\/www.icesi.edu.co\/marketingzone\/wp-content\/uploads\/2023\/09\/Pantalla-TV-1.png","width":1920,"height":1080},{"@type":"BreadcrumbList","@id":"https:\/\/www.icesi.edu.co\/marketingzone\/foro-identidad-empresarial-el-branding-define-tu-futuro-en-los-negocios\/#breadcrumb","itemListElement":[{"@type":"ListItem","position":1,"name":"Portada","item":"https:\/\/www.icesi.edu.co\/marketingzone\/"},{"@type":"ListItem","position":2,"name":"Foro: Identidad Empresarial, El branding define tu futuro en los negocios"}]},{"@type":"WebSite","@id":"https:\/\/www.icesi.edu.co\/marketingzone\/#website","url":"https:\/\/www.icesi.edu.co\/marketingzone\/","name":"Marketing Zone - Universidad Icesi","description":"","potentialAction":[{"@type":"SearchAction","target":{"@type":"EntryPoint","urlTemplate":"https:\/\/www.icesi.edu.co\/marketingzone\/?s={search_term_string}"},"query-input":{"@type":"PropertyValueSpecification","valueRequired":true,"valueName":"search_term_string"}}],"inLanguage":"es"},{"@type":"Person","@id":"https:\/\/www.icesi.edu.co\/marketingzone\/#\/schema\/person\/59460cf35beca1a3a7aaa4536753e6c3","name":"Marketing Zone Icesi","image":{"@type":"ImageObject","inLanguage":"es","@id":"https:\/\/www.icesi.edu.co\/marketingzone\/#\/schema\/person\/image\/","url":"https:\/\/secure.gravatar.com\/avatar\/9ca4eb2673bf04f9a460bcec8c7c57f36f3f176c237aefc7e2f919b089239282?s=96&d=mm&r=g","contentUrl":"https:\/\/secure.gravatar.com\/avatar\/9ca4eb2673bf04f9a460bcec8c7c57f36f3f176c237aefc7e2f919b089239282?s=96&d=mm&r=g","caption":"Marketing Zone Icesi"},"url":"https:\/\/www.icesi.edu.co\/marketingzone\/author\/administrator\/"}]}},"uagb_featured_image_src":{"full":["https:\/\/www.icesi.edu.co\/marketingzone\/wp-content\/uploads\/2023\/09\/Pantalla-TV-1.png",1920,1080,false],"thumbnail":["https:\/\/www.icesi.edu.co\/marketingzone\/wp-content\/uploads\/2023\/09\/Pantalla-TV-1-150x150.png",150,150,true],"medium":["https:\/\/www.icesi.edu.co\/marketingzone\/wp-content\/uploads\/2023\/09\/Pantalla-TV-1-300x169.png",300,169,true],"medium_large":["https:\/\/www.icesi.edu.co\/marketingzone\/wp-content\/uploads\/2023\/09\/Pantalla-TV-1-768x432.png",640,360,true],"large":["https:\/\/www.icesi.edu.co\/marketingzone\/wp-content\/uploads\/2023\/09\/Pantalla-TV-1-1024x576.png",640,360,true],"1536x1536":["https:\/\/www.icesi.edu.co\/marketingzone\/wp-content\/uploads\/2023\/09\/Pantalla-TV-1-1536x864.png",1536,864,true],"2048x2048":["https:\/\/www.icesi.edu.co\/marketingzone\/wp-content\/uploads\/2023\/09\/Pantalla-TV-1.png",1920,1080,false]},"uagb_author_info":{"display_name":"Marketing Zone Icesi","author_link":"https:\/\/www.icesi.edu.co\/marketingzone\/author\/administrator\/"},"uagb_comment_info":0,"uagb_excerpt":"Foro #1 para el evento Summas 12 realizado el segundo semestre de 2023: Nos acompa\u00f1\u00f3 Mario Andr\u00e9s Giraldo Uribe, Gerente Comercial en Maderkit, quien nos expuso su perspectiva y experiencia con relaci\u00f3n al Branding en el mundo empresarial. \u00abEl mundo empresarial actual se encuentra en constante evoluci\u00f3n y enfrenta desaf\u00edos \u00fanicos en cuanto a la&hellip;","_links":{"self":[{"href":"https:\/\/www.icesi.edu.co\/marketingzone\/wp-json\/wp\/v2\/posts\/10062","targetHints":{"allow":["GET"]}}],"collection":[{"href":"https:\/\/www.icesi.edu.co\/marketingzone\/wp-json\/wp\/v2\/posts"}],"about":[{"href":"https:\/\/www.icesi.edu.co\/marketingzone\/wp-json\/wp\/v2\/types\/post"}],"author":[{"embeddable":true,"href":"https:\/\/www.icesi.edu.co\/marketingzone\/wp-json\/wp\/v2\/users\/52"}],"replies":[{"embeddable":true,"href":"https:\/\/www.icesi.edu.co\/marketingzone\/wp-json\/wp\/v2\/comments?post=10062"}],"version-history":[{"count":1,"href":"https:\/\/www.icesi.edu.co\/marketingzone\/wp-json\/wp\/v2\/posts\/10062\/revisions"}],"predecessor-version":[{"id":10064,"href":"https:\/\/www.icesi.edu.co\/marketingzone\/wp-json\/wp\/v2\/posts\/10062\/revisions\/10064"}],"wp:featuredmedia":[{"embeddable":true,"href":"https:\/\/www.icesi.edu.co\/marketingzone\/wp-json\/wp\/v2\/media\/10063"}],"wp:attachment":[{"href":"https:\/\/www.icesi.edu.co\/marketingzone\/wp-json\/wp\/v2\/media?parent=10062"}],"wp:term":[{"taxonomy":"category","embeddable":true,"href":"https:\/\/www.icesi.edu.co\/marketingzone\/wp-json\/wp\/v2\/categories?post=10062"},{"taxonomy":"post_tag","embeddable":true,"href":"https:\/\/www.icesi.edu.co\/marketingzone\/wp-json\/wp\/v2\/tags?post=10062"}],"curies":[{"name":"wp","href":"https:\/\/api.w.org\/{rel}","templated":true}]}}