{"id":10112,"date":"2023-09-13T10:00:14","date_gmt":"2023-09-13T15:00:14","guid":{"rendered":"https:\/\/www.icesi.edu.co\/marketingzone\/?p=10112"},"modified":"2023-09-13T08:45:23","modified_gmt":"2023-09-13T13:45:23","slug":"apple-concentra-casi-todas-las-innovaciones-en-los-carisimos-iphone-15-pro-y-se-rinde-a-los-pies-del-usb-c","status":"publish","type":"post","link":"https:\/\/www.icesi.edu.co\/marketingzone\/apple-concentra-casi-todas-las-innovaciones-en-los-carisimos-iphone-15-pro-y-se-rinde-a-los-pies-del-usb-c\/","title":{"rendered":"Apple concentra casi todas las innovaciones en los car\u00edsimos iPhone 15 Pro (y se rinde a los pies del USB-C)"},"content":{"rendered":"<div class=\"post-cn\">\n<h2>Apple levant\u00f3 ayer el tel\u00f3n de su nueva generaci\u00f3n de iPhones y eligi\u00f3 concentrar la mayor parte de las innovaciones en los modelos Pro de su famoso tel\u00e9fono.<\/h2>\n<p>De ahora en delante quienes compren un iPhone nuevo deber\u00e1n pertrecharse de cables de carga diferentes de los que sol\u00edan utilizar otrora. <strong>Por mandato de la Uni\u00f3n Europea en Apple se han visto obligados al jubilar el conector Lightning para reemplazarlo por el puerto USB-C<\/strong>, que es desde hace a\u00f1os el est\u00e1ndar en la industria de la electr\u00f3nica de consumo.<\/p>\n<p>La empresa de la manzana levant\u00f3 ayer el tel\u00f3n de su nueva generaci\u00f3n de iPhones y<strong> eligi\u00f3 concentrar la mayor parte de las innovaciones en los modelos Pro de su famoso tel\u00e9fono<\/strong> (que son tambi\u00e9n los m\u00e1s onerosos).<\/p>\n<p><strong>El iPhone 15 Pro y el iPhone 15 Pro Max presentan notables mejoras con respecto a los m\u00e1s econ\u00f3micos iPhone 15 y iPhone 15 Plus<\/strong>. El salto en cuanto a capacidades t\u00e9cnicas entre unos y otros dispositivos es a\u00fan m\u00e1s conspicuo que el a\u00f1o pasado.<\/p>\n<figure class=\"wp-block-embed is-type-rich is-provider-twitter wp-block-embed-twitter\">\n<div class=\"wp-block-embed__wrapper\">\n<div class=\"twitter-tweet twitter-tweet-rendered\"><iframe id=\"twitter-widget-0\" class=\"\" title=\"Twitter Tweet\" src=\"https:\/\/platform.twitter.com\/embed\/Tweet.html?creatorScreenName=MkDirecto&amp;dnt=true&amp;embedId=twitter-widget-0&amp;features=eyJ0ZndfdGltZWxpbmVfbGlzdCI6eyJidWNrZXQiOltdLCJ2ZXJzaW9uIjpudWxsfSwidGZ3X2ZvbGxvd2VyX2NvdW50X3N1bnNldCI6eyJidWNrZXQiOnRydWUsInZlcnNpb24iOm51bGx9LCJ0ZndfdHdlZXRfZWRpdF9iYWNrZW5kIjp7ImJ1Y2tldCI6Im9uIiwidmVyc2lvbiI6bnVsbH0sInRmd19yZWZzcmNfc2Vzc2lvbiI6eyJidWNrZXQiOiJvbiIsInZlcnNpb24iOm51bGx9LCJ0ZndfZm9zbnJfc29mdF9pbnRlcnZlbnRpb25zX2VuYWJsZWQiOnsiYnVja2V0Ijoib24iLCJ2ZXJzaW9uIjpudWxsfSwidGZ3X21peGVkX21lZGlhXzE1ODk3Ijp7ImJ1Y2tldCI6InRyZWF0bWVudCIsInZlcnNpb24iOm51bGx9LCJ0ZndfZXhwZXJpbWVudHNfY29va2llX2V4cGlyYXRpb24iOnsiYnVja2V0IjoxMjA5NjAwLCJ2ZXJzaW9uIjpudWxsfSwidGZ3X3Nob3dfYmlyZHdhdGNoX3Bpdm90c19lbmFibGVkIjp7ImJ1Y2tldCI6Im9uIiwidmVyc2lvbiI6bnVsbH0sInRmd19kdXBsaWNhdGVfc2NyaWJlc190b19zZXR0aW5ncyI6eyJidWNrZXQiOiJvbiIsInZlcnNpb24iOm51bGx9LCJ0ZndfdXNlX3Byb2ZpbGVfaW1hZ2Vfc2hhcGVfZW5hYmxlZCI6eyJidWNrZXQiOiJvbiIsInZlcnNpb24iOm51bGx9LCJ0ZndfdmlkZW9faGxzX2R5bmFtaWNfbWFuaWZlc3RzXzE1MDgyIjp7ImJ1Y2tldCI6InRydWVfYml0cmF0ZSIsInZlcnNpb24iOm51bGx9LCJ0ZndfbGVnYWN5X3RpbWVsaW5lX3N1bnNldCI6eyJidWNrZXQiOnRydWUsInZlcnNpb24iOm51bGx9LCJ0ZndfdHdlZXRfZWRpdF9mcm9udGVuZCI6eyJidWNrZXQiOiJvbiIsInZlcnNpb24iOm51bGx9fQ%3D%3D&amp;frame=false&amp;hideCard=false&amp;hideThread=false&amp;id=1701642341218459727&amp;lang=es&amp;origin=https%3A%2F%2Fwww.marketingdirecto.com%2Fdigital-general%2Fdigital%2Fapple-concentra-innovaciones-iphone-15-pro&amp;sessionId=a6dc372d15e7a532b2d9f8bf8308a3b3786a54a6&amp;siteScreenName=MkDirecto&amp;theme=light&amp;widgetsVersion=aaf4084522e3a%3A1674595607486&amp;width=500px\" frameborder=\"0\" scrolling=\"no\" allowfullscreen=\"allowfullscreen\" data-tweet-id=\"1701642341218459727\" data-mce-fragment=\"1\"><\/iframe><\/div>\n<\/div>\n<\/figure>\n<h3 class=\"wp-block-heading\"><strong>Apple hace a\u00fan atractivos los modelos Pro del iPhone (que son los m\u00e1s dinero le reportan)<\/strong><\/h3>\n<p>Entre otras cosas, los modelos Pro del nuevo iPhone 15 est\u00e1n pertrechados de <strong>una carcasa de titanio <\/strong>y un chip de nuevo hornada con sustanciales mejoras en gr\u00e1ficos y rendimiento.<\/p>\n<p>https:\/\/youtu.be\/xqyUdNxWazA<\/p>\n<p>Si no visualizas correctamente el v\u00eddeo, haz clic <a href=\"https:\/\/www.youtube.com\/watch?v=xqyUdNxWazA\" target=\"_blank\" rel=\"noreferrer noopener nofollow\">aqu\u00ed<\/a><\/p>\n<p>Revestir de mayor atractivo a los car\u00edsimos iPhone Pro es un ardid extraordinariamente eficaz para espolear las ventas en un mercado, el de los smartphones, que est\u00e1 contrayendo peligrosamente.<\/p>\n<p><strong>Los cuatro iPhones presentados ayer por Apple estrenar\u00e1n puertos USB-C y dir\u00e1n adi\u00f3s al antiguo conector Lightning<\/strong>. El cambio har\u00e1 posible que el iPhone pueda cargarse con los mismos cables de la mayor parte de los smartphones con sistema operativo Android y los port\u00e1tiles y los auriculares inal\u00e1mbricos de otras marcas.<\/p>\n<p>La transici\u00f3n de Lightning al puerto USB-C (que la compa\u00f1\u00eda de Cupertino se ha visto obligada a efectuar obligada por la Uni\u00f3n Europea) se traducir\u00e1 en una merma de los residuos electr\u00f3nicos. A eso aspira al menos la norma de Bruselas.<\/p>\n<h3 class=\"wp-block-heading\"><strong>USB-C en vez de Lightning, un cambio doloroso para Apple<\/strong><\/h3>\n<p><strong>Apple ha accedido solo a rega\u00f1adientes a abrazar los conectores USB-C<\/strong> en lo que considera un posible freno a la innovaci\u00f3n. Adem\u00e1s, la empresa de la manzana se ha lamentado de que con el cambio habr\u00e1 inevitablemente muchos cables Lightning totalmente hu\u00e9rfanos de utilidad en los hogares. Tambi\u00e9n el cable de carga de los AirPods, los auriculares de Apple, ha reemplazado el formato Lightning por el est\u00e1ndar USB-C.<\/p>\n<p>Conviene, por otra parte, hacer notar que el iPhone m\u00e1s grande (y tambi\u00e9n el m\u00e1s caro), el iPhone 15 Pro Max, se beneficiar\u00e1 de una innovaci\u00f3n en modo alguno balad\u00ed:<strong> un zoom \u00f3ptico de cinco aumentos <\/strong>y 120 mm, el mayor hasta la fecha en un dispositivo m\u00f3vil de Apple.<\/p>\n<figure class=\"wp-block-embed is-type-rich is-provider-twitter wp-block-embed-twitter\">\n<div class=\"wp-block-embed__wrapper\">\n<div class=\"twitter-tweet twitter-tweet-rendered\"><iframe id=\"twitter-widget-1\" class=\"\" title=\"Twitter Tweet\" src=\"https:\/\/platform.twitter.com\/embed\/Tweet.html?creatorScreenName=MkDirecto&amp;dnt=true&amp;embedId=twitter-widget-1&amp;features=eyJ0ZndfdGltZWxpbmVfbGlzdCI6eyJidWNrZXQiOltdLCJ2ZXJzaW9uIjpudWxsfSwidGZ3X2ZvbGxvd2VyX2NvdW50X3N1bnNldCI6eyJidWNrZXQiOnRydWUsInZlcnNpb24iOm51bGx9LCJ0ZndfdHdlZXRfZWRpdF9iYWNrZW5kIjp7ImJ1Y2tldCI6Im9uIiwidmVyc2lvbiI6bnVsbH0sInRmd19yZWZzcmNfc2Vzc2lvbiI6eyJidWNrZXQiOiJvbiIsInZlcnNpb24iOm51bGx9LCJ0ZndfZm9zbnJfc29mdF9pbnRlcnZlbnRpb25zX2VuYWJsZWQiOnsiYnVja2V0Ijoib24iLCJ2ZXJzaW9uIjpudWxsfSwidGZ3X21peGVkX21lZGlhXzE1ODk3Ijp7ImJ1Y2tldCI6InRyZWF0bWVudCIsInZlcnNpb24iOm51bGx9LCJ0ZndfZXhwZXJpbWVudHNfY29va2llX2V4cGlyYXRpb24iOnsiYnVja2V0IjoxMjA5NjAwLCJ2ZXJzaW9uIjpudWxsfSwidGZ3X3Nob3dfYmlyZHdhdGNoX3Bpdm90c19lbmFibGVkIjp7ImJ1Y2tldCI6Im9uIiwidmVyc2lvbiI6bnVsbH0sInRmd19kdXBsaWNhdGVfc2NyaWJlc190b19zZXR0aW5ncyI6eyJidWNrZXQiOiJvbiIsInZlcnNpb24iOm51bGx9LCJ0ZndfdXNlX3Byb2ZpbGVfaW1hZ2Vfc2hhcGVfZW5hYmxlZCI6eyJidWNrZXQiOiJvbiIsInZlcnNpb24iOm51bGx9LCJ0ZndfdmlkZW9faGxzX2R5bmFtaWNfbWFuaWZlc3RzXzE1MDgyIjp7ImJ1Y2tldCI6InRydWVfYml0cmF0ZSIsInZlcnNpb24iOm51bGx9LCJ0ZndfbGVnYWN5X3RpbWVsaW5lX3N1bnNldCI6eyJidWNrZXQiOnRydWUsInZlcnNpb24iOm51bGx9LCJ0ZndfdHdlZXRfZWRpdF9mcm9udGVuZCI6eyJidWNrZXQiOiJvbiIsInZlcnNpb24iOm51bGx9fQ%3D%3D&amp;frame=false&amp;hideCard=false&amp;hideThread=false&amp;id=1701662874211434508&amp;lang=es&amp;origin=https%3A%2F%2Fwww.marketingdirecto.com%2Fdigital-general%2Fdigital%2Fapple-concentra-innovaciones-iphone-15-pro&amp;sessionId=a6dc372d15e7a532b2d9f8bf8308a3b3786a54a6&amp;siteScreenName=MkDirecto&amp;theme=light&amp;widgetsVersion=aaf4084522e3a%3A1674595607486&amp;width=500px\" frameborder=\"0\" scrolling=\"no\" allowfullscreen=\"allowfullscreen\" data-tweet-id=\"1701662874211434508\" data-mce-fragment=\"1\"><\/iframe><\/div>\n<\/div>\n<\/figure>\n<p>En sinton\u00eda con el lanzamiento hace unos meses de las gafas de realidad mixta de Apple Vision Pro,<strong> las c\u00e1maras de los nuevos iPhone 15 Pro y iPhone 15 Pro Max permitir\u00e1n capturar v\u00eddeos espaciales en 3D <\/strong>(de los que ser\u00e1 posible despu\u00e9s disfrutar en el \u00abheadset\u00bb de la empresa de la manzana).<\/p>\n<p>Si nos detenemos en el iPhone 15 y el iPhone 15 Plus, los modelos m\u00e1s econ\u00f3micos presentados ayer por Apple, <strong>estos incluyen las innovaciones incorporadas el a\u00f1o pasado por la compa\u00f1\u00eda en los modelos Pro.<\/strong><\/p>\n<p><strong>El iPhone 15 integra un sensor de imagen de 48 megap\u00edxeles que se traducir\u00e1 en fotograf\u00edas m\u00e1s ricas en detalles<\/strong> y tambi\u00e9n el m\u00f3dulo \u00abDynamic Island\u00bb, donde se despliega informaci\u00f3n actualizada en la pantalla del dispositivo.<\/p>\n<p>Despu\u00e9s de que el a\u00f1o pasado Apple subiera los precios de sus smartphones en Europa (en algunos casos de manera significativa) por culpa de la debilidad del euro, doce meses despu\u00e9s la compa\u00f1\u00eda ha abaratado sorprendentemente sus nuevos tel\u00e9fonos inteligentes en el viejo continente. <strong>El iPhone 15, el dispositivo m\u00e1s barato de la gama, cuesta ahora 959 euros<\/strong> (50 euros menos el iPhone 14 el a\u00f1o pasado). Y el iPhone 15 Pro, con un precio de salida de 1.219 euros, es 100 euros m\u00e1s barato que el iPhone 14 Pro. El que s\u00ed se ha mantenido inalterable es el precio del iPhone 15 Pro Max, que cuesta lo mismo que su antecesor: 1.469 euros.<\/p>\n<p>https:\/\/youtu.be\/XHTrLYShBRQ<\/p>\n<p>Si no visualizas correctamente el v\u00eddeo, haz clic <a href=\"https:\/\/www.youtube.com\/watch?v=XHTrLYShBRQ\" target=\"_blank\" rel=\"noreferrer noopener nofollow\">aqu\u00ed<\/a><\/p>\n<p><strong>El mercado de los smartphones, otrora floreciendo, est\u00e1 languideciendo. Y Apple no es en modo alguno ajeno a esta tendencia. <\/strong>De acuerdo con los c\u00e1lculos de la empresa de investigaci\u00f3n de mercados IDC, Apple comercializ\u00f3 durante el segundo trimestre de 2023 un 6% menos iPhones que en el mismo periodo del a\u00f1o anterior. Sin embargo, los ingresos que el iPhone reporta a Apple han sufrido un prolapso de apenas el 2,4% gracias a que la compa\u00f1\u00eda est\u00e1 vendiendo dispositivos m\u00e1s caros. El iPhone es el producto m\u00e1s importante en el porfolio de Apple y genera m\u00e1s de la mitad de los ingresos que van a parar a las arcas de Apple.<\/p>\n<h3 class=\"wp-block-heading\"><strong>Nuevos relojes inteligentes con m\u00e1s \u00absuperpoderes\u00bb<\/strong><\/h3>\n<p><strong>Durante la jornada de ayer los de Cupertino presentaron adem\u00e1s en sociedad el nuevo reloj inteligente Apple Watch Ultra 2<\/strong>, que alberga en sus entra\u00f1as un chip m\u00e1s r\u00e1pido y puede ahora procesar las peticiones formuladas por el usuario a Siri directamente en el dispositivo.<\/p>\n<figure class=\"wp-block-image size-large\"><img loading=\"lazy\" decoding=\"async\" class=\"wp-image-864240\" src=\"https:\/\/www.marketingdirecto.com\/wp-content\/uploads\/2023\/09\/design_glory__b6ma91iz65ci_large-1280x408.jpg\" sizes=\"auto, (max-width: 1280px) 100vw, 1280px\" srcset=\"https:\/\/www.marketingdirecto.com\/wp-content\/uploads\/2023\/09\/design_glory__b6ma91iz65ci_large-1280x408.jpg 1280w, https:\/\/www.marketingdirecto.com\/wp-content\/uploads\/2023\/09\/design_glory__b6ma91iz65ci_large-850x271.jpg 850w, https:\/\/www.marketingdirecto.com\/wp-content\/uploads\/2023\/09\/design_glory__b6ma91iz65ci_large-768x245.jpg 768w, https:\/\/www.marketingdirecto.com\/wp-content\/uploads\/2023\/09\/design_glory__b6ma91iz65ci_large-1536x489.jpg 1536w, https:\/\/www.marketingdirecto.com\/wp-content\/uploads\/2023\/09\/design_glory__b6ma91iz65ci_large-2048x652.jpg 2048w, https:\/\/www.marketingdirecto.com\/wp-content\/uploads\/2023\/09\/design_glory__b6ma91iz65ci_large-280x89.jpg 280w\" alt=\"\" width=\"1280\" height=\"408\" \/><\/figure>\n<p>Por otra parte, <strong>el Apple Watch Ultra 2 se puede controlar f\u00e1cilmente con un nuevo gesto de doble toque sin tener que poner un dedo en la pantalla<\/strong>. Con solo juntar dos veces el \u00edndice y el pulgar de la mano que lleva el reloj, los usuarios pueden realizar de manera c\u00f3moda y r\u00e1pida muchas de las acciones m\u00e1s comunes del Apple Watch Ultra 2. El usuario podr\u00e1 valerse de esta funcionalidad para responder una llamada o apagar una alarma, por ejemplo. El reloj detecta con precisi\u00f3n el tipo de movimiento efectuado por el usuario gracias a sus sensores y al \u00abmachine learning\u00bb.<\/p>\n<p><strong>Durante su presentaci\u00f3n Apple otorg\u00f3 much\u00edsima relevancia a asuntos de naturaleza medioambiental<\/strong>, que ocuparon una buena porci\u00f3n de la \u00abkeynote\u00bb. Y Lisa Jackson, vicepresidenta de Iniciativas Medioambientales, Sociales y de Pol\u00edtica Interna de Apple, anunci\u00f3 que los nuevos relojes inteligentes de la compa\u00f1\u00eda ser\u00edan totalmente <strong>neutros en carbono<\/strong>. Y no solo eso. De ahora en adelante la empresa de la manzana prescindir\u00e1 de los productos de piel en su porfolio. Incluso las correas que el gigante franc\u00e9s del lujo Herm\u00e8s fabrica para el Apple Watch renunciar\u00e1n a este material.<\/p>\n<p><iframe loading=\"lazy\" title=\"2030 Status | Mother Nature | Apple\" width=\"640\" height=\"360\" src=\"https:\/\/www.youtube.com\/embed\/QNv9PRDIhes?feature=oembed\" frameborder=\"0\" allow=\"accelerometer; autoplay; clipboard-write; encrypted-media; gyroscope; picture-in-picture; web-share\" referrerpolicy=\"strict-origin-when-cross-origin\" allowfullscreen><\/iframe><\/p>\n<p>Si no visualizas correctamente el v\u00eddeo, haz clic <a href=\"https:\/\/www.youtube.com\/watch?v=QNv9PRDIhes\" target=\"_blank\" rel=\"noreferrer noopener nofollow\">aqu\u00ed<\/a><\/p>\n<p>En esta misma l\u00ednea, la carcasa del iPhone 15 est\u00e1 fabricada con aluminio reciclado en un 75%. Y en los modelos Pro el chasis en el interior del dispositivo est\u00e1 confeccionado \u00edntegramente con <strong>aluminio reciclado<\/strong>. Adem\u00e1s, el cobalto empleado en las bater\u00edas del iPhone echa tambi\u00e9n anclas en el reciclaje.<\/p>\n<p>Fuente: https:\/\/www.marketingdirecto.com\/digital-general\/digital\/apple-concentra-innovaciones-iphone-15-pro<\/p>\n<\/div>\n","protected":false},"excerpt":{"rendered":"<p>Apple levant\u00f3 ayer el tel\u00f3n de su nueva generaci\u00f3n de iPhones y eligi\u00f3 concentrar la mayor parte de las innovaciones en los modelos Pro de su famoso tel\u00e9fono. De ahora en delante quienes compren un iPhone nuevo deber\u00e1n pertrecharse de cables de carga diferentes de los que sol\u00edan utilizar otrora. Por mandato de la Uni\u00f3n [&hellip;]<\/p>\n","protected":false},"author":52,"featured_media":10113,"comment_status":"closed","ping_status":"closed","sticky":false,"template":"","format":"standard","meta":{"_uag_custom_page_level_css":"","footnotes":""},"categories":[58],"tags":[],"class_list":["post-10112","post","type-post","status-publish","format-standard","has-post-thumbnail","hentry","category-panorama"],"yoast_head":"<!-- This site is optimized with the Yoast SEO plugin v26.8 - https:\/\/yoast.com\/product\/yoast-seo-wordpress\/ -->\n<title>Apple concentra casi todas las innovaciones en los car\u00edsimos iPhone 15 Pro (y se rinde a los pies del USB-C) | Marketing Zone Icesi<\/title>\n<meta name=\"robots\" content=\"index, follow, max-snippet:-1, max-image-preview:large, max-video-preview:-1\" \/>\n<link rel=\"canonical\" href=\"https:\/\/www.icesi.edu.co\/marketingzone\/apple-concentra-casi-todas-las-innovaciones-en-los-carisimos-iphone-15-pro-y-se-rinde-a-los-pies-del-usb-c\/\" \/>\n<meta property=\"og:locale\" content=\"es_ES\" \/>\n<meta property=\"og:type\" content=\"article\" \/>\n<meta property=\"og:title\" content=\"Apple concentra casi todas las innovaciones en los car\u00edsimos iPhone 15 Pro (y se rinde a los pies del USB-C) | Marketing Zone Icesi\" \/>\n<meta property=\"og:description\" content=\"Apple levant\u00f3 ayer el tel\u00f3n de su nueva generaci\u00f3n de iPhones y eligi\u00f3 concentrar la mayor parte de las innovaciones en los modelos Pro de su famoso tel\u00e9fono. De ahora en delante quienes compren un iPhone nuevo deber\u00e1n pertrecharse de cables de carga diferentes de los que sol\u00edan utilizar otrora. Por mandato de la Uni\u00f3n [&hellip;]\" \/>\n<meta property=\"og:url\" content=\"https:\/\/www.icesi.edu.co\/marketingzone\/apple-concentra-casi-todas-las-innovaciones-en-los-carisimos-iphone-15-pro-y-se-rinde-a-los-pies-del-usb-c\/\" \/>\n<meta property=\"og:site_name\" content=\"Marketing Zone Icesi\" \/>\n<meta property=\"article:publisher\" content=\"https:\/\/www.facebook.com\/Marketingzoneicesi\/\" \/>\n<meta property=\"article:published_time\" content=\"2023-09-13T15:00:14+00:00\" \/>\n<meta property=\"og:image\" content=\"https:\/\/www.icesi.edu.co\/marketingzone\/wp-content\/uploads\/2023\/09\/Apple-iPhone-15-Pro-lineup-hero-230912_Full-Bleed-Image.jpg.large_.jpg\" \/>\n\t<meta property=\"og:image:width\" content=\"1440\" \/>\n\t<meta property=\"og:image:height\" content=\"810\" \/>\n\t<meta property=\"og:image:type\" content=\"image\/jpeg\" \/>\n<meta name=\"author\" content=\"Marketing Zone Icesi\" \/>\n<meta name=\"twitter:card\" content=\"summary_large_image\" \/>\n<meta name=\"twitter:creator\" content=\"@MarketingZIcesi\" \/>\n<meta name=\"twitter:site\" content=\"@MarketingZIcesi\" \/>\n<meta name=\"twitter:label1\" content=\"Escrito por\" \/>\n\t<meta name=\"twitter:data1\" content=\"Marketing Zone Icesi\" \/>\n\t<meta name=\"twitter:label2\" content=\"Tiempo de lectura\" \/>\n\t<meta name=\"twitter:data2\" content=\"6 minutos\" \/>\n<script type=\"application\/ld+json\" class=\"yoast-schema-graph\">{\"@context\":\"https:\/\/schema.org\",\"@graph\":[{\"@type\":\"Article\",\"@id\":\"https:\/\/www.icesi.edu.co\/marketingzone\/apple-concentra-casi-todas-las-innovaciones-en-los-carisimos-iphone-15-pro-y-se-rinde-a-los-pies-del-usb-c\/#article\",\"isPartOf\":{\"@id\":\"https:\/\/www.icesi.edu.co\/marketingzone\/apple-concentra-casi-todas-las-innovaciones-en-los-carisimos-iphone-15-pro-y-se-rinde-a-los-pies-del-usb-c\/\"},\"author\":{\"name\":\"Marketing Zone Icesi\",\"@id\":\"https:\/\/www.icesi.edu.co\/marketingzone\/#\/schema\/person\/59460cf35beca1a3a7aaa4536753e6c3\"},\"headline\":\"Apple concentra casi todas las innovaciones en los car\u00edsimos iPhone 15 Pro (y se rinde a los pies del USB-C)\",\"datePublished\":\"2023-09-13T15:00:14+00:00\",\"mainEntityOfPage\":{\"@id\":\"https:\/\/www.icesi.edu.co\/marketingzone\/apple-concentra-casi-todas-las-innovaciones-en-los-carisimos-iphone-15-pro-y-se-rinde-a-los-pies-del-usb-c\/\"},\"wordCount\":1247,\"image\":{\"@id\":\"https:\/\/www.icesi.edu.co\/marketingzone\/apple-concentra-casi-todas-las-innovaciones-en-los-carisimos-iphone-15-pro-y-se-rinde-a-los-pies-del-usb-c\/#primaryimage\"},\"thumbnailUrl\":\"https:\/\/www.icesi.edu.co\/marketingzone\/wp-content\/uploads\/2023\/09\/Apple-iPhone-15-Pro-lineup-hero-230912_Full-Bleed-Image.jpg.large_.jpg\",\"articleSection\":[\"Panorama\"],\"inLanguage\":\"es\"},{\"@type\":\"WebPage\",\"@id\":\"https:\/\/www.icesi.edu.co\/marketingzone\/apple-concentra-casi-todas-las-innovaciones-en-los-carisimos-iphone-15-pro-y-se-rinde-a-los-pies-del-usb-c\/\",\"url\":\"https:\/\/www.icesi.edu.co\/marketingzone\/apple-concentra-casi-todas-las-innovaciones-en-los-carisimos-iphone-15-pro-y-se-rinde-a-los-pies-del-usb-c\/\",\"name\":\"Apple concentra casi todas las innovaciones en los car\u00edsimos iPhone 15 Pro (y se rinde a los pies del USB-C) | Marketing Zone Icesi\",\"isPartOf\":{\"@id\":\"https:\/\/www.icesi.edu.co\/marketingzone\/#website\"},\"primaryImageOfPage\":{\"@id\":\"https:\/\/www.icesi.edu.co\/marketingzone\/apple-concentra-casi-todas-las-innovaciones-en-los-carisimos-iphone-15-pro-y-se-rinde-a-los-pies-del-usb-c\/#primaryimage\"},\"image\":{\"@id\":\"https:\/\/www.icesi.edu.co\/marketingzone\/apple-concentra-casi-todas-las-innovaciones-en-los-carisimos-iphone-15-pro-y-se-rinde-a-los-pies-del-usb-c\/#primaryimage\"},\"thumbnailUrl\":\"https:\/\/www.icesi.edu.co\/marketingzone\/wp-content\/uploads\/2023\/09\/Apple-iPhone-15-Pro-lineup-hero-230912_Full-Bleed-Image.jpg.large_.jpg\",\"datePublished\":\"2023-09-13T15:00:14+00:00\",\"author\":{\"@id\":\"https:\/\/www.icesi.edu.co\/marketingzone\/#\/schema\/person\/59460cf35beca1a3a7aaa4536753e6c3\"},\"breadcrumb\":{\"@id\":\"https:\/\/www.icesi.edu.co\/marketingzone\/apple-concentra-casi-todas-las-innovaciones-en-los-carisimos-iphone-15-pro-y-se-rinde-a-los-pies-del-usb-c\/#breadcrumb\"},\"inLanguage\":\"es\",\"potentialAction\":[{\"@type\":\"ReadAction\",\"target\":[\"https:\/\/www.icesi.edu.co\/marketingzone\/apple-concentra-casi-todas-las-innovaciones-en-los-carisimos-iphone-15-pro-y-se-rinde-a-los-pies-del-usb-c\/\"]}]},{\"@type\":\"ImageObject\",\"inLanguage\":\"es\",\"@id\":\"https:\/\/www.icesi.edu.co\/marketingzone\/apple-concentra-casi-todas-las-innovaciones-en-los-carisimos-iphone-15-pro-y-se-rinde-a-los-pies-del-usb-c\/#primaryimage\",\"url\":\"https:\/\/www.icesi.edu.co\/marketingzone\/wp-content\/uploads\/2023\/09\/Apple-iPhone-15-Pro-lineup-hero-230912_Full-Bleed-Image.jpg.large_.jpg\",\"contentUrl\":\"https:\/\/www.icesi.edu.co\/marketingzone\/wp-content\/uploads\/2023\/09\/Apple-iPhone-15-Pro-lineup-hero-230912_Full-Bleed-Image.jpg.large_.jpg\",\"width\":1440,\"height\":810},{\"@type\":\"BreadcrumbList\",\"@id\":\"https:\/\/www.icesi.edu.co\/marketingzone\/apple-concentra-casi-todas-las-innovaciones-en-los-carisimos-iphone-15-pro-y-se-rinde-a-los-pies-del-usb-c\/#breadcrumb\",\"itemListElement\":[{\"@type\":\"ListItem\",\"position\":1,\"name\":\"Portada\",\"item\":\"https:\/\/www.icesi.edu.co\/marketingzone\/\"},{\"@type\":\"ListItem\",\"position\":2,\"name\":\"Apple concentra casi todas las innovaciones en los car\u00edsimos iPhone 15 Pro (y se rinde a los pies del USB-C)\"}]},{\"@type\":\"WebSite\",\"@id\":\"https:\/\/www.icesi.edu.co\/marketingzone\/#website\",\"url\":\"https:\/\/www.icesi.edu.co\/marketingzone\/\",\"name\":\"Marketing Zone - Universidad Icesi\",\"description\":\"\",\"potentialAction\":[{\"@type\":\"SearchAction\",\"target\":{\"@type\":\"EntryPoint\",\"urlTemplate\":\"https:\/\/www.icesi.edu.co\/marketingzone\/?s={search_term_string}\"},\"query-input\":{\"@type\":\"PropertyValueSpecification\",\"valueRequired\":true,\"valueName\":\"search_term_string\"}}],\"inLanguage\":\"es\"},{\"@type\":\"Person\",\"@id\":\"https:\/\/www.icesi.edu.co\/marketingzone\/#\/schema\/person\/59460cf35beca1a3a7aaa4536753e6c3\",\"name\":\"Marketing Zone Icesi\",\"image\":{\"@type\":\"ImageObject\",\"inLanguage\":\"es\",\"@id\":\"https:\/\/www.icesi.edu.co\/marketingzone\/#\/schema\/person\/image\/\",\"url\":\"https:\/\/secure.gravatar.com\/avatar\/9ca4eb2673bf04f9a460bcec8c7c57f36f3f176c237aefc7e2f919b089239282?s=96&d=mm&r=g\",\"contentUrl\":\"https:\/\/secure.gravatar.com\/avatar\/9ca4eb2673bf04f9a460bcec8c7c57f36f3f176c237aefc7e2f919b089239282?s=96&d=mm&r=g\",\"caption\":\"Marketing Zone Icesi\"},\"url\":\"https:\/\/www.icesi.edu.co\/marketingzone\/author\/administrator\/\"}]}<\/script>\n<!-- \/ Yoast SEO plugin. -->","yoast_head_json":{"title":"Apple concentra casi todas las innovaciones en los car\u00edsimos iPhone 15 Pro (y se rinde a los pies del USB-C) | Marketing Zone Icesi","robots":{"index":"index","follow":"follow","max-snippet":"max-snippet:-1","max-image-preview":"max-image-preview:large","max-video-preview":"max-video-preview:-1"},"canonical":"https:\/\/www.icesi.edu.co\/marketingzone\/apple-concentra-casi-todas-las-innovaciones-en-los-carisimos-iphone-15-pro-y-se-rinde-a-los-pies-del-usb-c\/","og_locale":"es_ES","og_type":"article","og_title":"Apple concentra casi todas las innovaciones en los car\u00edsimos iPhone 15 Pro (y se rinde a los pies del USB-C) | Marketing Zone Icesi","og_description":"Apple levant\u00f3 ayer el tel\u00f3n de su nueva generaci\u00f3n de iPhones y eligi\u00f3 concentrar la mayor parte de las innovaciones en los modelos Pro de su famoso tel\u00e9fono. De ahora en delante quienes compren un iPhone nuevo deber\u00e1n pertrecharse de cables de carga diferentes de los que sol\u00edan utilizar otrora. Por mandato de la Uni\u00f3n [&hellip;]","og_url":"https:\/\/www.icesi.edu.co\/marketingzone\/apple-concentra-casi-todas-las-innovaciones-en-los-carisimos-iphone-15-pro-y-se-rinde-a-los-pies-del-usb-c\/","og_site_name":"Marketing Zone Icesi","article_publisher":"https:\/\/www.facebook.com\/Marketingzoneicesi\/","article_published_time":"2023-09-13T15:00:14+00:00","og_image":[{"width":1440,"height":810,"url":"https:\/\/www.icesi.edu.co\/marketingzone\/wp-content\/uploads\/2023\/09\/Apple-iPhone-15-Pro-lineup-hero-230912_Full-Bleed-Image.jpg.large_.jpg","type":"image\/jpeg"}],"author":"Marketing Zone Icesi","twitter_card":"summary_large_image","twitter_creator":"@MarketingZIcesi","twitter_site":"@MarketingZIcesi","twitter_misc":{"Escrito por":"Marketing Zone Icesi","Tiempo de lectura":"6 minutos"},"schema":{"@context":"https:\/\/schema.org","@graph":[{"@type":"Article","@id":"https:\/\/www.icesi.edu.co\/marketingzone\/apple-concentra-casi-todas-las-innovaciones-en-los-carisimos-iphone-15-pro-y-se-rinde-a-los-pies-del-usb-c\/#article","isPartOf":{"@id":"https:\/\/www.icesi.edu.co\/marketingzone\/apple-concentra-casi-todas-las-innovaciones-en-los-carisimos-iphone-15-pro-y-se-rinde-a-los-pies-del-usb-c\/"},"author":{"name":"Marketing Zone Icesi","@id":"https:\/\/www.icesi.edu.co\/marketingzone\/#\/schema\/person\/59460cf35beca1a3a7aaa4536753e6c3"},"headline":"Apple concentra casi todas las innovaciones en los car\u00edsimos iPhone 15 Pro (y se rinde a los pies del USB-C)","datePublished":"2023-09-13T15:00:14+00:00","mainEntityOfPage":{"@id":"https:\/\/www.icesi.edu.co\/marketingzone\/apple-concentra-casi-todas-las-innovaciones-en-los-carisimos-iphone-15-pro-y-se-rinde-a-los-pies-del-usb-c\/"},"wordCount":1247,"image":{"@id":"https:\/\/www.icesi.edu.co\/marketingzone\/apple-concentra-casi-todas-las-innovaciones-en-los-carisimos-iphone-15-pro-y-se-rinde-a-los-pies-del-usb-c\/#primaryimage"},"thumbnailUrl":"https:\/\/www.icesi.edu.co\/marketingzone\/wp-content\/uploads\/2023\/09\/Apple-iPhone-15-Pro-lineup-hero-230912_Full-Bleed-Image.jpg.large_.jpg","articleSection":["Panorama"],"inLanguage":"es"},{"@type":"WebPage","@id":"https:\/\/www.icesi.edu.co\/marketingzone\/apple-concentra-casi-todas-las-innovaciones-en-los-carisimos-iphone-15-pro-y-se-rinde-a-los-pies-del-usb-c\/","url":"https:\/\/www.icesi.edu.co\/marketingzone\/apple-concentra-casi-todas-las-innovaciones-en-los-carisimos-iphone-15-pro-y-se-rinde-a-los-pies-del-usb-c\/","name":"Apple concentra casi todas las innovaciones en los car\u00edsimos iPhone 15 Pro (y se rinde a los pies del USB-C) | Marketing Zone Icesi","isPartOf":{"@id":"https:\/\/www.icesi.edu.co\/marketingzone\/#website"},"primaryImageOfPage":{"@id":"https:\/\/www.icesi.edu.co\/marketingzone\/apple-concentra-casi-todas-las-innovaciones-en-los-carisimos-iphone-15-pro-y-se-rinde-a-los-pies-del-usb-c\/#primaryimage"},"image":{"@id":"https:\/\/www.icesi.edu.co\/marketingzone\/apple-concentra-casi-todas-las-innovaciones-en-los-carisimos-iphone-15-pro-y-se-rinde-a-los-pies-del-usb-c\/#primaryimage"},"thumbnailUrl":"https:\/\/www.icesi.edu.co\/marketingzone\/wp-content\/uploads\/2023\/09\/Apple-iPhone-15-Pro-lineup-hero-230912_Full-Bleed-Image.jpg.large_.jpg","datePublished":"2023-09-13T15:00:14+00:00","author":{"@id":"https:\/\/www.icesi.edu.co\/marketingzone\/#\/schema\/person\/59460cf35beca1a3a7aaa4536753e6c3"},"breadcrumb":{"@id":"https:\/\/www.icesi.edu.co\/marketingzone\/apple-concentra-casi-todas-las-innovaciones-en-los-carisimos-iphone-15-pro-y-se-rinde-a-los-pies-del-usb-c\/#breadcrumb"},"inLanguage":"es","potentialAction":[{"@type":"ReadAction","target":["https:\/\/www.icesi.edu.co\/marketingzone\/apple-concentra-casi-todas-las-innovaciones-en-los-carisimos-iphone-15-pro-y-se-rinde-a-los-pies-del-usb-c\/"]}]},{"@type":"ImageObject","inLanguage":"es","@id":"https:\/\/www.icesi.edu.co\/marketingzone\/apple-concentra-casi-todas-las-innovaciones-en-los-carisimos-iphone-15-pro-y-se-rinde-a-los-pies-del-usb-c\/#primaryimage","url":"https:\/\/www.icesi.edu.co\/marketingzone\/wp-content\/uploads\/2023\/09\/Apple-iPhone-15-Pro-lineup-hero-230912_Full-Bleed-Image.jpg.large_.jpg","contentUrl":"https:\/\/www.icesi.edu.co\/marketingzone\/wp-content\/uploads\/2023\/09\/Apple-iPhone-15-Pro-lineup-hero-230912_Full-Bleed-Image.jpg.large_.jpg","width":1440,"height":810},{"@type":"BreadcrumbList","@id":"https:\/\/www.icesi.edu.co\/marketingzone\/apple-concentra-casi-todas-las-innovaciones-en-los-carisimos-iphone-15-pro-y-se-rinde-a-los-pies-del-usb-c\/#breadcrumb","itemListElement":[{"@type":"ListItem","position":1,"name":"Portada","item":"https:\/\/www.icesi.edu.co\/marketingzone\/"},{"@type":"ListItem","position":2,"name":"Apple concentra casi todas las innovaciones en los car\u00edsimos iPhone 15 Pro (y se rinde a los pies del USB-C)"}]},{"@type":"WebSite","@id":"https:\/\/www.icesi.edu.co\/marketingzone\/#website","url":"https:\/\/www.icesi.edu.co\/marketingzone\/","name":"Marketing Zone - Universidad Icesi","description":"","potentialAction":[{"@type":"SearchAction","target":{"@type":"EntryPoint","urlTemplate":"https:\/\/www.icesi.edu.co\/marketingzone\/?s={search_term_string}"},"query-input":{"@type":"PropertyValueSpecification","valueRequired":true,"valueName":"search_term_string"}}],"inLanguage":"es"},{"@type":"Person","@id":"https:\/\/www.icesi.edu.co\/marketingzone\/#\/schema\/person\/59460cf35beca1a3a7aaa4536753e6c3","name":"Marketing Zone Icesi","image":{"@type":"ImageObject","inLanguage":"es","@id":"https:\/\/www.icesi.edu.co\/marketingzone\/#\/schema\/person\/image\/","url":"https:\/\/secure.gravatar.com\/avatar\/9ca4eb2673bf04f9a460bcec8c7c57f36f3f176c237aefc7e2f919b089239282?s=96&d=mm&r=g","contentUrl":"https:\/\/secure.gravatar.com\/avatar\/9ca4eb2673bf04f9a460bcec8c7c57f36f3f176c237aefc7e2f919b089239282?s=96&d=mm&r=g","caption":"Marketing Zone Icesi"},"url":"https:\/\/www.icesi.edu.co\/marketingzone\/author\/administrator\/"}]}},"uagb_featured_image_src":{"full":["https:\/\/www.icesi.edu.co\/marketingzone\/wp-content\/uploads\/2023\/09\/Apple-iPhone-15-Pro-lineup-hero-230912_Full-Bleed-Image.jpg.large_.jpg",1440,810,false],"thumbnail":["https:\/\/www.icesi.edu.co\/marketingzone\/wp-content\/uploads\/2023\/09\/Apple-iPhone-15-Pro-lineup-hero-230912_Full-Bleed-Image.jpg.large_-150x150.jpg",150,150,true],"medium":["https:\/\/www.icesi.edu.co\/marketingzone\/wp-content\/uploads\/2023\/09\/Apple-iPhone-15-Pro-lineup-hero-230912_Full-Bleed-Image.jpg.large_-300x169.jpg",300,169,true],"medium_large":["https:\/\/www.icesi.edu.co\/marketingzone\/wp-content\/uploads\/2023\/09\/Apple-iPhone-15-Pro-lineup-hero-230912_Full-Bleed-Image.jpg.large_-768x432.jpg",640,360,true],"large":["https:\/\/www.icesi.edu.co\/marketingzone\/wp-content\/uploads\/2023\/09\/Apple-iPhone-15-Pro-lineup-hero-230912_Full-Bleed-Image.jpg.large_-1024x576.jpg",640,360,true],"1536x1536":["https:\/\/www.icesi.edu.co\/marketingzone\/wp-content\/uploads\/2023\/09\/Apple-iPhone-15-Pro-lineup-hero-230912_Full-Bleed-Image.jpg.large_.jpg",1440,810,false],"2048x2048":["https:\/\/www.icesi.edu.co\/marketingzone\/wp-content\/uploads\/2023\/09\/Apple-iPhone-15-Pro-lineup-hero-230912_Full-Bleed-Image.jpg.large_.jpg",1440,810,false]},"uagb_author_info":{"display_name":"Marketing Zone Icesi","author_link":"https:\/\/www.icesi.edu.co\/marketingzone\/author\/administrator\/"},"uagb_comment_info":0,"uagb_excerpt":"Apple levant\u00f3 ayer el tel\u00f3n de su nueva generaci\u00f3n de iPhones y eligi\u00f3 concentrar la mayor parte de las innovaciones en los modelos Pro de su famoso tel\u00e9fono. De ahora en delante quienes compren un iPhone nuevo deber\u00e1n pertrecharse de cables de carga diferentes de los que sol\u00edan utilizar otrora. Por mandato de la Uni\u00f3n&hellip;","_links":{"self":[{"href":"https:\/\/www.icesi.edu.co\/marketingzone\/wp-json\/wp\/v2\/posts\/10112","targetHints":{"allow":["GET"]}}],"collection":[{"href":"https:\/\/www.icesi.edu.co\/marketingzone\/wp-json\/wp\/v2\/posts"}],"about":[{"href":"https:\/\/www.icesi.edu.co\/marketingzone\/wp-json\/wp\/v2\/types\/post"}],"author":[{"embeddable":true,"href":"https:\/\/www.icesi.edu.co\/marketingzone\/wp-json\/wp\/v2\/users\/52"}],"replies":[{"embeddable":true,"href":"https:\/\/www.icesi.edu.co\/marketingzone\/wp-json\/wp\/v2\/comments?post=10112"}],"version-history":[{"count":1,"href":"https:\/\/www.icesi.edu.co\/marketingzone\/wp-json\/wp\/v2\/posts\/10112\/revisions"}],"predecessor-version":[{"id":10114,"href":"https:\/\/www.icesi.edu.co\/marketingzone\/wp-json\/wp\/v2\/posts\/10112\/revisions\/10114"}],"wp:featuredmedia":[{"embeddable":true,"href":"https:\/\/www.icesi.edu.co\/marketingzone\/wp-json\/wp\/v2\/media\/10113"}],"wp:attachment":[{"href":"https:\/\/www.icesi.edu.co\/marketingzone\/wp-json\/wp\/v2\/media?parent=10112"}],"wp:term":[{"taxonomy":"category","embeddable":true,"href":"https:\/\/www.icesi.edu.co\/marketingzone\/wp-json\/wp\/v2\/categories?post=10112"},{"taxonomy":"post_tag","embeddable":true,"href":"https:\/\/www.icesi.edu.co\/marketingzone\/wp-json\/wp\/v2\/tags?post=10112"}],"curies":[{"name":"wp","href":"https:\/\/api.w.org\/{rel}","templated":true}]}}