{"id":10349,"date":"2023-10-11T14:00:50","date_gmt":"2023-10-11T19:00:50","guid":{"rendered":"https:\/\/www.icesi.edu.co\/marketingzone\/?p=10349"},"modified":"2023-10-11T09:55:50","modified_gmt":"2023-10-11T14:55:50","slug":"ni-tan-verdes-ni-tan-activistas-desbaratando-5-mitos-sobre-la-generacion-z","status":"publish","type":"post","link":"https:\/\/www.icesi.edu.co\/marketingzone\/ni-tan-verdes-ni-tan-activistas-desbaratando-5-mitos-sobre-la-generacion-z\/","title":{"rendered":"Ni tan verdes ni tan activistas: desbaratando 5 mitos sobre la Generaci\u00f3n Z"},"content":{"rendered":"<h2>Quiz\u00e1s lo que mejor define a la Generaci\u00f3n Z es que se ha criado a los pechos de una era de policrisis (el cambio clim\u00e1tico, la inflaci\u00f3n, la pandemia y la invasi\u00f3n de Ucrania).<\/h2>\n<p><strong>A los j\u00f3venes adscritos a la\u00a0Generaci\u00f3n Z\u00a0se les endilga a menudo la etiqueta de holgazanes y egoc\u00e9ntricos<\/strong>, los mismos adjetivos calificativos con los que eran confrontados, por otra parte, los millennials, la Generaci\u00f3n X y los \u00abbaby boomers\u00bb en sus tiempos mozos. Las cr\u00edticas a los m\u00e1s j\u00f3venes tienden a ser invariablemente las mismas, aunque aquellos que son aguijoneados con id\u00e9nticos reproches est\u00e1n en realidad lastrados por no pocas diferencias entre s\u00ed. Es evidente, al fin y al cabo, que la Generaci\u00f3n Z es bastante distinta de la\u00a0Generaci\u00f3n del Milenio, que a su vez camina por derroteros diferentes a los transitados otrora por la Generaci\u00f3n X.<\/p>\n<p><strong>Quiz\u00e1s lo que mejor define a los centennials es que se han criado a los pechos de la era de la policrisis<\/strong>\u00a0(el\u00a0cambio clim\u00e1tico, la inflaci\u00f3n, la pandemia y la invasi\u00f3n de Ucrania). Y son esas m\u00faltiples crisis con las que la Generaci\u00f3n Z ha tenido que bregar y sigue teniendo que bregar en el presente las que han terminado dando forma a su vida e impactando en su manera de ver el mundo.<\/p>\n<p><strong>En torno a la Generaci\u00f3n Z bate furiosamente las alas toda una pl\u00e9tora de mitos\u00a0<\/strong>que como su propio nombre indica est\u00e1n anclados sobre todo y todo en la fantas\u00eda (en vertiente m\u00e1s estereot\u00edpica) y no tanto en la realidad.<\/p>\n<p>Consciente de la sobreabundancia de mitos que aletean en torno a la Generaci\u00f3n Z,\u00a0Ipsos ha emprendido un estudio\u00a0en el que confronta las ficciones y las realidades nacidas del vientre de esta generaci\u00f3n:<\/p>\n<h3 class=\"wp-block-heading\"><strong>Mito 1: la mayor preocupaci\u00f3n de los centennials es hacerse virales en las redes sociales<\/strong><\/h3>\n<p>Muchos creen que los problemas que con m\u00e1s dureza flagelan el alma de los j\u00f3venes adscritos a la Generaci\u00f3n Z son pensar en el pr\u00f3ximo v\u00eddeo que van a publicar en\u00a0<strong>TikTok\u00a0<\/strong>o no perder ripio de los \u00faltimos bailes virales que emergen en esta plataforma.<\/p>\n<p>La realidad es, sin embargo, mucho menos fr\u00edvola. Y lo cierto es que<strong>\u00a0la Generaci\u00f3n Z est\u00e1 fuertemente baqueteada por los problemas de\u00a0salud mental<\/strong>, que est\u00e1n \u00edntimamente emparentados con los tiempos tumultuosos que le ha tocado vivir.<\/p>\n<p><strong>El 44% de los centennials confiesan que est\u00e1n afrontando o han afrontado recientemente una situaci\u00f3n personal complicada\u00a0<\/strong>que no pod\u00edan solventar por s\u00ed mismos. En cambio, entre los \u00abbaby boomers\u00bb esta proporci\u00f3n se reduce a apenas un 25%.<\/p>\n<p>En esta misma l\u00ednea,\u00a0<strong>el 43% de los j\u00f3venes que por edad pertenecen a la Generaci\u00f3n Z admiten haber experimentado recientemente un evento estresante o perturbador<\/strong>\u00a0que les ha impedido sentirse bien con sus propias vidas. Entre los \u00abbaby boomers\u00bb este porcentaje se desploma hasta el 30%.<\/p>\n<h3 class=\"wp-block-heading\"><strong>Mito 2: las redes sociales son el altar de la Generaci\u00f3n Z<\/strong><\/h3>\n<p><strong>A la Generaci\u00f3n Z se la acusa a menudo de arrodillarse frente al altar de las redes sociales y de estar completamente emancipada de la espiritualidad y la religi\u00f3n<\/strong>\u00a0(que s\u00ed juegan, por el contrario, un rol mucho m\u00e1s notable en las generaciones inmediatamente precedentes).<\/p>\n<p>La realidad es que, pese a que el 31% de los centennials reconocen no acudir nunca a lugares de culto,\u00a0<strong>el 59% asegura creer en Dios<\/strong>\u00a0(frente al 55% de los \u00abbaby boomers\u00bb). El 59% de la Generaci\u00f3n Z cree asimismo en el cielo (frente al 41% de los \u00abboomers\u00bb). Y el 49% el 48% tiene asimismo fe en la existencia del infierno y el demonio respectivamente, en los que solo creen, por el contrario, el 28% y el 29% de los \u00abboomers\u00bb.<\/p>\n<h3 class=\"wp-block-heading\"><strong>Mito 3: la Generaci\u00f3n Z es la m\u00e1s activista<\/strong><\/h3>\n<p>Los centennials tienen fama de activistas y no tienen supuestamente miedo de reprender en p\u00fablico a las generaciones precedentes para afearles sus\u00a0<strong>comportamientos sexistas\u00a0<\/strong>(tanto en la red de redes como en el mundo real).<\/p>\n<p>Un informe emprendido por Ipsos con motivo del D\u00eda Internacional de la Mujer concluye que<strong>\u00a0los j\u00f3venes adscritos a la Generaci\u00f3n est\u00e1n particularmente prestos a definirse a s\u00ed mismo como feministas.\u00a0<\/strong>As\u00ed lo hace el 45%, frente al 35% de los \u00abbaby boomers\u00bb.<\/p>\n<p>Sin embargo, y pese a identificarse como feministas,\u00a0<strong>a los centennials parece costarles pasar a la acci\u00f3n<\/strong>. El 48% admite tener miedo de alzar la voz y abogar p\u00fablicamente por la igualdad de derechos de las mujeres. En cambio, apenas el 23% de los \u00abbaby boomers\u00bb expresa id\u00e9ntico temor.<\/p>\n<h3 class=\"wp-block-heading\"><strong>Mito 4: las apps de citas son como una segunda casa para los centennials<\/strong><\/h3>\n<p>Se supone que la Generaci\u00f3n Z invierte much\u00edsimo tiempo en las\u00a0apps de citas\u00a0haciendo alegremente \u00abswipe\u00bb en busca de potenciales parejas sexuales y rom\u00e1nticas.<\/p>\n<p>Los centennials han crecido en una era en la que las citas pueden conseguirse r\u00e1pidamente a trav\u00e9s del smartphone y no hay que tomarse la molestia de conocer gente en el mundo real. As\u00ed y todo,\u00a0<strong>las infinitas opciones que la Generaci\u00f3n Z tiene a su disposici\u00f3n en el plano rom\u00e1ntico no se traducen necesariamente en relaciones sentimentales m\u00e1s satisfactorias.<\/strong><\/p>\n<p>El 73% de los centennials dicen sentirse amados (frente al 80% de los \u00abboomers\u00bb). Y solo el 59% de los j\u00f3venes pertenecientes a la Generaci\u00f3n Z confiesan sentirse satisfechos con relaciones sexuales y rom\u00e1nticas (frente al 68% de los millennials, el 62% de la Generaci\u00f3n X y el 61% de los \u00abboomers\u00bb).<\/p>\n<h3 class=\"wp-block-heading\"><strong>Mito 5: la Generaci\u00f3n Z est\u00e1 muy comprometida en la lucha contra el cambio clim\u00e1tico<\/strong><\/h3>\n<p>Como si fueran clones de la c\u00e9lebre activista sueca\u00a0Greta Thunberg, los centennials creen supuestamente a pies juntillas en la necesidad de emprender cambios dr\u00e1sticos para\u00a0<strong>parar los pies al cambio clim\u00e1tico<\/strong>.<\/p>\n<p>Aunque la Generaci\u00f3n Z tiene la vitola de ser la m\u00e1s verde, lo cierto es que\u00a0<strong>una cuarta parte de los centennials se muestra bastante pesimista a la hora de emprender acciones en favor de un mundo<\/strong>\u00a0que contemplan como ya herido de muerte por el cambio clim\u00e1tico.<\/p>\n<p><strong>El 26% de la Generaci\u00f3n Z no ve ning\u00fan sentido en el hecho de introducir cambios en su propio comportamiento para luchar contra el cambio clim\u00e1tico.<\/strong>\u00a0Esta proporci\u00f3n se reduce, por el contrario, a un 20% en el caso de la Generaci\u00f3n X y a un 17% en el caso de los \u00abbaby boomers\u00bb.<\/p>\n<p>Fuente: https:\/\/www.marketingdirecto.com\/marketing-general\/tendencias\/verdes-activistas-mitos-generacion-z<\/p>\n<p>&nbsp;<\/p>\n","protected":false},"excerpt":{"rendered":"<p>Quiz\u00e1s lo que mejor define a la Generaci\u00f3n Z es que se ha criado a los pechos de una era de policrisis (el cambio clim\u00e1tico, la inflaci\u00f3n, la pandemia y la invasi\u00f3n de Ucrania). A los j\u00f3venes adscritos a la\u00a0Generaci\u00f3n Z\u00a0se les endilga a menudo la etiqueta de holgazanes y egoc\u00e9ntricos, los mismos adjetivos calificativos [&hellip;]<\/p>\n","protected":false},"author":52,"featured_media":10351,"comment_status":"closed","ping_status":"closed","sticky":false,"template":"","format":"standard","meta":{"_uag_custom_page_level_css":"","footnotes":""},"categories":[58],"tags":[],"class_list":["post-10349","post","type-post","status-publish","format-standard","has-post-thumbnail","hentry","category-panorama"],"yoast_head":"<!-- This site is optimized with the Yoast SEO plugin v26.8 - https:\/\/yoast.com\/product\/yoast-seo-wordpress\/ -->\n<title>Ni tan verdes ni tan activistas: desbaratando 5 mitos sobre la Generaci\u00f3n Z | Marketing Zone Icesi<\/title>\n<meta name=\"robots\" content=\"index, follow, max-snippet:-1, max-image-preview:large, max-video-preview:-1\" \/>\n<link rel=\"canonical\" href=\"https:\/\/www.icesi.edu.co\/marketingzone\/ni-tan-verdes-ni-tan-activistas-desbaratando-5-mitos-sobre-la-generacion-z\/\" \/>\n<meta property=\"og:locale\" content=\"es_ES\" \/>\n<meta property=\"og:type\" content=\"article\" \/>\n<meta property=\"og:title\" content=\"Ni tan verdes ni tan activistas: desbaratando 5 mitos sobre la Generaci\u00f3n Z | Marketing Zone Icesi\" \/>\n<meta property=\"og:description\" content=\"Quiz\u00e1s lo que mejor define a la Generaci\u00f3n Z es que se ha criado a los pechos de una era de policrisis (el cambio clim\u00e1tico, la inflaci\u00f3n, la pandemia y la invasi\u00f3n de Ucrania). A los j\u00f3venes adscritos a la\u00a0Generaci\u00f3n Z\u00a0se les endilga a menudo la etiqueta de holgazanes y egoc\u00e9ntricos, los mismos adjetivos calificativos [&hellip;]\" \/>\n<meta property=\"og:url\" content=\"https:\/\/www.icesi.edu.co\/marketingzone\/ni-tan-verdes-ni-tan-activistas-desbaratando-5-mitos-sobre-la-generacion-z\/\" \/>\n<meta property=\"og:site_name\" content=\"Marketing Zone Icesi\" \/>\n<meta property=\"article:publisher\" content=\"https:\/\/www.facebook.com\/Marketingzoneicesi\/\" \/>\n<meta property=\"article:published_time\" content=\"2023-10-11T19:00:50+00:00\" \/>\n<meta property=\"og:image\" content=\"https:\/\/www.icesi.edu.co\/marketingzone\/wp-content\/uploads\/2023\/10\/Gen-Z-pana.png\" \/>\n\t<meta property=\"og:image:width\" content=\"2000\" \/>\n\t<meta property=\"og:image:height\" content=\"2000\" \/>\n\t<meta property=\"og:image:type\" content=\"image\/png\" \/>\n<meta name=\"author\" content=\"Marketing Zone Icesi\" \/>\n<meta name=\"twitter:card\" content=\"summary_large_image\" \/>\n<meta name=\"twitter:creator\" content=\"@MarketingZIcesi\" \/>\n<meta name=\"twitter:site\" content=\"@MarketingZIcesi\" \/>\n<meta name=\"twitter:label1\" content=\"Escrito por\" \/>\n\t<meta name=\"twitter:data1\" content=\"Marketing Zone Icesi\" \/>\n\t<meta name=\"twitter:label2\" content=\"Tiempo de lectura\" \/>\n\t<meta name=\"twitter:data2\" content=\"5 minutos\" \/>\n<script type=\"application\/ld+json\" class=\"yoast-schema-graph\">{\"@context\":\"https:\/\/schema.org\",\"@graph\":[{\"@type\":\"Article\",\"@id\":\"https:\/\/www.icesi.edu.co\/marketingzone\/ni-tan-verdes-ni-tan-activistas-desbaratando-5-mitos-sobre-la-generacion-z\/#article\",\"isPartOf\":{\"@id\":\"https:\/\/www.icesi.edu.co\/marketingzone\/ni-tan-verdes-ni-tan-activistas-desbaratando-5-mitos-sobre-la-generacion-z\/\"},\"author\":{\"name\":\"Marketing Zone Icesi\",\"@id\":\"https:\/\/www.icesi.edu.co\/marketingzone\/#\/schema\/person\/59460cf35beca1a3a7aaa4536753e6c3\"},\"headline\":\"Ni tan verdes ni tan activistas: desbaratando 5 mitos sobre la Generaci\u00f3n Z\",\"datePublished\":\"2023-10-11T19:00:50+00:00\",\"mainEntityOfPage\":{\"@id\":\"https:\/\/www.icesi.edu.co\/marketingzone\/ni-tan-verdes-ni-tan-activistas-desbaratando-5-mitos-sobre-la-generacion-z\/\"},\"wordCount\":1131,\"image\":{\"@id\":\"https:\/\/www.icesi.edu.co\/marketingzone\/ni-tan-verdes-ni-tan-activistas-desbaratando-5-mitos-sobre-la-generacion-z\/#primaryimage\"},\"thumbnailUrl\":\"https:\/\/www.icesi.edu.co\/marketingzone\/wp-content\/uploads\/2023\/10\/Gen-Z-pana.png\",\"articleSection\":[\"Panorama\"],\"inLanguage\":\"es\"},{\"@type\":\"WebPage\",\"@id\":\"https:\/\/www.icesi.edu.co\/marketingzone\/ni-tan-verdes-ni-tan-activistas-desbaratando-5-mitos-sobre-la-generacion-z\/\",\"url\":\"https:\/\/www.icesi.edu.co\/marketingzone\/ni-tan-verdes-ni-tan-activistas-desbaratando-5-mitos-sobre-la-generacion-z\/\",\"name\":\"Ni tan verdes ni tan activistas: desbaratando 5 mitos sobre la Generaci\u00f3n Z | Marketing Zone Icesi\",\"isPartOf\":{\"@id\":\"https:\/\/www.icesi.edu.co\/marketingzone\/#website\"},\"primaryImageOfPage\":{\"@id\":\"https:\/\/www.icesi.edu.co\/marketingzone\/ni-tan-verdes-ni-tan-activistas-desbaratando-5-mitos-sobre-la-generacion-z\/#primaryimage\"},\"image\":{\"@id\":\"https:\/\/www.icesi.edu.co\/marketingzone\/ni-tan-verdes-ni-tan-activistas-desbaratando-5-mitos-sobre-la-generacion-z\/#primaryimage\"},\"thumbnailUrl\":\"https:\/\/www.icesi.edu.co\/marketingzone\/wp-content\/uploads\/2023\/10\/Gen-Z-pana.png\",\"datePublished\":\"2023-10-11T19:00:50+00:00\",\"author\":{\"@id\":\"https:\/\/www.icesi.edu.co\/marketingzone\/#\/schema\/person\/59460cf35beca1a3a7aaa4536753e6c3\"},\"breadcrumb\":{\"@id\":\"https:\/\/www.icesi.edu.co\/marketingzone\/ni-tan-verdes-ni-tan-activistas-desbaratando-5-mitos-sobre-la-generacion-z\/#breadcrumb\"},\"inLanguage\":\"es\",\"potentialAction\":[{\"@type\":\"ReadAction\",\"target\":[\"https:\/\/www.icesi.edu.co\/marketingzone\/ni-tan-verdes-ni-tan-activistas-desbaratando-5-mitos-sobre-la-generacion-z\/\"]}]},{\"@type\":\"ImageObject\",\"inLanguage\":\"es\",\"@id\":\"https:\/\/www.icesi.edu.co\/marketingzone\/ni-tan-verdes-ni-tan-activistas-desbaratando-5-mitos-sobre-la-generacion-z\/#primaryimage\",\"url\":\"https:\/\/www.icesi.edu.co\/marketingzone\/wp-content\/uploads\/2023\/10\/Gen-Z-pana.png\",\"contentUrl\":\"https:\/\/www.icesi.edu.co\/marketingzone\/wp-content\/uploads\/2023\/10\/Gen-Z-pana.png\",\"width\":2000,\"height\":2000},{\"@type\":\"BreadcrumbList\",\"@id\":\"https:\/\/www.icesi.edu.co\/marketingzone\/ni-tan-verdes-ni-tan-activistas-desbaratando-5-mitos-sobre-la-generacion-z\/#breadcrumb\",\"itemListElement\":[{\"@type\":\"ListItem\",\"position\":1,\"name\":\"Portada\",\"item\":\"https:\/\/www.icesi.edu.co\/marketingzone\/\"},{\"@type\":\"ListItem\",\"position\":2,\"name\":\"Ni tan verdes ni tan activistas: desbaratando 5 mitos sobre la Generaci\u00f3n Z\"}]},{\"@type\":\"WebSite\",\"@id\":\"https:\/\/www.icesi.edu.co\/marketingzone\/#website\",\"url\":\"https:\/\/www.icesi.edu.co\/marketingzone\/\",\"name\":\"Marketing Zone - Universidad Icesi\",\"description\":\"\",\"potentialAction\":[{\"@type\":\"SearchAction\",\"target\":{\"@type\":\"EntryPoint\",\"urlTemplate\":\"https:\/\/www.icesi.edu.co\/marketingzone\/?s={search_term_string}\"},\"query-input\":{\"@type\":\"PropertyValueSpecification\",\"valueRequired\":true,\"valueName\":\"search_term_string\"}}],\"inLanguage\":\"es\"},{\"@type\":\"Person\",\"@id\":\"https:\/\/www.icesi.edu.co\/marketingzone\/#\/schema\/person\/59460cf35beca1a3a7aaa4536753e6c3\",\"name\":\"Marketing Zone Icesi\",\"image\":{\"@type\":\"ImageObject\",\"inLanguage\":\"es\",\"@id\":\"https:\/\/www.icesi.edu.co\/marketingzone\/#\/schema\/person\/image\/\",\"url\":\"https:\/\/secure.gravatar.com\/avatar\/9ca4eb2673bf04f9a460bcec8c7c57f36f3f176c237aefc7e2f919b089239282?s=96&d=mm&r=g\",\"contentUrl\":\"https:\/\/secure.gravatar.com\/avatar\/9ca4eb2673bf04f9a460bcec8c7c57f36f3f176c237aefc7e2f919b089239282?s=96&d=mm&r=g\",\"caption\":\"Marketing Zone Icesi\"},\"url\":\"https:\/\/www.icesi.edu.co\/marketingzone\/author\/administrator\/\"}]}<\/script>\n<!-- \/ Yoast SEO plugin. -->","yoast_head_json":{"title":"Ni tan verdes ni tan activistas: desbaratando 5 mitos sobre la Generaci\u00f3n Z | Marketing Zone Icesi","robots":{"index":"index","follow":"follow","max-snippet":"max-snippet:-1","max-image-preview":"max-image-preview:large","max-video-preview":"max-video-preview:-1"},"canonical":"https:\/\/www.icesi.edu.co\/marketingzone\/ni-tan-verdes-ni-tan-activistas-desbaratando-5-mitos-sobre-la-generacion-z\/","og_locale":"es_ES","og_type":"article","og_title":"Ni tan verdes ni tan activistas: desbaratando 5 mitos sobre la Generaci\u00f3n Z | Marketing Zone Icesi","og_description":"Quiz\u00e1s lo que mejor define a la Generaci\u00f3n Z es que se ha criado a los pechos de una era de policrisis (el cambio clim\u00e1tico, la inflaci\u00f3n, la pandemia y la invasi\u00f3n de Ucrania). A los j\u00f3venes adscritos a la\u00a0Generaci\u00f3n Z\u00a0se les endilga a menudo la etiqueta de holgazanes y egoc\u00e9ntricos, los mismos adjetivos calificativos [&hellip;]","og_url":"https:\/\/www.icesi.edu.co\/marketingzone\/ni-tan-verdes-ni-tan-activistas-desbaratando-5-mitos-sobre-la-generacion-z\/","og_site_name":"Marketing Zone Icesi","article_publisher":"https:\/\/www.facebook.com\/Marketingzoneicesi\/","article_published_time":"2023-10-11T19:00:50+00:00","og_image":[{"width":2000,"height":2000,"url":"https:\/\/www.icesi.edu.co\/marketingzone\/wp-content\/uploads\/2023\/10\/Gen-Z-pana.png","type":"image\/png"}],"author":"Marketing Zone Icesi","twitter_card":"summary_large_image","twitter_creator":"@MarketingZIcesi","twitter_site":"@MarketingZIcesi","twitter_misc":{"Escrito por":"Marketing Zone Icesi","Tiempo de lectura":"5 minutos"},"schema":{"@context":"https:\/\/schema.org","@graph":[{"@type":"Article","@id":"https:\/\/www.icesi.edu.co\/marketingzone\/ni-tan-verdes-ni-tan-activistas-desbaratando-5-mitos-sobre-la-generacion-z\/#article","isPartOf":{"@id":"https:\/\/www.icesi.edu.co\/marketingzone\/ni-tan-verdes-ni-tan-activistas-desbaratando-5-mitos-sobre-la-generacion-z\/"},"author":{"name":"Marketing Zone Icesi","@id":"https:\/\/www.icesi.edu.co\/marketingzone\/#\/schema\/person\/59460cf35beca1a3a7aaa4536753e6c3"},"headline":"Ni tan verdes ni tan activistas: desbaratando 5 mitos sobre la Generaci\u00f3n Z","datePublished":"2023-10-11T19:00:50+00:00","mainEntityOfPage":{"@id":"https:\/\/www.icesi.edu.co\/marketingzone\/ni-tan-verdes-ni-tan-activistas-desbaratando-5-mitos-sobre-la-generacion-z\/"},"wordCount":1131,"image":{"@id":"https:\/\/www.icesi.edu.co\/marketingzone\/ni-tan-verdes-ni-tan-activistas-desbaratando-5-mitos-sobre-la-generacion-z\/#primaryimage"},"thumbnailUrl":"https:\/\/www.icesi.edu.co\/marketingzone\/wp-content\/uploads\/2023\/10\/Gen-Z-pana.png","articleSection":["Panorama"],"inLanguage":"es"},{"@type":"WebPage","@id":"https:\/\/www.icesi.edu.co\/marketingzone\/ni-tan-verdes-ni-tan-activistas-desbaratando-5-mitos-sobre-la-generacion-z\/","url":"https:\/\/www.icesi.edu.co\/marketingzone\/ni-tan-verdes-ni-tan-activistas-desbaratando-5-mitos-sobre-la-generacion-z\/","name":"Ni tan verdes ni tan activistas: desbaratando 5 mitos sobre la Generaci\u00f3n Z | Marketing Zone Icesi","isPartOf":{"@id":"https:\/\/www.icesi.edu.co\/marketingzone\/#website"},"primaryImageOfPage":{"@id":"https:\/\/www.icesi.edu.co\/marketingzone\/ni-tan-verdes-ni-tan-activistas-desbaratando-5-mitos-sobre-la-generacion-z\/#primaryimage"},"image":{"@id":"https:\/\/www.icesi.edu.co\/marketingzone\/ni-tan-verdes-ni-tan-activistas-desbaratando-5-mitos-sobre-la-generacion-z\/#primaryimage"},"thumbnailUrl":"https:\/\/www.icesi.edu.co\/marketingzone\/wp-content\/uploads\/2023\/10\/Gen-Z-pana.png","datePublished":"2023-10-11T19:00:50+00:00","author":{"@id":"https:\/\/www.icesi.edu.co\/marketingzone\/#\/schema\/person\/59460cf35beca1a3a7aaa4536753e6c3"},"breadcrumb":{"@id":"https:\/\/www.icesi.edu.co\/marketingzone\/ni-tan-verdes-ni-tan-activistas-desbaratando-5-mitos-sobre-la-generacion-z\/#breadcrumb"},"inLanguage":"es","potentialAction":[{"@type":"ReadAction","target":["https:\/\/www.icesi.edu.co\/marketingzone\/ni-tan-verdes-ni-tan-activistas-desbaratando-5-mitos-sobre-la-generacion-z\/"]}]},{"@type":"ImageObject","inLanguage":"es","@id":"https:\/\/www.icesi.edu.co\/marketingzone\/ni-tan-verdes-ni-tan-activistas-desbaratando-5-mitos-sobre-la-generacion-z\/#primaryimage","url":"https:\/\/www.icesi.edu.co\/marketingzone\/wp-content\/uploads\/2023\/10\/Gen-Z-pana.png","contentUrl":"https:\/\/www.icesi.edu.co\/marketingzone\/wp-content\/uploads\/2023\/10\/Gen-Z-pana.png","width":2000,"height":2000},{"@type":"BreadcrumbList","@id":"https:\/\/www.icesi.edu.co\/marketingzone\/ni-tan-verdes-ni-tan-activistas-desbaratando-5-mitos-sobre-la-generacion-z\/#breadcrumb","itemListElement":[{"@type":"ListItem","position":1,"name":"Portada","item":"https:\/\/www.icesi.edu.co\/marketingzone\/"},{"@type":"ListItem","position":2,"name":"Ni tan verdes ni tan activistas: desbaratando 5 mitos sobre la Generaci\u00f3n Z"}]},{"@type":"WebSite","@id":"https:\/\/www.icesi.edu.co\/marketingzone\/#website","url":"https:\/\/www.icesi.edu.co\/marketingzone\/","name":"Marketing Zone - Universidad Icesi","description":"","potentialAction":[{"@type":"SearchAction","target":{"@type":"EntryPoint","urlTemplate":"https:\/\/www.icesi.edu.co\/marketingzone\/?s={search_term_string}"},"query-input":{"@type":"PropertyValueSpecification","valueRequired":true,"valueName":"search_term_string"}}],"inLanguage":"es"},{"@type":"Person","@id":"https:\/\/www.icesi.edu.co\/marketingzone\/#\/schema\/person\/59460cf35beca1a3a7aaa4536753e6c3","name":"Marketing Zone Icesi","image":{"@type":"ImageObject","inLanguage":"es","@id":"https:\/\/www.icesi.edu.co\/marketingzone\/#\/schema\/person\/image\/","url":"https:\/\/secure.gravatar.com\/avatar\/9ca4eb2673bf04f9a460bcec8c7c57f36f3f176c237aefc7e2f919b089239282?s=96&d=mm&r=g","contentUrl":"https:\/\/secure.gravatar.com\/avatar\/9ca4eb2673bf04f9a460bcec8c7c57f36f3f176c237aefc7e2f919b089239282?s=96&d=mm&r=g","caption":"Marketing Zone Icesi"},"url":"https:\/\/www.icesi.edu.co\/marketingzone\/author\/administrator\/"}]}},"uagb_featured_image_src":{"full":["https:\/\/www.icesi.edu.co\/marketingzone\/wp-content\/uploads\/2023\/10\/Gen-Z-pana.png",2000,2000,false],"thumbnail":["https:\/\/www.icesi.edu.co\/marketingzone\/wp-content\/uploads\/2023\/10\/Gen-Z-pana-150x150.png",150,150,true],"medium":["https:\/\/www.icesi.edu.co\/marketingzone\/wp-content\/uploads\/2023\/10\/Gen-Z-pana-300x300.png",300,300,true],"medium_large":["https:\/\/www.icesi.edu.co\/marketingzone\/wp-content\/uploads\/2023\/10\/Gen-Z-pana-768x768.png",640,640,true],"large":["https:\/\/www.icesi.edu.co\/marketingzone\/wp-content\/uploads\/2023\/10\/Gen-Z-pana-1024x1024.png",640,640,true],"1536x1536":["https:\/\/www.icesi.edu.co\/marketingzone\/wp-content\/uploads\/2023\/10\/Gen-Z-pana-1536x1536.png",1536,1536,true],"2048x2048":["https:\/\/www.icesi.edu.co\/marketingzone\/wp-content\/uploads\/2023\/10\/Gen-Z-pana.png",2000,2000,false]},"uagb_author_info":{"display_name":"Marketing Zone Icesi","author_link":"https:\/\/www.icesi.edu.co\/marketingzone\/author\/administrator\/"},"uagb_comment_info":0,"uagb_excerpt":"Quiz\u00e1s lo que mejor define a la Generaci\u00f3n Z es que se ha criado a los pechos de una era de policrisis (el cambio clim\u00e1tico, la inflaci\u00f3n, la pandemia y la invasi\u00f3n de Ucrania). A los j\u00f3venes adscritos a la\u00a0Generaci\u00f3n Z\u00a0se les endilga a menudo la etiqueta de holgazanes y egoc\u00e9ntricos, los mismos adjetivos calificativos&hellip;","_links":{"self":[{"href":"https:\/\/www.icesi.edu.co\/marketingzone\/wp-json\/wp\/v2\/posts\/10349","targetHints":{"allow":["GET"]}}],"collection":[{"href":"https:\/\/www.icesi.edu.co\/marketingzone\/wp-json\/wp\/v2\/posts"}],"about":[{"href":"https:\/\/www.icesi.edu.co\/marketingzone\/wp-json\/wp\/v2\/types\/post"}],"author":[{"embeddable":true,"href":"https:\/\/www.icesi.edu.co\/marketingzone\/wp-json\/wp\/v2\/users\/52"}],"replies":[{"embeddable":true,"href":"https:\/\/www.icesi.edu.co\/marketingzone\/wp-json\/wp\/v2\/comments?post=10349"}],"version-history":[{"count":1,"href":"https:\/\/www.icesi.edu.co\/marketingzone\/wp-json\/wp\/v2\/posts\/10349\/revisions"}],"predecessor-version":[{"id":10352,"href":"https:\/\/www.icesi.edu.co\/marketingzone\/wp-json\/wp\/v2\/posts\/10349\/revisions\/10352"}],"wp:featuredmedia":[{"embeddable":true,"href":"https:\/\/www.icesi.edu.co\/marketingzone\/wp-json\/wp\/v2\/media\/10351"}],"wp:attachment":[{"href":"https:\/\/www.icesi.edu.co\/marketingzone\/wp-json\/wp\/v2\/media?parent=10349"}],"wp:term":[{"taxonomy":"category","embeddable":true,"href":"https:\/\/www.icesi.edu.co\/marketingzone\/wp-json\/wp\/v2\/categories?post=10349"},{"taxonomy":"post_tag","embeddable":true,"href":"https:\/\/www.icesi.edu.co\/marketingzone\/wp-json\/wp\/v2\/tags?post=10349"}],"curies":[{"name":"wp","href":"https:\/\/api.w.org\/{rel}","templated":true}]}}