{"id":11949,"date":"2024-06-12T08:58:33","date_gmt":"2024-06-12T13:58:33","guid":{"rendered":"https:\/\/www.icesi.edu.co\/marketingzone\/?p=11949"},"modified":"2024-06-12T09:37:06","modified_gmt":"2024-06-12T14:37:06","slug":"habra-una-superinteligencia-antes-de-2030-el-futuro-de-la-ia-segun-un-experto-de-openai","status":"publish","type":"post","link":"https:\/\/www.icesi.edu.co\/marketingzone\/habra-una-superinteligencia-antes-de-2030-el-futuro-de-la-ia-segun-un-experto-de-openai\/","title":{"rendered":"\u00bfHabr\u00e1 una \u00absuperinteligencia\u00bb antes de 2030?: el futuro de la IA, seg\u00fan un experto de OpenAI"},"content":{"rendered":"<p>El experto en inteligencia artificial (IA)\u00a0<strong>Leopold Aschenbrenner<\/strong>\u00a0se ha visto recientemente en el ojo del hurac\u00e1n y ha atra\u00eddo no poca atenci\u00f3n por parte los medios.\u00a0<strong>OpenAI<\/strong>, la matriz de ChatGPT,\u00a0<strong>puso a Aschenbrenner de patitas en la calle por filtrar supuestamente informaci\u00f3n<\/strong>\u00a0<strong>confidencial<\/strong>\u00a0sobre la compa\u00f1\u00eda. Y tras su cacareado despido de la empresa capitaneada por Sam Altman, el experto levant\u00f3 los cimientos de una empresa de inversi\u00f3n con el soporte de personalidades extraordinariamente conocidas en el universo \u00abtechie\u00bb como Nat Friedman, Daniel Gross, Patrick Collison y John Collison.<\/p>\n<p>Se desconoce el volumen de capital que maneja la nueva empresa de Aschebrenner, pero<strong>\u00a0el experto describe la compa\u00f1\u00eda como una amalgama de fondo de capital de riesgo y \u00abthink tank\u00bb con el foco puesto en la denominada inteligencia artificial general (IAG).<\/strong>\u00a0Aschenbrenner tiene en todo caso el pleno convencimiento de que su nueva aventura empresarial pondr\u00e1 copiosos beneficios sobre la mesa.<\/p>\n<p>M\u00e1s all\u00e1 de por su despido y por su nueva empresa, Aschenbrenner ha sido adem\u00e1s noticia en los \u00faltimos d\u00edas por publicar\u00a0<strong>un ensayo de 165 p\u00e1ginas bautizado con el nombre de \u00abSituational Awareness\u00bb\u00a0en el que desgrana el futuro de la IA en los pr\u00f3ximos diez a\u00f1os.<\/strong><\/p>\n<p><strong>El experto se refiere a su ensayo como una publicaci\u00f3n no cient\u00edfica<\/strong>, puesto que su contenido echa anclas en sus propias ideas, en \u00abexpertise\u00bb de naturaleza general, en informaci\u00f3n disponible para todo el todo p\u00fablico y en chismes deudores de la ciencia ficci\u00f3n. Sin embargo, su ensayo es una buena manera de aproximarse al futuro de la\u00a0IA, una tecnolog\u00eda que evoluciona mucho m\u00e1s r\u00e1pido de lo que podr\u00eda parecer a bote pronto.<\/p>\n<p>Estas sobre las\u00a0<strong>8 predicciones<\/strong>\u00a0sobre la IA que Aschenbrenner disecciona en su ensayo:<\/p>\n<h3 class=\"wp-block-heading\"><strong>1. La inteligencia artificial general (IAG) ser\u00e1 una realidad en 2027<\/strong><\/h3>\n<p>Aschenbrenner tiene el pleno convencimiento de que\u00a0<strong>en 2027 saldr\u00e1 del cascar\u00f3n una inteligencia artificial general\u00a0<\/strong>(AGI) capaz de ejecutar con \u00e9xito cualquier actividad intelectual asumida por los seres humanos de carne y hueso.<\/p>\n<p>A diferencia de la IA de naturaleza especializada, que tienen el foco puesto en tareas muy espec\u00edficas,\u00a0<strong>la IAG ser\u00e1 capaz de resolver problemas universales<\/strong>\u00a0y podr\u00e1 aplicar su conocimiento a m\u00faltiples \u00e1reas de actividad.<\/p>\n<p>Seg\u00fan Aschenbrenner, la IAG podr\u00eda ver la luz en apenas tres a\u00f1os si se mantiene el fren\u00e9tico ritmo de desarrollo en el \u00e1mbito de la IA.<\/p>\n<h3 class=\"wp-block-heading\"><strong>2. A la IAG seguir\u00e1 la \u00absuperinteligencia\u00bb<\/strong><\/h3>\n<p>Aschenbrenner pronostica que, una vez la IAG se haya hecho realidad,\u00a0<strong>no tardar\u00e1 en emerger en el horizonte una \u00absuperinteligencia\u00bb que atesorar\u00e1 habilidades sobrehumanas.<\/strong><\/p>\n<p>Esa\u00a0\u00absuperinteligencia\u00bb\u00a0ser\u00e1 posible porque la IA podr\u00e1 acelerar su propia investigaci\u00f3n y desarrollo. \u00ab<strong>A finales de la d\u00e9cada las m\u00e1quinas de IAG ser\u00e1n m\u00e1s listas que t\u00fa y que yo.<\/strong>\u00a0Tendremos una \u2018superinteligencia\u2019 en el m\u00e1s estricto sentido de la palabra\u00bb, asevera el experto.<\/p>\n<h3 class=\"wp-block-heading\"><strong>3. El desarrollo de la IA ser\u00e1 espoleado por inversiones valoradas en billones de d\u00f3lares<\/strong><\/h3>\n<p>Aschenbrenner cree que el ramo de la IA recibir\u00e1 en los a\u00f1os venideros<strong>\u00a0m\u00e1s soporte financiero tanto por parte de las empresas privadas como por parte de los gobiernos<\/strong>, puesto que cada vez m\u00e1s instituciones a lo largo y ancho del globo se preparar\u00e1n para el advenimiento de la IAG y la \u00absuperinteligencia\u00bb.<\/p>\n<h3 class=\"wp-block-heading\"><strong>4. La IA ser\u00e1 confrontada con regulaciones tanto a escala nacional como global<\/strong><\/h3>\n<p>En los pr\u00f3ximos a\u00f1os los gobiernos nacionales adoptar\u00e1n\u00a0<strong>regulaciones m\u00e1s estrictas para controlar m\u00e1s de cerca el desarrollo de la IA<\/strong>. Y en medio de este af\u00e1n regulador la competencia internacional, particularmente la que enfrenta a Estados Unidos y China, podr\u00eda intensificarse y derivar incluso en una \u00abguerra total\u00bb.<\/p>\n<p>Aschenbrenner profetiza que en el futuro pr\u00f3ximo los gobiernos desplegar\u00e1n su fuerza militar como nunca antes en el \u00faltimo medio siglo.<\/p>\n<h3 class=\"wp-block-heading\"><strong>5. Ser\u00e1 m\u00e1s complicado garantizar que la IA est\u00e9 alineada con los intereses humanos<\/strong><\/h3>\n<p>El que fuera empleado de OpenAI aventura que en los pr\u00f3ximos a\u00f1os saldr\u00e1n a flote\u00a0<strong>desaf\u00edos de nueva hornada que impedir\u00e1n que la IA est\u00e9 adecuadamente en sinton\u00eda con los valores y los intereses humanos.<\/strong><\/p>\n<h3 class=\"wp-block-heading\"><strong>6. La IA tendr\u00e1 un impacto de primer orden en la sociedad y en la econom\u00eda<\/strong><\/h3>\n<p><strong>Esta tecnolog\u00eda remover\u00e1 los cimientos de la sociedad y la econom\u00eda<\/strong>, donde sus efectos ser\u00e1n totalmente revolucionarios. La IA causar\u00e1 una honda conmoci\u00f3n en la industria y el mercado laboral, ya que ser\u00e1 capaz de ejecutar m\u00faltiples tareas ejecutadas previamente por humanos de carne y hueso.<\/p>\n<h3 class=\"wp-block-heading\"><strong>7. Estados Unidos ganar\u00e1 a\u00fan m\u00e1s en relevancia internacional gracias a la IA<\/strong><\/h3>\n<p>El Gobierno estadounidense desempe\u00f1ar\u00e1 un rol de primer\u00edsimo orden en el desarrollo de la IA. Al fin y al cabo,<strong>\u00a0esta tecnolog\u00eda tiene una enorme importancia estrat\u00e9gica desde el punto de vista de las relaciones internacionales<\/strong>\u00a0y las empresas privadas no podr\u00e1n gestionar por s\u00ed solas los avances absolutamente colosales efectuados en este \u00e1mbito de actividad.<\/p>\n<h3 class=\"wp-block-heading\"><strong>8. El desarrollo de la IA ganar\u00e1 notablemente en velocidad<\/strong><\/h3>\n<p>La velocidad a la que avanza la IA ser\u00e1 cada vez m\u00e1s trepidante en los meses venideros. Y\u00a0<strong>si el entrenamiento de\u00a0GPT-4\u00a0llev\u00f3 tres meses, en 2027 ser\u00e1 posible entrenar un nuevo modelo de IA en apenas un minuto<\/strong>, asegura Aschenbrenner.<\/p>\n<p>Fuente: https:\/\/www.marketingdirecto.com\/digital-general\/digital\/futuro-ia-segun-experto-openai<\/p>\n","protected":false},"excerpt":{"rendered":"<p>El experto en inteligencia artificial (IA)\u00a0Leopold Aschenbrenner\u00a0se ha visto recientemente en el ojo del hurac\u00e1n y ha atra\u00eddo no poca atenci\u00f3n por parte los medios.\u00a0OpenAI, la matriz de ChatGPT,\u00a0puso a Aschenbrenner de patitas en la calle por filtrar supuestamente informaci\u00f3n\u00a0confidencial\u00a0sobre la compa\u00f1\u00eda. Y tras su cacareado despido de la empresa capitaneada por Sam Altman, el [&hellip;]<\/p>\n","protected":false},"author":52,"featured_media":11951,"comment_status":"closed","ping_status":"closed","sticky":false,"template":"","format":"standard","meta":{"_uag_custom_page_level_css":"","footnotes":""},"categories":[1],"tags":[],"class_list":["post-11949","post","type-post","status-publish","format-standard","has-post-thumbnail","hentry","category-sin-categoria"],"yoast_head":"<!-- This site is optimized with the Yoast SEO plugin v26.8 - https:\/\/yoast.com\/product\/yoast-seo-wordpress\/ -->\n<title>\u00bfHabr\u00e1 una &quot;superinteligencia&quot; antes de 2030?: el futuro de la IA, seg\u00fan un experto de OpenAI | Marketing Zone Icesi<\/title>\n<meta name=\"robots\" content=\"index, follow, max-snippet:-1, max-image-preview:large, max-video-preview:-1\" \/>\n<link rel=\"canonical\" href=\"https:\/\/www.icesi.edu.co\/marketingzone\/habra-una-superinteligencia-antes-de-2030-el-futuro-de-la-ia-segun-un-experto-de-openai\/\" \/>\n<meta property=\"og:locale\" content=\"es_ES\" \/>\n<meta property=\"og:type\" content=\"article\" \/>\n<meta property=\"og:title\" content=\"\u00bfHabr\u00e1 una &quot;superinteligencia&quot; antes de 2030?: el futuro de la IA, seg\u00fan un experto de OpenAI | Marketing Zone Icesi\" \/>\n<meta property=\"og:description\" content=\"El experto en inteligencia artificial (IA)\u00a0Leopold Aschenbrenner\u00a0se ha visto recientemente en el ojo del hurac\u00e1n y ha atra\u00eddo no poca atenci\u00f3n por parte los medios.\u00a0OpenAI, la matriz de ChatGPT,\u00a0puso a Aschenbrenner de patitas en la calle por filtrar supuestamente informaci\u00f3n\u00a0confidencial\u00a0sobre la compa\u00f1\u00eda. Y tras su cacareado despido de la empresa capitaneada por Sam Altman, el [&hellip;]\" \/>\n<meta property=\"og:url\" content=\"https:\/\/www.icesi.edu.co\/marketingzone\/habra-una-superinteligencia-antes-de-2030-el-futuro-de-la-ia-segun-un-experto-de-openai\/\" \/>\n<meta property=\"og:site_name\" content=\"Marketing Zone Icesi\" \/>\n<meta property=\"article:publisher\" content=\"https:\/\/www.facebook.com\/Marketingzoneicesi\/\" \/>\n<meta property=\"article:published_time\" content=\"2024-06-12T13:58:33+00:00\" \/>\n<meta property=\"article:modified_time\" content=\"2024-06-12T14:37:06+00:00\" \/>\n<meta property=\"og:image\" content=\"https:\/\/www.icesi.edu.co\/marketingzone\/wp-content\/uploads\/2024\/06\/10am_12-de-junio.png\" \/>\n\t<meta property=\"og:image:width\" content=\"1200\" \/>\n\t<meta property=\"og:image:height\" content=\"675\" \/>\n\t<meta property=\"og:image:type\" content=\"image\/png\" \/>\n<meta name=\"author\" content=\"Marketing Zone Icesi\" \/>\n<meta name=\"twitter:card\" content=\"summary_large_image\" \/>\n<meta name=\"twitter:creator\" content=\"@MarketingZIcesi\" \/>\n<meta name=\"twitter:site\" content=\"@MarketingZIcesi\" \/>\n<meta name=\"twitter:label1\" content=\"Escrito por\" \/>\n\t<meta name=\"twitter:data1\" content=\"Marketing Zone Icesi\" \/>\n\t<meta name=\"twitter:label2\" content=\"Tiempo de lectura\" \/>\n\t<meta name=\"twitter:data2\" content=\"4 minutos\" \/>\n<script type=\"application\/ld+json\" class=\"yoast-schema-graph\">{\"@context\":\"https:\/\/schema.org\",\"@graph\":[{\"@type\":\"Article\",\"@id\":\"https:\/\/www.icesi.edu.co\/marketingzone\/habra-una-superinteligencia-antes-de-2030-el-futuro-de-la-ia-segun-un-experto-de-openai\/#article\",\"isPartOf\":{\"@id\":\"https:\/\/www.icesi.edu.co\/marketingzone\/habra-una-superinteligencia-antes-de-2030-el-futuro-de-la-ia-segun-un-experto-de-openai\/\"},\"author\":{\"name\":\"Marketing Zone Icesi\",\"@id\":\"https:\/\/www.icesi.edu.co\/marketingzone\/#\/schema\/person\/59460cf35beca1a3a7aaa4536753e6c3\"},\"headline\":\"\u00bfHabr\u00e1 una \u00absuperinteligencia\u00bb antes de 2030?: el futuro de la IA, seg\u00fan un experto de OpenAI\",\"datePublished\":\"2024-06-12T13:58:33+00:00\",\"dateModified\":\"2024-06-12T14:37:06+00:00\",\"mainEntityOfPage\":{\"@id\":\"https:\/\/www.icesi.edu.co\/marketingzone\/habra-una-superinteligencia-antes-de-2030-el-futuro-de-la-ia-segun-un-experto-de-openai\/\"},\"wordCount\":934,\"image\":{\"@id\":\"https:\/\/www.icesi.edu.co\/marketingzone\/habra-una-superinteligencia-antes-de-2030-el-futuro-de-la-ia-segun-un-experto-de-openai\/#primaryimage\"},\"thumbnailUrl\":\"https:\/\/www.icesi.edu.co\/marketingzone\/wp-content\/uploads\/2024\/06\/10am_12-de-junio.png\",\"inLanguage\":\"es\"},{\"@type\":\"WebPage\",\"@id\":\"https:\/\/www.icesi.edu.co\/marketingzone\/habra-una-superinteligencia-antes-de-2030-el-futuro-de-la-ia-segun-un-experto-de-openai\/\",\"url\":\"https:\/\/www.icesi.edu.co\/marketingzone\/habra-una-superinteligencia-antes-de-2030-el-futuro-de-la-ia-segun-un-experto-de-openai\/\",\"name\":\"\u00bfHabr\u00e1 una \\\"superinteligencia\\\" antes de 2030?: el futuro de la IA, seg\u00fan un experto de OpenAI | Marketing Zone Icesi\",\"isPartOf\":{\"@id\":\"https:\/\/www.icesi.edu.co\/marketingzone\/#website\"},\"primaryImageOfPage\":{\"@id\":\"https:\/\/www.icesi.edu.co\/marketingzone\/habra-una-superinteligencia-antes-de-2030-el-futuro-de-la-ia-segun-un-experto-de-openai\/#primaryimage\"},\"image\":{\"@id\":\"https:\/\/www.icesi.edu.co\/marketingzone\/habra-una-superinteligencia-antes-de-2030-el-futuro-de-la-ia-segun-un-experto-de-openai\/#primaryimage\"},\"thumbnailUrl\":\"https:\/\/www.icesi.edu.co\/marketingzone\/wp-content\/uploads\/2024\/06\/10am_12-de-junio.png\",\"datePublished\":\"2024-06-12T13:58:33+00:00\",\"dateModified\":\"2024-06-12T14:37:06+00:00\",\"author\":{\"@id\":\"https:\/\/www.icesi.edu.co\/marketingzone\/#\/schema\/person\/59460cf35beca1a3a7aaa4536753e6c3\"},\"breadcrumb\":{\"@id\":\"https:\/\/www.icesi.edu.co\/marketingzone\/habra-una-superinteligencia-antes-de-2030-el-futuro-de-la-ia-segun-un-experto-de-openai\/#breadcrumb\"},\"inLanguage\":\"es\",\"potentialAction\":[{\"@type\":\"ReadAction\",\"target\":[\"https:\/\/www.icesi.edu.co\/marketingzone\/habra-una-superinteligencia-antes-de-2030-el-futuro-de-la-ia-segun-un-experto-de-openai\/\"]}]},{\"@type\":\"ImageObject\",\"inLanguage\":\"es\",\"@id\":\"https:\/\/www.icesi.edu.co\/marketingzone\/habra-una-superinteligencia-antes-de-2030-el-futuro-de-la-ia-segun-un-experto-de-openai\/#primaryimage\",\"url\":\"https:\/\/www.icesi.edu.co\/marketingzone\/wp-content\/uploads\/2024\/06\/10am_12-de-junio.png\",\"contentUrl\":\"https:\/\/www.icesi.edu.co\/marketingzone\/wp-content\/uploads\/2024\/06\/10am_12-de-junio.png\",\"width\":1200,\"height\":675},{\"@type\":\"BreadcrumbList\",\"@id\":\"https:\/\/www.icesi.edu.co\/marketingzone\/habra-una-superinteligencia-antes-de-2030-el-futuro-de-la-ia-segun-un-experto-de-openai\/#breadcrumb\",\"itemListElement\":[{\"@type\":\"ListItem\",\"position\":1,\"name\":\"Portada\",\"item\":\"https:\/\/www.icesi.edu.co\/marketingzone\/\"},{\"@type\":\"ListItem\",\"position\":2,\"name\":\"\u00bfHabr\u00e1 una \u00absuperinteligencia\u00bb antes de 2030?: el futuro de la IA, seg\u00fan un experto de OpenAI\"}]},{\"@type\":\"WebSite\",\"@id\":\"https:\/\/www.icesi.edu.co\/marketingzone\/#website\",\"url\":\"https:\/\/www.icesi.edu.co\/marketingzone\/\",\"name\":\"Marketing Zone - Universidad Icesi\",\"description\":\"\",\"potentialAction\":[{\"@type\":\"SearchAction\",\"target\":{\"@type\":\"EntryPoint\",\"urlTemplate\":\"https:\/\/www.icesi.edu.co\/marketingzone\/?s={search_term_string}\"},\"query-input\":{\"@type\":\"PropertyValueSpecification\",\"valueRequired\":true,\"valueName\":\"search_term_string\"}}],\"inLanguage\":\"es\"},{\"@type\":\"Person\",\"@id\":\"https:\/\/www.icesi.edu.co\/marketingzone\/#\/schema\/person\/59460cf35beca1a3a7aaa4536753e6c3\",\"name\":\"Marketing Zone Icesi\",\"image\":{\"@type\":\"ImageObject\",\"inLanguage\":\"es\",\"@id\":\"https:\/\/www.icesi.edu.co\/marketingzone\/#\/schema\/person\/image\/\",\"url\":\"https:\/\/secure.gravatar.com\/avatar\/9ca4eb2673bf04f9a460bcec8c7c57f36f3f176c237aefc7e2f919b089239282?s=96&d=mm&r=g\",\"contentUrl\":\"https:\/\/secure.gravatar.com\/avatar\/9ca4eb2673bf04f9a460bcec8c7c57f36f3f176c237aefc7e2f919b089239282?s=96&d=mm&r=g\",\"caption\":\"Marketing Zone Icesi\"},\"url\":\"https:\/\/www.icesi.edu.co\/marketingzone\/author\/administrator\/\"}]}<\/script>\n<!-- \/ Yoast SEO plugin. -->","yoast_head_json":{"title":"\u00bfHabr\u00e1 una \"superinteligencia\" antes de 2030?: el futuro de la IA, seg\u00fan un experto de OpenAI | Marketing Zone Icesi","robots":{"index":"index","follow":"follow","max-snippet":"max-snippet:-1","max-image-preview":"max-image-preview:large","max-video-preview":"max-video-preview:-1"},"canonical":"https:\/\/www.icesi.edu.co\/marketingzone\/habra-una-superinteligencia-antes-de-2030-el-futuro-de-la-ia-segun-un-experto-de-openai\/","og_locale":"es_ES","og_type":"article","og_title":"\u00bfHabr\u00e1 una \"superinteligencia\" antes de 2030?: el futuro de la IA, seg\u00fan un experto de OpenAI | Marketing Zone Icesi","og_description":"El experto en inteligencia artificial (IA)\u00a0Leopold Aschenbrenner\u00a0se ha visto recientemente en el ojo del hurac\u00e1n y ha atra\u00eddo no poca atenci\u00f3n por parte los medios.\u00a0OpenAI, la matriz de ChatGPT,\u00a0puso a Aschenbrenner de patitas en la calle por filtrar supuestamente informaci\u00f3n\u00a0confidencial\u00a0sobre la compa\u00f1\u00eda. Y tras su cacareado despido de la empresa capitaneada por Sam Altman, el [&hellip;]","og_url":"https:\/\/www.icesi.edu.co\/marketingzone\/habra-una-superinteligencia-antes-de-2030-el-futuro-de-la-ia-segun-un-experto-de-openai\/","og_site_name":"Marketing Zone Icesi","article_publisher":"https:\/\/www.facebook.com\/Marketingzoneicesi\/","article_published_time":"2024-06-12T13:58:33+00:00","article_modified_time":"2024-06-12T14:37:06+00:00","og_image":[{"width":1200,"height":675,"url":"https:\/\/www.icesi.edu.co\/marketingzone\/wp-content\/uploads\/2024\/06\/10am_12-de-junio.png","type":"image\/png"}],"author":"Marketing Zone Icesi","twitter_card":"summary_large_image","twitter_creator":"@MarketingZIcesi","twitter_site":"@MarketingZIcesi","twitter_misc":{"Escrito por":"Marketing Zone Icesi","Tiempo de lectura":"4 minutos"},"schema":{"@context":"https:\/\/schema.org","@graph":[{"@type":"Article","@id":"https:\/\/www.icesi.edu.co\/marketingzone\/habra-una-superinteligencia-antes-de-2030-el-futuro-de-la-ia-segun-un-experto-de-openai\/#article","isPartOf":{"@id":"https:\/\/www.icesi.edu.co\/marketingzone\/habra-una-superinteligencia-antes-de-2030-el-futuro-de-la-ia-segun-un-experto-de-openai\/"},"author":{"name":"Marketing Zone Icesi","@id":"https:\/\/www.icesi.edu.co\/marketingzone\/#\/schema\/person\/59460cf35beca1a3a7aaa4536753e6c3"},"headline":"\u00bfHabr\u00e1 una \u00absuperinteligencia\u00bb antes de 2030?: el futuro de la IA, seg\u00fan un experto de OpenAI","datePublished":"2024-06-12T13:58:33+00:00","dateModified":"2024-06-12T14:37:06+00:00","mainEntityOfPage":{"@id":"https:\/\/www.icesi.edu.co\/marketingzone\/habra-una-superinteligencia-antes-de-2030-el-futuro-de-la-ia-segun-un-experto-de-openai\/"},"wordCount":934,"image":{"@id":"https:\/\/www.icesi.edu.co\/marketingzone\/habra-una-superinteligencia-antes-de-2030-el-futuro-de-la-ia-segun-un-experto-de-openai\/#primaryimage"},"thumbnailUrl":"https:\/\/www.icesi.edu.co\/marketingzone\/wp-content\/uploads\/2024\/06\/10am_12-de-junio.png","inLanguage":"es"},{"@type":"WebPage","@id":"https:\/\/www.icesi.edu.co\/marketingzone\/habra-una-superinteligencia-antes-de-2030-el-futuro-de-la-ia-segun-un-experto-de-openai\/","url":"https:\/\/www.icesi.edu.co\/marketingzone\/habra-una-superinteligencia-antes-de-2030-el-futuro-de-la-ia-segun-un-experto-de-openai\/","name":"\u00bfHabr\u00e1 una \"superinteligencia\" antes de 2030?: el futuro de la IA, seg\u00fan un experto de OpenAI | Marketing Zone Icesi","isPartOf":{"@id":"https:\/\/www.icesi.edu.co\/marketingzone\/#website"},"primaryImageOfPage":{"@id":"https:\/\/www.icesi.edu.co\/marketingzone\/habra-una-superinteligencia-antes-de-2030-el-futuro-de-la-ia-segun-un-experto-de-openai\/#primaryimage"},"image":{"@id":"https:\/\/www.icesi.edu.co\/marketingzone\/habra-una-superinteligencia-antes-de-2030-el-futuro-de-la-ia-segun-un-experto-de-openai\/#primaryimage"},"thumbnailUrl":"https:\/\/www.icesi.edu.co\/marketingzone\/wp-content\/uploads\/2024\/06\/10am_12-de-junio.png","datePublished":"2024-06-12T13:58:33+00:00","dateModified":"2024-06-12T14:37:06+00:00","author":{"@id":"https:\/\/www.icesi.edu.co\/marketingzone\/#\/schema\/person\/59460cf35beca1a3a7aaa4536753e6c3"},"breadcrumb":{"@id":"https:\/\/www.icesi.edu.co\/marketingzone\/habra-una-superinteligencia-antes-de-2030-el-futuro-de-la-ia-segun-un-experto-de-openai\/#breadcrumb"},"inLanguage":"es","potentialAction":[{"@type":"ReadAction","target":["https:\/\/www.icesi.edu.co\/marketingzone\/habra-una-superinteligencia-antes-de-2030-el-futuro-de-la-ia-segun-un-experto-de-openai\/"]}]},{"@type":"ImageObject","inLanguage":"es","@id":"https:\/\/www.icesi.edu.co\/marketingzone\/habra-una-superinteligencia-antes-de-2030-el-futuro-de-la-ia-segun-un-experto-de-openai\/#primaryimage","url":"https:\/\/www.icesi.edu.co\/marketingzone\/wp-content\/uploads\/2024\/06\/10am_12-de-junio.png","contentUrl":"https:\/\/www.icesi.edu.co\/marketingzone\/wp-content\/uploads\/2024\/06\/10am_12-de-junio.png","width":1200,"height":675},{"@type":"BreadcrumbList","@id":"https:\/\/www.icesi.edu.co\/marketingzone\/habra-una-superinteligencia-antes-de-2030-el-futuro-de-la-ia-segun-un-experto-de-openai\/#breadcrumb","itemListElement":[{"@type":"ListItem","position":1,"name":"Portada","item":"https:\/\/www.icesi.edu.co\/marketingzone\/"},{"@type":"ListItem","position":2,"name":"\u00bfHabr\u00e1 una \u00absuperinteligencia\u00bb antes de 2030?: el futuro de la IA, seg\u00fan un experto de OpenAI"}]},{"@type":"WebSite","@id":"https:\/\/www.icesi.edu.co\/marketingzone\/#website","url":"https:\/\/www.icesi.edu.co\/marketingzone\/","name":"Marketing Zone - Universidad Icesi","description":"","potentialAction":[{"@type":"SearchAction","target":{"@type":"EntryPoint","urlTemplate":"https:\/\/www.icesi.edu.co\/marketingzone\/?s={search_term_string}"},"query-input":{"@type":"PropertyValueSpecification","valueRequired":true,"valueName":"search_term_string"}}],"inLanguage":"es"},{"@type":"Person","@id":"https:\/\/www.icesi.edu.co\/marketingzone\/#\/schema\/person\/59460cf35beca1a3a7aaa4536753e6c3","name":"Marketing Zone Icesi","image":{"@type":"ImageObject","inLanguage":"es","@id":"https:\/\/www.icesi.edu.co\/marketingzone\/#\/schema\/person\/image\/","url":"https:\/\/secure.gravatar.com\/avatar\/9ca4eb2673bf04f9a460bcec8c7c57f36f3f176c237aefc7e2f919b089239282?s=96&d=mm&r=g","contentUrl":"https:\/\/secure.gravatar.com\/avatar\/9ca4eb2673bf04f9a460bcec8c7c57f36f3f176c237aefc7e2f919b089239282?s=96&d=mm&r=g","caption":"Marketing Zone Icesi"},"url":"https:\/\/www.icesi.edu.co\/marketingzone\/author\/administrator\/"}]}},"uagb_featured_image_src":{"full":["https:\/\/www.icesi.edu.co\/marketingzone\/wp-content\/uploads\/2024\/06\/10am_12-de-junio.png",1200,675,false],"thumbnail":["https:\/\/www.icesi.edu.co\/marketingzone\/wp-content\/uploads\/2024\/06\/10am_12-de-junio-150x150.png",150,150,true],"medium":["https:\/\/www.icesi.edu.co\/marketingzone\/wp-content\/uploads\/2024\/06\/10am_12-de-junio-300x169.png",300,169,true],"medium_large":["https:\/\/www.icesi.edu.co\/marketingzone\/wp-content\/uploads\/2024\/06\/10am_12-de-junio-768x432.png",640,360,true],"large":["https:\/\/www.icesi.edu.co\/marketingzone\/wp-content\/uploads\/2024\/06\/10am_12-de-junio-1024x576.png",640,360,true],"1536x1536":["https:\/\/www.icesi.edu.co\/marketingzone\/wp-content\/uploads\/2024\/06\/10am_12-de-junio.png",1200,675,false],"2048x2048":["https:\/\/www.icesi.edu.co\/marketingzone\/wp-content\/uploads\/2024\/06\/10am_12-de-junio.png",1200,675,false]},"uagb_author_info":{"display_name":"Marketing Zone Icesi","author_link":"https:\/\/www.icesi.edu.co\/marketingzone\/author\/administrator\/"},"uagb_comment_info":0,"uagb_excerpt":"El experto en inteligencia artificial (IA)\u00a0Leopold Aschenbrenner\u00a0se ha visto recientemente en el ojo del hurac\u00e1n y ha atra\u00eddo no poca atenci\u00f3n por parte los medios.\u00a0OpenAI, la matriz de ChatGPT,\u00a0puso a Aschenbrenner de patitas en la calle por filtrar supuestamente informaci\u00f3n\u00a0confidencial\u00a0sobre la compa\u00f1\u00eda. Y tras su cacareado despido de la empresa capitaneada por Sam Altman, el&hellip;","_links":{"self":[{"href":"https:\/\/www.icesi.edu.co\/marketingzone\/wp-json\/wp\/v2\/posts\/11949","targetHints":{"allow":["GET"]}}],"collection":[{"href":"https:\/\/www.icesi.edu.co\/marketingzone\/wp-json\/wp\/v2\/posts"}],"about":[{"href":"https:\/\/www.icesi.edu.co\/marketingzone\/wp-json\/wp\/v2\/types\/post"}],"author":[{"embeddable":true,"href":"https:\/\/www.icesi.edu.co\/marketingzone\/wp-json\/wp\/v2\/users\/52"}],"replies":[{"embeddable":true,"href":"https:\/\/www.icesi.edu.co\/marketingzone\/wp-json\/wp\/v2\/comments?post=11949"}],"version-history":[{"count":1,"href":"https:\/\/www.icesi.edu.co\/marketingzone\/wp-json\/wp\/v2\/posts\/11949\/revisions"}],"predecessor-version":[{"id":11952,"href":"https:\/\/www.icesi.edu.co\/marketingzone\/wp-json\/wp\/v2\/posts\/11949\/revisions\/11952"}],"wp:featuredmedia":[{"embeddable":true,"href":"https:\/\/www.icesi.edu.co\/marketingzone\/wp-json\/wp\/v2\/media\/11951"}],"wp:attachment":[{"href":"https:\/\/www.icesi.edu.co\/marketingzone\/wp-json\/wp\/v2\/media?parent=11949"}],"wp:term":[{"taxonomy":"category","embeddable":true,"href":"https:\/\/www.icesi.edu.co\/marketingzone\/wp-json\/wp\/v2\/categories?post=11949"},{"taxonomy":"post_tag","embeddable":true,"href":"https:\/\/www.icesi.edu.co\/marketingzone\/wp-json\/wp\/v2\/tags?post=11949"}],"curies":[{"name":"wp","href":"https:\/\/api.w.org\/{rel}","templated":true}]}}