{"id":12348,"date":"2024-07-29T14:54:51","date_gmt":"2024-07-29T19:54:51","guid":{"rendered":"https:\/\/www.icesi.edu.co\/marketingzone\/?p=12348"},"modified":"2024-07-29T14:54:51","modified_gmt":"2024-07-29T19:54:51","slug":"colombia-se-consolida-como-el-principal-hub-de-innovacion-en-latinoamerica","status":"publish","type":"post","link":"https:\/\/www.icesi.edu.co\/marketingzone\/colombia-se-consolida-como-el-principal-hub-de-innovacion-en-latinoamerica\/","title":{"rendered":"Colombia se consolida como el principal hub de innovaci\u00f3n en Latinoam\u00e9rica"},"content":{"rendered":"<p>En varias ciudades de Colombia hay iniciativas que evidencian el potencial del pa\u00eds en materia de innovaci\u00f3n, emprendimiento y un tejido empresarial colaborativo.<\/p>\n<div class=\"sc-i99mgx-0 eAnRkz\">\n<div class=\"block-text\">\n<p>En los \u00faltimos a\u00f1os, el t\u00e9rmino \u00abhub de innovaci\u00f3n\u00bb ha ganado popularidad en el \u00e1mbito empresarial, aunque para muchos sigue siendo un concepto difuso. El entorno empresarial actual requiere un enfoque colaborativo para la innovaci\u00f3n, ya que las empresas no pueden depender \u00fanicamente de sus departamentos de investigaci\u00f3n y desarrollo para mantenerse competitivas.<\/p>\n<\/div>\n<\/div>\n<div class=\"sc-i99mgx-0 eAnRkz\">\n<div class=\"block-text\">\n<p>En lugar de depender \u00fanicamente de sus departamentos de investigaci\u00f3n y desarrollo, las empresas han adoptado estrategias de innovaci\u00f3n abierta, colaborando con universidades, proveedores e incluso competidores. Los hubs de innovaci\u00f3n son centros donde personas, empresas y organizaciones se re\u00fanen para desarrollar y lanzar nuevos productos, servicios o soluciones. Estos pueden ser f\u00edsicos o virtuales y buscan fomentar un ecosistema colaborativo de innovaci\u00f3n y emprendimiento.<\/p>\n<\/div>\n<\/div>\n<div class=\"sc-i99mgx-0 eAnRkz\">\n<div class=\"block-text\">\n<p>En este sentido, Colombia, con sus m\u00faltiples iniciativas y proyectos en varias ciudades, se ha posicionado como el principal hub de innovaci\u00f3n de Am\u00e9rica Latina. Este t\u00edtulo no solo refleja sus caracter\u00edsticas geogr\u00e1ficas y estrat\u00e9gicas, sino tambi\u00e9n la mentalidad y el esfuerzo colectivo del pa\u00eds.<\/p>\n<\/div>\n<\/div>\n<div class=\"sc-i99mgx-0 eAnRkz\">\n<div class=\"block-text\">\n<p>\u00abColombia ha cambiado su mentalidad, y tiene una serie de caracter\u00edsticas que le permiten competir con cualquiera. El foco que hay en Colombia por ser un centro de innovaci\u00f3n no solo se ve a nivel pa\u00eds, sino que son muchas las empresas que lo han instalado all\u00e1. Es decir, claramente Colombia se ha posicionado como el \u2018hub\u2019 de innovaci\u00f3n en Latinoam\u00e9rica, y su posici\u00f3n geogr\u00e1fica le permite tener las condiciones perfectas para ello\u00bb, destac\u00f3 Mar\u00eda Benjumea, empresaria espa\u00f1ola y referente en el mundo del emprendimiento, en una entrevista reciente sobre el potencial de Colombia.<\/p>\n<\/div>\n<\/div>\n<div class=\"sc-i99mgx-0 eAnRkz\">\n<div class=\"block-text\">\n<p>\u201cColombia ha cambiado su mentalidad y cuenta con caracter\u00edsticas que le permiten competir a nivel global. El enfoque de Colombia por convertirse en un centro de innovaci\u00f3n no solo es evidente a nivel nacional, sino que tambi\u00e9n ha atra\u00eddo a numerosas empresas. De este modo, Colombia se ha posicionado claramente como el hub de innovaci\u00f3n en Latinoam\u00e9rica, y su ubicaci\u00f3n geogr\u00e1fica ofrece condiciones ideales para ello\u00bb, destac\u00f3 Mar\u00eda Benjumea, empresaria espa\u00f1ola y referente en el mundo del emprendimiento, en una reciente entrevista sobre el potencial de Colombia.<\/p>\n<\/div>\n<\/div>\n<div class=\"sc-i99mgx-0 eAnRkz\">\n<div class=\"block-text\">\n<p><strong>Ejemplos de hubs de innovaci\u00f3n en Colombia<\/strong><\/p>\n<\/div>\n<\/div>\n<div class=\"sc-i99mgx-0 eAnRkz\">\n<div class=\"block-text\">\n<p>Uno de los ejemplos m\u00e1s destacados de esta tendencia es el Hub de Innovaci\u00f3n en Bioeconom\u00eda para Bogot\u00e1-Regi\u00f3n, un proyecto conjunto del Instituto Humboldt, ProBogot\u00e1, la Universidad del Rosario y el Stockholm Environment Institute (SEI). Este hub busca promover la gesti\u00f3n sostenible de la biodiversidad y sus servicios ecosist\u00e9micos, transform\u00e1ndolos en alternativas econ\u00f3micas sostenibles. Los primeros resultados han demostrado el potencial de Bogot\u00e1 en el \u00e1mbito de la bioeconom\u00eda, destacando en formaci\u00f3n acad\u00e9mica, desarrollo tecnol\u00f3gico e investigaci\u00f3n.<\/p>\n<\/div>\n<\/div>\n<div class=\"sc-i99mgx-0 eAnRkz\">\n<div class=\"block-text\">\n<p>Sin embargo, el an\u00e1lisis tambi\u00e9n revela un enfoque predominante en servicios y comercio, mientras que las capacidades relacionadas con la producci\u00f3n y transformaci\u00f3n de recursos biol\u00f3gicos son a\u00fan limitadas. El objetivo del hub es convertirse en el epicentro nacional de la bioeconom\u00eda para 2030, fomentando la gesti\u00f3n de negocios, iniciativas y productos basados en la biodiversidad.<\/p>\n<\/div>\n<\/div>\n<div class=\"sc-i99mgx-0 eAnRkz\">\n<div class=\"block-text\">\n<p>La innovaci\u00f3n no es un tema exclusivo de Bogot\u00e1. El ecosistema empresarial de Cali tambi\u00e9n est\u00e1 en auge, con una comunidad vibrante de startups y emprendedores que impulsan la innovaci\u00f3n en la regi\u00f3n. Eventos como el South Summit, Andicom y Colombia 4.0 han reconocido a Cali y a Colombia como hubs de innovaci\u00f3n en Am\u00e9rica Latina. Empresas l\u00edderes en tecnolog\u00eda y software, como Siesa, Carvajal Tecnolog\u00eda y Servicios, y Compunet, se han establecido en Cali, consolidando su posici\u00f3n en el panorama tecnol\u00f3gico regional.<\/p>\n<\/div>\n<\/div>\n<div class=\"sc-i99mgx-0 eAnRkz\">\n<div class=\"block-text\">\n<p>Otro logro significativo que subraya el papel de Colombia como el principal hub de innovaci\u00f3n de la regi\u00f3n es la apertura del primer hub de innovaci\u00f3n de la farmac\u00e9utica AstraZeneca en Am\u00e9rica Latina, ubicado en Colombia.<\/p>\n<\/div>\n<\/div>\n<div class=\"sc-i99mgx-0 eAnRkz\">\n<div class=\"block-text\">\n<p>Este hub se centra en la creaci\u00f3n de soluciones digitales respaldadas por inteligencia artificial para fortalecer el sistema de salud. El programa global de AstraZeneca busca establecer centros de innovaci\u00f3n en diferentes pa\u00edses, y Colombia se ha convertido en el pa\u00eds n\u00famero 21 en unirse a esta red. El hub trabaja en la creaci\u00f3n de herramientas digitales para diagnosticar y prevenir enfermedades cr\u00f3nicas tempranas, en colaboraci\u00f3n con actores estrat\u00e9gicos del sector p\u00fablico y privado, as\u00ed como con la academia y entidades de salud.<\/p>\n<\/div>\n<\/div>\n<div class=\"sc-i99mgx-0 eAnRkz\">\n<div class=\"block-text\">\n<p>Paola Rivero, directora de Tecnolog\u00eda Digital e Innovaci\u00f3n de AstraZeneca, indic\u00f3 que el hub se enfocar\u00e1 en enfermedades como el c\u00e1ncer de pulm\u00f3n, el c\u00e1ncer de pr\u00f3stata y el asma severa para facilitar su diagn\u00f3stico acelerado. Durante los per\u00edodos m\u00e1s cr\u00edticos de la pandemia de COVID-19, AstraZeneca ya hab\u00eda comenzado a establecer el hub, beneficiando a m\u00e1s de 60.000 pacientes mediante la generaci\u00f3n de 198.000 citas virtuales.<\/p>\n<\/div>\n<\/div>\n<div class=\"sc-i99mgx-0 eAnRkz\">\n<div class=\"block-text\">\n<p>Con este hub, Colombia se integra oficialmente a la Catalyst Network, una red global de m\u00e1s de 20 centros de innovaci\u00f3n en salud de AstraZeneca. Adem\u00e1s, el hub busca exportar talento humano y emprendimientos digitales, colaborando con startups locales como Rappi y Coco Tecnolog\u00eda como socios estrat\u00e9gicos.<\/p>\n<\/div>\n<\/div>\n<div class=\"sc-i99mgx-0 eAnRkz\">\n<div class=\"block-text\">\n<p>Estos ejemplos, junto con otros en diversas ciudades y departamentos del pa\u00eds, demuestran que Colombia se ha consolidado como un centro de innovaci\u00f3n en Am\u00e9rica Latina gracias a su enfoque colaborativo, talento humano y caracter\u00edsticas geogr\u00e1ficas estrat\u00e9gicas. Las m\u00faltiples iniciativas en diferentes ciudades, apoyadas por empresas multinacionales y locales, han posicionado al pa\u00eds como un referente en la regi\u00f3n, atrayendo la atenci\u00f3n de inversionistas y fortaleciendo su papel en el panorama global de la innovaci\u00f3n.<\/p>\n<\/div>\n<p>Fuente: https:\/\/cambiocolombia.com\/contenido-especial\/colombia-se-consolida-como-el-principal-hub-de-innovacion-en-latinoamerica<\/p>\n<\/div>\n","protected":false},"excerpt":{"rendered":"<p>En varias ciudades de Colombia hay iniciativas que evidencian el potencial del pa\u00eds en materia de innovaci\u00f3n, emprendimiento y un tejido empresarial colaborativo. En los \u00faltimos a\u00f1os, el t\u00e9rmino \u00abhub de innovaci\u00f3n\u00bb ha ganado popularidad en el \u00e1mbito empresarial, aunque para muchos sigue siendo un concepto difuso. El entorno empresarial actual requiere un enfoque colaborativo [&hellip;]<\/p>\n","protected":false},"author":52,"featured_media":12349,"comment_status":"closed","ping_status":"closed","sticky":false,"template":"","format":"standard","meta":{"_uag_custom_page_level_css":"","footnotes":""},"categories":[1],"tags":[],"class_list":["post-12348","post","type-post","status-publish","format-standard","has-post-thumbnail","hentry","category-sin-categoria"],"yoast_head":"<!-- This site is optimized with the Yoast SEO plugin v26.8 - https:\/\/yoast.com\/product\/yoast-seo-wordpress\/ -->\n<title>Colombia se consolida como el principal hub de innovaci\u00f3n en Latinoam\u00e9rica | Marketing Zone Icesi<\/title>\n<meta name=\"robots\" content=\"index, follow, max-snippet:-1, max-image-preview:large, max-video-preview:-1\" \/>\n<link rel=\"canonical\" href=\"https:\/\/www.icesi.edu.co\/marketingzone\/colombia-se-consolida-como-el-principal-hub-de-innovacion-en-latinoamerica\/\" \/>\n<meta property=\"og:locale\" content=\"es_ES\" \/>\n<meta property=\"og:type\" content=\"article\" \/>\n<meta property=\"og:title\" content=\"Colombia se consolida como el principal hub de innovaci\u00f3n en Latinoam\u00e9rica | Marketing Zone Icesi\" \/>\n<meta property=\"og:description\" content=\"En varias ciudades de Colombia hay iniciativas que evidencian el potencial del pa\u00eds en materia de innovaci\u00f3n, emprendimiento y un tejido empresarial colaborativo. En los \u00faltimos a\u00f1os, el t\u00e9rmino \u00abhub de innovaci\u00f3n\u00bb ha ganado popularidad en el \u00e1mbito empresarial, aunque para muchos sigue siendo un concepto difuso. El entorno empresarial actual requiere un enfoque colaborativo [&hellip;]\" \/>\n<meta property=\"og:url\" content=\"https:\/\/www.icesi.edu.co\/marketingzone\/colombia-se-consolida-como-el-principal-hub-de-innovacion-en-latinoamerica\/\" \/>\n<meta property=\"og:site_name\" content=\"Marketing Zone Icesi\" \/>\n<meta property=\"article:publisher\" content=\"https:\/\/www.facebook.com\/Marketingzoneicesi\/\" \/>\n<meta property=\"article:published_time\" content=\"2024-07-29T19:54:51+00:00\" \/>\n<meta property=\"og:image\" content=\"https:\/\/www.icesi.edu.co\/marketingzone\/wp-content\/uploads\/2024\/07\/Captura-de-pantalla-2024-07-29-a-las-2.53.46\u202fp.-m-1024x687.png\" \/>\n\t<meta property=\"og:image:width\" content=\"1024\" \/>\n\t<meta property=\"og:image:height\" content=\"687\" \/>\n\t<meta property=\"og:image:type\" content=\"image\/png\" \/>\n<meta name=\"author\" content=\"Marketing Zone Icesi\" \/>\n<meta name=\"twitter:card\" content=\"summary_large_image\" \/>\n<meta name=\"twitter:creator\" content=\"@MarketingZIcesi\" \/>\n<meta name=\"twitter:site\" content=\"@MarketingZIcesi\" \/>\n<meta name=\"twitter:label1\" content=\"Escrito por\" \/>\n\t<meta name=\"twitter:data1\" content=\"Marketing Zone Icesi\" \/>\n\t<meta name=\"twitter:label2\" content=\"Tiempo de lectura\" \/>\n\t<meta name=\"twitter:data2\" content=\"5 minutos\" \/>\n<script type=\"application\/ld+json\" class=\"yoast-schema-graph\">{\"@context\":\"https:\/\/schema.org\",\"@graph\":[{\"@type\":\"Article\",\"@id\":\"https:\/\/www.icesi.edu.co\/marketingzone\/colombia-se-consolida-como-el-principal-hub-de-innovacion-en-latinoamerica\/#article\",\"isPartOf\":{\"@id\":\"https:\/\/www.icesi.edu.co\/marketingzone\/colombia-se-consolida-como-el-principal-hub-de-innovacion-en-latinoamerica\/\"},\"author\":{\"name\":\"Marketing Zone Icesi\",\"@id\":\"https:\/\/www.icesi.edu.co\/marketingzone\/#\/schema\/person\/59460cf35beca1a3a7aaa4536753e6c3\"},\"headline\":\"Colombia se consolida como el principal hub de innovaci\u00f3n en Latinoam\u00e9rica\",\"datePublished\":\"2024-07-29T19:54:51+00:00\",\"mainEntityOfPage\":{\"@id\":\"https:\/\/www.icesi.edu.co\/marketingzone\/colombia-se-consolida-como-el-principal-hub-de-innovacion-en-latinoamerica\/\"},\"wordCount\":1030,\"image\":{\"@id\":\"https:\/\/www.icesi.edu.co\/marketingzone\/colombia-se-consolida-como-el-principal-hub-de-innovacion-en-latinoamerica\/#primaryimage\"},\"thumbnailUrl\":\"https:\/\/www.icesi.edu.co\/marketingzone\/wp-content\/uploads\/2024\/07\/Captura-de-pantalla-2024-07-29-a-las-2.53.46\u202fp.-m.png\",\"inLanguage\":\"es\"},{\"@type\":\"WebPage\",\"@id\":\"https:\/\/www.icesi.edu.co\/marketingzone\/colombia-se-consolida-como-el-principal-hub-de-innovacion-en-latinoamerica\/\",\"url\":\"https:\/\/www.icesi.edu.co\/marketingzone\/colombia-se-consolida-como-el-principal-hub-de-innovacion-en-latinoamerica\/\",\"name\":\"Colombia se consolida como el principal hub de innovaci\u00f3n en Latinoam\u00e9rica | Marketing Zone Icesi\",\"isPartOf\":{\"@id\":\"https:\/\/www.icesi.edu.co\/marketingzone\/#website\"},\"primaryImageOfPage\":{\"@id\":\"https:\/\/www.icesi.edu.co\/marketingzone\/colombia-se-consolida-como-el-principal-hub-de-innovacion-en-latinoamerica\/#primaryimage\"},\"image\":{\"@id\":\"https:\/\/www.icesi.edu.co\/marketingzone\/colombia-se-consolida-como-el-principal-hub-de-innovacion-en-latinoamerica\/#primaryimage\"},\"thumbnailUrl\":\"https:\/\/www.icesi.edu.co\/marketingzone\/wp-content\/uploads\/2024\/07\/Captura-de-pantalla-2024-07-29-a-las-2.53.46\u202fp.-m.png\",\"datePublished\":\"2024-07-29T19:54:51+00:00\",\"author\":{\"@id\":\"https:\/\/www.icesi.edu.co\/marketingzone\/#\/schema\/person\/59460cf35beca1a3a7aaa4536753e6c3\"},\"breadcrumb\":{\"@id\":\"https:\/\/www.icesi.edu.co\/marketingzone\/colombia-se-consolida-como-el-principal-hub-de-innovacion-en-latinoamerica\/#breadcrumb\"},\"inLanguage\":\"es\",\"potentialAction\":[{\"@type\":\"ReadAction\",\"target\":[\"https:\/\/www.icesi.edu.co\/marketingzone\/colombia-se-consolida-como-el-principal-hub-de-innovacion-en-latinoamerica\/\"]}]},{\"@type\":\"ImageObject\",\"inLanguage\":\"es\",\"@id\":\"https:\/\/www.icesi.edu.co\/marketingzone\/colombia-se-consolida-como-el-principal-hub-de-innovacion-en-latinoamerica\/#primaryimage\",\"url\":\"https:\/\/www.icesi.edu.co\/marketingzone\/wp-content\/uploads\/2024\/07\/Captura-de-pantalla-2024-07-29-a-las-2.53.46\u202fp.-m.png\",\"contentUrl\":\"https:\/\/www.icesi.edu.co\/marketingzone\/wp-content\/uploads\/2024\/07\/Captura-de-pantalla-2024-07-29-a-las-2.53.46\u202fp.-m.png\",\"width\":1520,\"height\":1020},{\"@type\":\"BreadcrumbList\",\"@id\":\"https:\/\/www.icesi.edu.co\/marketingzone\/colombia-se-consolida-como-el-principal-hub-de-innovacion-en-latinoamerica\/#breadcrumb\",\"itemListElement\":[{\"@type\":\"ListItem\",\"position\":1,\"name\":\"Portada\",\"item\":\"https:\/\/www.icesi.edu.co\/marketingzone\/\"},{\"@type\":\"ListItem\",\"position\":2,\"name\":\"Colombia se consolida como el principal hub de innovaci\u00f3n en Latinoam\u00e9rica\"}]},{\"@type\":\"WebSite\",\"@id\":\"https:\/\/www.icesi.edu.co\/marketingzone\/#website\",\"url\":\"https:\/\/www.icesi.edu.co\/marketingzone\/\",\"name\":\"Marketing Zone - Universidad Icesi\",\"description\":\"\",\"potentialAction\":[{\"@type\":\"SearchAction\",\"target\":{\"@type\":\"EntryPoint\",\"urlTemplate\":\"https:\/\/www.icesi.edu.co\/marketingzone\/?s={search_term_string}\"},\"query-input\":{\"@type\":\"PropertyValueSpecification\",\"valueRequired\":true,\"valueName\":\"search_term_string\"}}],\"inLanguage\":\"es\"},{\"@type\":\"Person\",\"@id\":\"https:\/\/www.icesi.edu.co\/marketingzone\/#\/schema\/person\/59460cf35beca1a3a7aaa4536753e6c3\",\"name\":\"Marketing Zone Icesi\",\"image\":{\"@type\":\"ImageObject\",\"inLanguage\":\"es\",\"@id\":\"https:\/\/www.icesi.edu.co\/marketingzone\/#\/schema\/person\/image\/\",\"url\":\"https:\/\/secure.gravatar.com\/avatar\/9ca4eb2673bf04f9a460bcec8c7c57f36f3f176c237aefc7e2f919b089239282?s=96&d=mm&r=g\",\"contentUrl\":\"https:\/\/secure.gravatar.com\/avatar\/9ca4eb2673bf04f9a460bcec8c7c57f36f3f176c237aefc7e2f919b089239282?s=96&d=mm&r=g\",\"caption\":\"Marketing Zone Icesi\"},\"url\":\"https:\/\/www.icesi.edu.co\/marketingzone\/author\/administrator\/\"}]}<\/script>\n<!-- \/ Yoast SEO plugin. -->","yoast_head_json":{"title":"Colombia se consolida como el principal hub de innovaci\u00f3n en Latinoam\u00e9rica | Marketing Zone Icesi","robots":{"index":"index","follow":"follow","max-snippet":"max-snippet:-1","max-image-preview":"max-image-preview:large","max-video-preview":"max-video-preview:-1"},"canonical":"https:\/\/www.icesi.edu.co\/marketingzone\/colombia-se-consolida-como-el-principal-hub-de-innovacion-en-latinoamerica\/","og_locale":"es_ES","og_type":"article","og_title":"Colombia se consolida como el principal hub de innovaci\u00f3n en Latinoam\u00e9rica | Marketing Zone Icesi","og_description":"En varias ciudades de Colombia hay iniciativas que evidencian el potencial del pa\u00eds en materia de innovaci\u00f3n, emprendimiento y un tejido empresarial colaborativo. En los \u00faltimos a\u00f1os, el t\u00e9rmino \u00abhub de innovaci\u00f3n\u00bb ha ganado popularidad en el \u00e1mbito empresarial, aunque para muchos sigue siendo un concepto difuso. El entorno empresarial actual requiere un enfoque colaborativo [&hellip;]","og_url":"https:\/\/www.icesi.edu.co\/marketingzone\/colombia-se-consolida-como-el-principal-hub-de-innovacion-en-latinoamerica\/","og_site_name":"Marketing Zone Icesi","article_publisher":"https:\/\/www.facebook.com\/Marketingzoneicesi\/","article_published_time":"2024-07-29T19:54:51+00:00","og_image":[{"width":1024,"height":687,"url":"https:\/\/www.icesi.edu.co\/marketingzone\/wp-content\/uploads\/2024\/07\/Captura-de-pantalla-2024-07-29-a-las-2.53.46\u202fp.-m-1024x687.png","type":"image\/png"}],"author":"Marketing Zone Icesi","twitter_card":"summary_large_image","twitter_creator":"@MarketingZIcesi","twitter_site":"@MarketingZIcesi","twitter_misc":{"Escrito por":"Marketing Zone Icesi","Tiempo de lectura":"5 minutos"},"schema":{"@context":"https:\/\/schema.org","@graph":[{"@type":"Article","@id":"https:\/\/www.icesi.edu.co\/marketingzone\/colombia-se-consolida-como-el-principal-hub-de-innovacion-en-latinoamerica\/#article","isPartOf":{"@id":"https:\/\/www.icesi.edu.co\/marketingzone\/colombia-se-consolida-como-el-principal-hub-de-innovacion-en-latinoamerica\/"},"author":{"name":"Marketing Zone Icesi","@id":"https:\/\/www.icesi.edu.co\/marketingzone\/#\/schema\/person\/59460cf35beca1a3a7aaa4536753e6c3"},"headline":"Colombia se consolida como el principal hub de innovaci\u00f3n en Latinoam\u00e9rica","datePublished":"2024-07-29T19:54:51+00:00","mainEntityOfPage":{"@id":"https:\/\/www.icesi.edu.co\/marketingzone\/colombia-se-consolida-como-el-principal-hub-de-innovacion-en-latinoamerica\/"},"wordCount":1030,"image":{"@id":"https:\/\/www.icesi.edu.co\/marketingzone\/colombia-se-consolida-como-el-principal-hub-de-innovacion-en-latinoamerica\/#primaryimage"},"thumbnailUrl":"https:\/\/www.icesi.edu.co\/marketingzone\/wp-content\/uploads\/2024\/07\/Captura-de-pantalla-2024-07-29-a-las-2.53.46\u202fp.-m.png","inLanguage":"es"},{"@type":"WebPage","@id":"https:\/\/www.icesi.edu.co\/marketingzone\/colombia-se-consolida-como-el-principal-hub-de-innovacion-en-latinoamerica\/","url":"https:\/\/www.icesi.edu.co\/marketingzone\/colombia-se-consolida-como-el-principal-hub-de-innovacion-en-latinoamerica\/","name":"Colombia se consolida como el principal hub de innovaci\u00f3n en Latinoam\u00e9rica | Marketing Zone Icesi","isPartOf":{"@id":"https:\/\/www.icesi.edu.co\/marketingzone\/#website"},"primaryImageOfPage":{"@id":"https:\/\/www.icesi.edu.co\/marketingzone\/colombia-se-consolida-como-el-principal-hub-de-innovacion-en-latinoamerica\/#primaryimage"},"image":{"@id":"https:\/\/www.icesi.edu.co\/marketingzone\/colombia-se-consolida-como-el-principal-hub-de-innovacion-en-latinoamerica\/#primaryimage"},"thumbnailUrl":"https:\/\/www.icesi.edu.co\/marketingzone\/wp-content\/uploads\/2024\/07\/Captura-de-pantalla-2024-07-29-a-las-2.53.46\u202fp.-m.png","datePublished":"2024-07-29T19:54:51+00:00","author":{"@id":"https:\/\/www.icesi.edu.co\/marketingzone\/#\/schema\/person\/59460cf35beca1a3a7aaa4536753e6c3"},"breadcrumb":{"@id":"https:\/\/www.icesi.edu.co\/marketingzone\/colombia-se-consolida-como-el-principal-hub-de-innovacion-en-latinoamerica\/#breadcrumb"},"inLanguage":"es","potentialAction":[{"@type":"ReadAction","target":["https:\/\/www.icesi.edu.co\/marketingzone\/colombia-se-consolida-como-el-principal-hub-de-innovacion-en-latinoamerica\/"]}]},{"@type":"ImageObject","inLanguage":"es","@id":"https:\/\/www.icesi.edu.co\/marketingzone\/colombia-se-consolida-como-el-principal-hub-de-innovacion-en-latinoamerica\/#primaryimage","url":"https:\/\/www.icesi.edu.co\/marketingzone\/wp-content\/uploads\/2024\/07\/Captura-de-pantalla-2024-07-29-a-las-2.53.46\u202fp.-m.png","contentUrl":"https:\/\/www.icesi.edu.co\/marketingzone\/wp-content\/uploads\/2024\/07\/Captura-de-pantalla-2024-07-29-a-las-2.53.46\u202fp.-m.png","width":1520,"height":1020},{"@type":"BreadcrumbList","@id":"https:\/\/www.icesi.edu.co\/marketingzone\/colombia-se-consolida-como-el-principal-hub-de-innovacion-en-latinoamerica\/#breadcrumb","itemListElement":[{"@type":"ListItem","position":1,"name":"Portada","item":"https:\/\/www.icesi.edu.co\/marketingzone\/"},{"@type":"ListItem","position":2,"name":"Colombia se consolida como el principal hub de innovaci\u00f3n en Latinoam\u00e9rica"}]},{"@type":"WebSite","@id":"https:\/\/www.icesi.edu.co\/marketingzone\/#website","url":"https:\/\/www.icesi.edu.co\/marketingzone\/","name":"Marketing Zone - Universidad Icesi","description":"","potentialAction":[{"@type":"SearchAction","target":{"@type":"EntryPoint","urlTemplate":"https:\/\/www.icesi.edu.co\/marketingzone\/?s={search_term_string}"},"query-input":{"@type":"PropertyValueSpecification","valueRequired":true,"valueName":"search_term_string"}}],"inLanguage":"es"},{"@type":"Person","@id":"https:\/\/www.icesi.edu.co\/marketingzone\/#\/schema\/person\/59460cf35beca1a3a7aaa4536753e6c3","name":"Marketing Zone Icesi","image":{"@type":"ImageObject","inLanguage":"es","@id":"https:\/\/www.icesi.edu.co\/marketingzone\/#\/schema\/person\/image\/","url":"https:\/\/secure.gravatar.com\/avatar\/9ca4eb2673bf04f9a460bcec8c7c57f36f3f176c237aefc7e2f919b089239282?s=96&d=mm&r=g","contentUrl":"https:\/\/secure.gravatar.com\/avatar\/9ca4eb2673bf04f9a460bcec8c7c57f36f3f176c237aefc7e2f919b089239282?s=96&d=mm&r=g","caption":"Marketing Zone Icesi"},"url":"https:\/\/www.icesi.edu.co\/marketingzone\/author\/administrator\/"}]}},"uagb_featured_image_src":{"full":["https:\/\/www.icesi.edu.co\/marketingzone\/wp-content\/uploads\/2024\/07\/Captura-de-pantalla-2024-07-29-a-las-2.53.46\u202fp.-m.png",1520,1020,false],"thumbnail":["https:\/\/www.icesi.edu.co\/marketingzone\/wp-content\/uploads\/2024\/07\/Captura-de-pantalla-2024-07-29-a-las-2.53.46\u202fp.-m-150x150.png",150,150,true],"medium":["https:\/\/www.icesi.edu.co\/marketingzone\/wp-content\/uploads\/2024\/07\/Captura-de-pantalla-2024-07-29-a-las-2.53.46\u202fp.-m-300x201.png",300,201,true],"medium_large":["https:\/\/www.icesi.edu.co\/marketingzone\/wp-content\/uploads\/2024\/07\/Captura-de-pantalla-2024-07-29-a-las-2.53.46\u202fp.-m-768x515.png",640,429,true],"large":["https:\/\/www.icesi.edu.co\/marketingzone\/wp-content\/uploads\/2024\/07\/Captura-de-pantalla-2024-07-29-a-las-2.53.46\u202fp.-m-1024x687.png",640,429,true],"1536x1536":["https:\/\/www.icesi.edu.co\/marketingzone\/wp-content\/uploads\/2024\/07\/Captura-de-pantalla-2024-07-29-a-las-2.53.46\u202fp.-m.png",1520,1020,false],"2048x2048":["https:\/\/www.icesi.edu.co\/marketingzone\/wp-content\/uploads\/2024\/07\/Captura-de-pantalla-2024-07-29-a-las-2.53.46\u202fp.-m.png",1520,1020,false]},"uagb_author_info":{"display_name":"Marketing Zone Icesi","author_link":"https:\/\/www.icesi.edu.co\/marketingzone\/author\/administrator\/"},"uagb_comment_info":0,"uagb_excerpt":"En varias ciudades de Colombia hay iniciativas que evidencian el potencial del pa\u00eds en materia de innovaci\u00f3n, emprendimiento y un tejido empresarial colaborativo. En los \u00faltimos a\u00f1os, el t\u00e9rmino \u00abhub de innovaci\u00f3n\u00bb ha ganado popularidad en el \u00e1mbito empresarial, aunque para muchos sigue siendo un concepto difuso. El entorno empresarial actual requiere un enfoque colaborativo&hellip;","_links":{"self":[{"href":"https:\/\/www.icesi.edu.co\/marketingzone\/wp-json\/wp\/v2\/posts\/12348","targetHints":{"allow":["GET"]}}],"collection":[{"href":"https:\/\/www.icesi.edu.co\/marketingzone\/wp-json\/wp\/v2\/posts"}],"about":[{"href":"https:\/\/www.icesi.edu.co\/marketingzone\/wp-json\/wp\/v2\/types\/post"}],"author":[{"embeddable":true,"href":"https:\/\/www.icesi.edu.co\/marketingzone\/wp-json\/wp\/v2\/users\/52"}],"replies":[{"embeddable":true,"href":"https:\/\/www.icesi.edu.co\/marketingzone\/wp-json\/wp\/v2\/comments?post=12348"}],"version-history":[{"count":1,"href":"https:\/\/www.icesi.edu.co\/marketingzone\/wp-json\/wp\/v2\/posts\/12348\/revisions"}],"predecessor-version":[{"id":12351,"href":"https:\/\/www.icesi.edu.co\/marketingzone\/wp-json\/wp\/v2\/posts\/12348\/revisions\/12351"}],"wp:featuredmedia":[{"embeddable":true,"href":"https:\/\/www.icesi.edu.co\/marketingzone\/wp-json\/wp\/v2\/media\/12349"}],"wp:attachment":[{"href":"https:\/\/www.icesi.edu.co\/marketingzone\/wp-json\/wp\/v2\/media?parent=12348"}],"wp:term":[{"taxonomy":"category","embeddable":true,"href":"https:\/\/www.icesi.edu.co\/marketingzone\/wp-json\/wp\/v2\/categories?post=12348"},{"taxonomy":"post_tag","embeddable":true,"href":"https:\/\/www.icesi.edu.co\/marketingzone\/wp-json\/wp\/v2\/tags?post=12348"}],"curies":[{"name":"wp","href":"https:\/\/api.w.org\/{rel}","templated":true}]}}