{"id":12527,"date":"2024-10-15T10:51:24","date_gmt":"2024-10-15T15:51:24","guid":{"rendered":"https:\/\/www.icesi.edu.co\/marketingzone\/?p=12527"},"modified":"2024-10-15T10:51:24","modified_gmt":"2024-10-15T15:51:24","slug":"estas-son-las-nueve-tormentas-que-azotan-al-comercio-exterior-colombiano-en-medio-de-un-panorama-turbulento","status":"publish","type":"post","link":"https:\/\/www.icesi.edu.co\/marketingzone\/estas-son-las-nueve-tormentas-que-azotan-al-comercio-exterior-colombiano-en-medio-de-un-panorama-turbulento\/","title":{"rendered":"Estas son las nueve tormentas que azotan al comercio exterior colombiano en medio de un panorama turbulento"},"content":{"rendered":"<div id=\"\" class=\"portlet-boundary portlet-static-end content-viewer-portlet last full-access norestricted\">\n<div class=\"ecr_articulo_titulo_multimedia art_24789386\">\n<div class=\"block-headline\">\n<p class=\"lead cita\">El comercio exterior colombiano enfrenta un panorama desafiante debido a la alta volatilidad del d\u00f3lar, nuevas regulaciones, tensas relaciones diplom\u00e1ticas, la desaceleraci\u00f3n econ\u00f3mica de socios comerciales y la dependencia de las exportaciones de hidrocarburos.<\/p>\n<\/div>\n<div class=\"block-image\">\n<div class=\"multimediaMacroWrapper\">\n<div class=\"slick-list draggable\">\n<div class=\"slick-track\">\n<div class=\"slick-slide slick-current slick-active\" data-slick-index=\"0\" aria-hidden=\"false\">\n<div>\n<ul>\n<li class=\"detalle-image-1\">\n<figure class=\"imagen-noticia\">\n<div><img loading=\"lazy\" decoding=\"async\" title=\"Las exportaciones colombianas han disminuido en los \u00faltimos a\u00f1os, principalmente debido a la ca\u00edda de los precios del carb\u00f3n y otros productos b\u00e1sicos. FOTO: EL COLOMBIANO\" src=\"https:\/\/estaticos.elcolombiano.com\/binrepository\/780x565\/1c0\/780d565\/none\/11101\/UKME\/exportaciones-comercio-exterior-colo_45354902_20240614182423.jpg\" sizes=\"auto, 100vw\" srcset=\"\/\/estaticos.elcolombiano.com\/binrepository\/780x565\/1c0\/780d565\/none\/11101\/UKME\/exportaciones-comercio-exterior-colo_45354902_20240614182423.jpg 780w,\/\/estaticos.elcolombiano.com\/binrepository\/650x471\/1c0\/650d471\/none\/11101\/UKIA\/exportaciones-comercio-exterior-colo_45354902_20240614182423.jpg 650w,\/\/estaticos.elcolombiano.com\/binrepository\/520x377\/1c0\/520d377\/none\/11101\/UKHB\/exportaciones-comercio-exterior-colo_45354902_20240614182423.jpg 520w,\/\/estaticos.elcolombiano.com\/binrepository\/390x283\/1c0\/390d283\/none\/11101\/UKNH\/exportaciones-comercio-exterior-colo_45354902_20240614182423.jpg 390w,\/\/estaticos.elcolombiano.com\/binrepository\/300x217\/0c0\/300d217\/none\/11101\/UKKD\/exportaciones-comercio-exterior-colo_45354902_20240614182423.jpg 300w\" alt=\"Las exportaciones colombianas han disminuido en los \u00faltimos a\u00f1os, principalmente debido a la ca\u00edda de los precios del carb\u00f3n y otros productos b\u00e1sicos. FOTO: EL COLOMBIANO\" width=\"779\" height=\"565\" \/><\/div>\n<\/figure>\n<div class=\"li__caption-img__s\">Las exportaciones colombianas han disminuido en los \u00faltimos a\u00f1os, principalmente debido a la ca\u00edda de los precios del carb\u00f3n y otros productos b\u00e1sicos. FOTO: EL COLOMBIANO<\/div>\n<\/li>\n<\/ul>\n<\/div>\n<\/div>\n<\/div>\n<\/div>\n<\/div>\n<\/div>\n<\/div>\n<\/div>\n<div id=\"\" class=\"portlet-boundary portlet-static-end content-viewer-portlet section__textos last full-access norestricted\">\n<div class=\"ecr_articulo art_24789386\">\n<div class=\"block-date information-noticia toolsWrapper\">\n<div class=\"block-text\"><button id=\"botonaudiomowplayer\" class=\"boton-audio-reader\" type=\"button\"><\/button><\/p>\n<div class=\"paragraph\">\n<p>\u201cUn gran nubarr\u00f3n se alza en el cielo. Ya se aproxima una fuerte tormenta\u201d. As\u00ed canta la canci\u00f3n vallenata para referirse a los tiempos venideros, y hoy esas tempestades se vislumbran desde los puertos hacia el mar Caribe y el oc\u00e9ano Pac\u00edfico.\u00a0<b>Nubarrones cargados de incertidumbres y crisis se ciernen sobre\u00a0Colombia, alimentados por la alta\u00a0volatilidad del d\u00f3lar, nuevas reglas de juego y tensas relaciones diplom\u00e1ticas.<\/b><\/p>\n<p>As\u00ed trabajan los\u00a0empresarios del comercio exterior colombiano,\u00a0quienes no han conocido tiempos de calma desde la pandemia<b>. En aquel entonces,\u00a0la econom\u00eda mundial se paraliz\u00f3, las empresas se llenaron de inventarios, los env\u00edos se retrasaron y luego lleg\u00f3 la crisis de los contenedores.<\/b>\u00a0Desde esa fecha, nubarrones y tempestades agitan las aguas de quienes exportan e importan bienes y servicios.<\/p>\n<p>Las exportaciones\u00a0en el 2023 se contrajeron en el 12,5%, con meses dif\u00edciles como abril cuando las ventas al exterior cayeron por el orden del 31,5%.\u00a0<b>Y en el 2024 las tormentas siguen y sus vientos bajaron las exportaciones hasta el 13,4% en marzo<\/b>, y en el acumulado hasta abril, la reducci\u00f3n es del 2,9%, para un total de 4.408 millones de d\u00f3lares.<\/p>\n<p>Esta misma tendencia la viven\u00a0las importaciones\u00a0que son azotadas por lluvias torrenciales e intentan ahogar la llegada de mercanc\u00eda al pa\u00eds. Por ejemplo,\u00a0<b>en el primer trimestre del 2024, la ca\u00edda fue del 18,8%, similar a la del 2023, cuando baj\u00f3 hasta 14,5%<\/b>, lo que refleja la debilidad de la econom\u00eda colombiana.<\/p>\n<p>Y de estos embates no ha escapado la empresaria Paola Rosa Navarrete, quien desde hace 12 a\u00f1os ingres\u00f3 al mercado de la exportaci\u00f3n con su empresa Parnam Ltda, al comercializar material did\u00e1ctico y educativo a pa\u00edses como\u00a0Costa Rica,\u00a0Rep\u00fablica Dominicana\u00a0y\u00a0Puerto Rico.<\/p>\n<p>Lea tambi\u00e9n:\u00a0Las controversiales respuestas de Petro a gremios mineros por suspensi\u00f3n de exportaciones de carb\u00f3n a Israel<\/p>\n<p>\u201c<b>El comercio exterior se ha visto afectado no solamente en estos primeros meses del 2024, esto viene desde el a\u00f1o pasado cuando se dio la ca\u00edda en las exportaciones.<\/b>\u00a0Adem\u00e1s, hay contracci\u00f3n a nivel empresarial, esto afecta notoriamente la econom\u00eda. La volatilidad del d\u00f3lar tambi\u00e9n es una de las causas que est\u00e1 generando esta incertidumbre, a la que\u00a0se suman las pol\u00edticas y las reformas del actual gobierno\u201d, detall\u00f3 Navarrete.<\/p>\n<p>En ese mismo sentido habl\u00f3 el empresario Ra\u00fal Juli\u00e1n Serrano, gerente de la empresa de calzado Sue\u00f1os Moda y Estilo, quien indic\u00f3 que el d\u00f3lar hace un a\u00f1o estaba a un valor superior al que est\u00e1 ahora, pero con\u00a0costos de mano de obra y materias primas inferiores, \u201c<b>\u00e9ramos mucho m\u00e1s competitivos<\/b>\u201d.\u00a0<b>Hoy la divisa estadounidense otra vez repunt\u00f3 superando la barrera de los $4.200.<\/b><\/p>\n<p>\u201c<b>Subieron las\u00a0tasas de inter\u00e9s\u00a0y el recorte no ha sido significativo este a\u00f1o, ha subido el costo de mano de obra el 12%, y los insumos entre 10% y 15%<\/b>. Entonces, somos menos competitivos para el mercado internacional. Adicional,\u00a0subi\u00f3 la gasolina, se incrementar\u00e1 el Acpm y los peajes, eso hace que la log\u00edstica de la llegada y salida de hacia los puertos sea m\u00e1s costosa. Por lo tanto,\u00a0<b>la competitividad de los productos en la venta al exterior tenga menos demanda<\/b>\u201d, explic\u00f3 Serrano.<\/p>\n<\/div>\n<div class=\"Infografico art_24789386\">\n<div class=\"title-infografia\"><\/div>\n<div><img loading=\"lazy\" decoding=\"async\" title=\"Infogr\u00c3\u00a1fico\" src=\"https:\/\/estaticos.elcolombiano.com\/binrepository\/1160x1182\/0c0\/0d0\/none\/11101\/PBLE\/info-exportaciones-e-importaciones-2_45359778_20240615180148.jpg\" sizes=\"auto, (min-width: 801px) 900px,(min-width: 701px) 800px,(min-width: 601px) 700px,(min-width: 501px) 600px,(min-width: 401px) 500px,(min-width: 301px) 400px,(min-width: 1px) 300px\" srcset=\"\/\/estaticos.elcolombiano.com\/binrepository\/1160x1182\/0c0\/0d0\/none\/11101\/PBLE\/info-exportaciones-e-importaciones-2_45359778_20240615180148.jpg 1160w,\/\/estaticos.elcolombiano.com\/binrepository\/967x985\/0c0\/0d0\/none\/11101\/DJHN\/info-exportaciones-e-importaciones-2_45359778_20240615180148.jpg 967w,\/\/estaticos.elcolombiano.com\/binrepository\/773x788\/0c0\/0d0\/none\/11101\/DJHF\/info-exportaciones-e-importaciones-2_45359778_20240615180148.jpg 773w,\/\/estaticos.elcolombiano.com\/binrepository\/580x591\/0c0\/0d0\/none\/11101\/DJHB\/info-exportaciones-e-importaciones-2_45359778_20240615180148.jpg 580w,\/\/estaticos.elcolombiano.com\/binrepository\/387x394\/0c0\/0d0\/none\/11101\/DJHD\/info-exportaciones-e-importaciones-2_45359778_20240615180148.jpg 387w,\/\/estaticos.elcolombiano.com\/binrepository\/300x306\/0c0\/0d0\/none\/11101\/DJHH\/info-exportaciones-e-importaciones-2_45359778_20240615180148.jpg 300w\" alt=\"Infogr\u00c3\u00a1fico\" width=\"1160\" height=\"1182\" \/><\/div>\n<\/div>\n<div class=\"paragraph\">\n<p>Sobre las importaciones, el Dane precis\u00f3 que, en marzo de 2024, sumaron 4.757 millones de d\u00f3lares en relaci\u00f3n con mismo mes de 2023,\u00a0<b>esto obedeci\u00f3 principalmente a la disminuci\u00f3n de 22,1% en el grupo de manufacturas.\u00a0<\/b>Este grupo particip\u00f3 con el 71,1% del valor total de las importaciones, seguido por\u00a0agropecuarios, alimentos y bebidas (16,5%), combustibles y productos de las industrias extractivas (12,4%) y otros sectores (0,1%).<\/p>\n<p>Por su parte, la empresaria Navarrete insisti\u00f3 en que las reformas del Gobierno y\u00a0los cambios en la legislaci\u00f3n de aduanera\u00a0han llevado a que\u00a0<b>las empresas empiecen a considerar cerrar sus negocios o mudarse a otros pa\u00edses para conseguir otras oportunidades.<\/b><\/p>\n<p>\u201c<b>En este a\u00f1o y medio, notoriamente, hay una falta de apoyo grande a los empresarios, no solamente en microempresarios, sino en todo nivel.<\/b>\u00a0Adem\u00e1s, hay una narrativa infundada en contra del aparato empresarial de la cual\u00a0se cree que todos los empresarios generan riqueza y la dejan en sus bolsillos, es falso, m\u00e1s bien aportamos mucho con el empleo formal.\u00a0<b>Todo lo anterior es una nube muy densa que afecta la econom\u00eda del pa\u00eds<\/b>\u201d, sentenci\u00f3 la exportadora.<\/p>\n<p>Le puede interesar:\u00a0Colapsar\u00edan puertos y aeropuertos por falta de claridad en la entrada del nuevo Estatuto Aduanero de \u2018Mr Taxes\u2019<\/p>\n<p>Por su parte, en abril, las exportaciones del pa\u00eds alcanzaron los 4.408 millones de d\u00f3lares.\u00a0<b>Este aumento se debi\u00f3 principalmente a una recuperaci\u00f3n del 12,3% en\u00a0las ventas de combustibles y productos de industrias extractivas, que sumaron 2.138 millones de d\u00f3lares.\u00a0<\/b>Es as\u00ed como las exportaciones de combustibles representaron el 48,5% del total, siendo el sector que m\u00e1s impuls\u00f3 las ventas externas. Le sigui\u00f3\u00a0el sector agropecuario, con alimentos y bebidas representando el 21,5%, mientras que las manufacturas pesaron el 21,4%, y otros sectores, el 8,6%.<\/p>\n<\/div>\n<div class=\"multimediaMacroWrapper\">\n<div class=\"contentMedia art-img\">\n<figure class=\"cutlineShow\">\n<div><img loading=\"lazy\" decoding=\"async\" title=\"Contenedores en el puerto de Buenaventura. FOTO: Colprensa.\" src=\"https:\/\/estaticos.elcolombiano.com\/binrepository\/846x565\/33c0\/780d565\/none\/11101\/LSRG\/colp-252307_45359782_20240615180148.jpg\" sizes=\"auto, (min-width: 801px) 900px,(min-width: 701px) 800px,(min-width: 601px) 700px,(min-width: 501px) 600px,(min-width: 401px) 500px,(min-width: 301px) 400px,(min-width: 1px) 300px\" srcset=\"\/\/estaticos.elcolombiano.com\/binrepository\/846x565\/33c0\/780d565\/none\/11101\/LSRG\/colp-252307_45359782_20240615180148.jpg 780w,\/\/estaticos.elcolombiano.com\/binrepository\/705x471\/28c0\/650d471\/none\/11101\/LSPS\/colp-252307_45359782_20240615180148.jpg 650w,\/\/estaticos.elcolombiano.com\/binrepository\/564x377\/22c0\/520d377\/none\/11101\/LSOO\/colp-252307_45359782_20240615180148.jpg 520w,\/\/estaticos.elcolombiano.com\/binrepository\/423x283\/17c0\/390d283\/none\/11101\/LSNG\/colp-252307_45359782_20240615180148.jpg 390w,\/\/estaticos.elcolombiano.com\/binrepository\/325x217\/13c0\/300d217\/none\/11101\/LSNS\/colp-252307_45359782_20240615180148.jpg 300w\" alt=\"Contenedores en el puerto de Buenaventura. FOTO: Colprensa.\" width=\"780\" height=\"565\" \/><\/div>\n<div class=\"cutline\"><span class=\"cutline-text\">Contenedores en el puerto de Buenaventura. FOTO: Colprensa.<\/span><\/div>\n<\/figure>\n<\/div>\n<\/div>\n<div class=\"paragraph\">\n<p>El empresario Serrano agreg\u00f3 que\u00a0<b>hay empresas que se han bajado de las exportaciones porque son menos competitivos en relaci\u00f3n con\u00a0los mercados asi\u00e1ticos, como China.\u00a0<\/b>\u201cPor ejemplo, en mi negocio ha habido una desaceleraci\u00f3n en exportaciones desde noviembre del a\u00f1o pasado, sobre todo para\u00a0Estados Unidos\u201d.<\/p>\n<p>Una de las razones de estas tormentas, seg\u00fan Serrano, es\u00a0<b>el nerviosismo econ\u00f3mico por el tema pol\u00edtico<\/b><b>, aunque estim\u00f3 que para el segundo semestre del 2024 las condiciones deben mejorar<\/b>, \u201cesperamos alcanzar mercados como Panam\u00e1, Puerto Rico y Guatemala otra vez, que eran mercados importantes y volver a\u00a0intentar con Venezuela, un mercado potencial para volverle a vender\u201d.<\/p>\n<p><b>\u00bfPor qu\u00e9 se form\u00f3 esta tormenta?<\/b><\/p>\n<p>Para conocer las causas hay que echar memoria.\u00a0<b>Entre el a\u00f1o 2000 y el 2005, los vientos fuertes\u00a0soplaban a favor de la balanza comercial colombiana<\/b>, mostrando un super\u00e1vit donde las exportaciones superaban a las importaciones.<\/p>\n<p>Sin embargo,<b>\u00a0los cielos se nublaron entre 2006 y 2008, trayendo un\u00a0d\u00e9ficit comercial.<\/b>\u00a0Pero como despu\u00e9s de la tormenta siempre viene la calma,<b>\u00a0entre 2009 y 2013 se volvi\u00f3 a ver un super\u00e1vit. Desde 2014 hasta hoy, la balanza ha enfrentado tempestades continuas, con un d\u00e9ficit que crece y se vuelve m\u00e1s err\u00e1tico cada a\u00f1o.<\/b><\/p>\n<\/div>\n<div class=\"art-twitter\">\n<div class=\"twitter-content\">\n<div class=\"twitter-tweet twitter-tweet-rendered\"><iframe id=\"twitter-widget-0\" class=\"\" title=\"X Post\" src=\"https:\/\/platform.twitter.com\/embed\/Tweet.html?creatorScreenName=ElColombiano&amp;dnt=false&amp;embedId=twitter-widget-0&amp;features=eyJ0ZndfdGltZWxpbmVfbGlzdCI6eyJidWNrZXQiOltdLCJ2ZXJzaW9uIjpudWxsfSwidGZ3X2ZvbGxvd2VyX2NvdW50X3N1bnNldCI6eyJidWNrZXQiOnRydWUsInZlcnNpb24iOm51bGx9LCJ0ZndfdHdlZXRfZWRpdF9iYWNrZW5kIjp7ImJ1Y2tldCI6Im9uIiwidmVyc2lvbiI6bnVsbH0sInRmd19yZWZzcmNfc2Vzc2lvbiI6eyJidWNrZXQiOiJvbiIsInZlcnNpb24iOm51bGx9LCJ0ZndfZm9zbnJfc29mdF9pbnRlcnZlbnRpb25zX2VuYWJsZWQiOnsiYnVja2V0Ijoib24iLCJ2ZXJzaW9uIjpudWxsfSwidGZ3X21peGVkX21lZGlhXzE1ODk3Ijp7ImJ1Y2tldCI6InRyZWF0bWVudCIsInZlcnNpb24iOm51bGx9LCJ0ZndfZXhwZXJpbWVudHNfY29va2llX2V4cGlyYXRpb24iOnsiYnVja2V0IjoxMjA5NjAwLCJ2ZXJzaW9uIjpudWxsfSwidGZ3X3Nob3dfYmlyZHdhdGNoX3Bpdm90c19lbmFibGVkIjp7ImJ1Y2tldCI6Im9uIiwidmVyc2lvbiI6bnVsbH0sInRmd19kdXBsaWNhdGVfc2NyaWJlc190b19zZXR0aW5ncyI6eyJidWNrZXQiOiJvbiIsInZlcnNpb24iOm51bGx9LCJ0ZndfdXNlX3Byb2ZpbGVfaW1hZ2Vfc2hhcGVfZW5hYmxlZCI6eyJidWNrZXQiOiJvbiIsInZlcnNpb24iOm51bGx9LCJ0ZndfdmlkZW9faGxzX2R5bmFtaWNfbWFuaWZlc3RzXzE1MDgyIjp7ImJ1Y2tldCI6InRydWVfYml0cmF0ZSIsInZlcnNpb24iOm51bGx9LCJ0ZndfbGVnYWN5X3RpbWVsaW5lX3N1bnNldCI6eyJidWNrZXQiOnRydWUsInZlcnNpb24iOm51bGx9LCJ0ZndfdHdlZXRfZWRpdF9mcm9udGVuZCI6eyJidWNrZXQiOiJvbiIsInZlcnNpb24iOm51bGx9fQ%3D%3D&amp;frame=false&amp;hideCard=false&amp;hideThread=false&amp;id=1799179066806833412&amp;lang=es&amp;origin=https%3A%2F%2Fwww.elcolombiano.com%2Fnegocios%2Fcomercio-exterior-colombiano-en-crisis-nueve-desafios-exportaciones-importaciones-EJ24789386&amp;sessionId=1176f1d3bbe4e20026ebc155c7a57c2e4b3e9550&amp;siteScreenName=ElColombiano&amp;theme=light&amp;widgetsVersion=2615f7e52b7e0%3A1702314776716&amp;width=550px\" frameborder=\"0\" scrolling=\"no\" allowfullscreen=\"allowfullscreen\" data-gtm-yt-inspected-156=\"true\" data-gtm-yt-inspected-164=\"true\" data-tweet-id=\"1799179066806833412\" data-mce-fragment=\"1\"><\/iframe><\/div>\n<\/div>\n<\/div>\n<div class=\"paragraph\">\n<p>Este vaiv\u00e9n en la balanza comercial revela una verdad ineludible: \u201c<b>Colombia depende enormemente del sector externo, lo que pone a nuestra econom\u00eda en alto riesgo<\/b>\u201d, as\u00ed lo confirm\u00f3 Helio Armando Fern\u00e1ndez, mag\u00edster en Ciencias Econ\u00f3micas, experto en Econom\u00eda Internacional e investigador de la Universidad Pontificia Bolivariana.<\/p>\n<p>El acad\u00e9mico insisti\u00f3 en que\u00a0<b>Colombia depende mucho de las importaciones y esto expone a a la econom\u00eda del pa\u00eds, lo que trae un efecto colateral: el gran impacto en la industria local<\/b>, dado que, en muchos sectores, los productores colombianos no pueden competir ni en precio ni en calidad con productores de otros pa\u00edses.<\/p>\n<p>Pero el 2024 ha tra\u00eddo m\u00e1s tormentas que calma en el comercio exterior.\u00a0<b>Una ca\u00edda del 13% en las exportaciones, seg\u00fan el Dane, ha dejado claro que\u00a0la dependencia de los hidrocarburos y productos de industrias extractivas,<\/b>\u00a0que representan m\u00e1s del 50%\u00a0de las exportaciones, es un tal\u00f3n de Aquiles.<\/p>\n<p>Fern\u00e1ndez consider\u00f3 que\u00a0<b>el actual Gobierno Nacional ha descuidado al comercio exterior\u00a0por cuenta de una desordenada pol\u00edtica de transici\u00f3n energ\u00e9tica, a esto se la ha sumado la abrumadora disminuci\u00f3n de los precios del carb\u00f3n<\/b>, gracias a la baja demanda a nivel mundial de este mineral, que cada vez es menos protag\u00f3nico en la generaci\u00f3n de energ\u00eda.<\/p>\n<p>\u201cY el\u00a0rompimiento de relaciones diplom\u00e1ticas y comerciales con Israel, uno de los principales compradores de carb\u00f3n a Colombia, podr\u00eda ser otro golpe duro\u201d.<\/p>\n<p>Lea tambi\u00e9n:\u00a0Exportaciones subieron 17,9% en abril, pero en lo que va del a\u00f1o siguen a la baja<\/p>\n<p>Otras cargas para el comercio exterior colombiano es\u00a0<b>la desaceleraci\u00f3n econ\u00f3mica de socios comerciales clave como Ecuador, Brasil y M\u00e9xico.<\/b>\u00a0Ecuador, por ejemplo, pas\u00f3 de un crecimiento del 6,2% en 2022 a un 2,4% en 2023, mientras que\u00a0Brasil\u00a0(de 2,9% a 0,8%) y\u00a0M\u00e9xico\u00a0(de 3,9% a 3,2%) tambi\u00e9n han visto reducciones significativas en su crecimiento econ\u00f3mico.<\/p>\n<p>El investigador en Econom\u00eda Internacional sostuvo que el precio del carb\u00f3n no es el \u00fanico que est\u00e1 en ca\u00edda libre,\u00a0<b>el caf\u00e9, el petr\u00f3leo y el ferron\u00edquel tambi\u00e9n han bajado sus precios, y aunque recientemente han mostrado un leve repunte,<\/b>\u00a0la revaluaci\u00f3n del peso colombiano (que en el primer cuatrimestre de este a\u00f1o nunca super\u00f3 los $4.000) no ayuda, pese a que en la \u00faltima semana super\u00f3 ese nivel.<\/p>\n<\/div>\n<div class=\"art-twitter\">\n<div class=\"twitter-content\">\n<div class=\"twitter-tweet twitter-tweet-rendered\"><iframe id=\"twitter-widget-1\" class=\"\" title=\"X Post\" src=\"https:\/\/platform.twitter.com\/embed\/Tweet.html?creatorScreenName=ElColombiano&amp;dnt=false&amp;embedId=twitter-widget-1&amp;features=eyJ0ZndfdGltZWxpbmVfbGlzdCI6eyJidWNrZXQiOltdLCJ2ZXJzaW9uIjpudWxsfSwidGZ3X2ZvbGxvd2VyX2NvdW50X3N1bnNldCI6eyJidWNrZXQiOnRydWUsInZlcnNpb24iOm51bGx9LCJ0ZndfdHdlZXRfZWRpdF9iYWNrZW5kIjp7ImJ1Y2tldCI6Im9uIiwidmVyc2lvbiI6bnVsbH0sInRmd19yZWZzcmNfc2Vzc2lvbiI6eyJidWNrZXQiOiJvbiIsInZlcnNpb24iOm51bGx9LCJ0ZndfZm9zbnJfc29mdF9pbnRlcnZlbnRpb25zX2VuYWJsZWQiOnsiYnVja2V0Ijoib24iLCJ2ZXJzaW9uIjpudWxsfSwidGZ3X21peGVkX21lZGlhXzE1ODk3Ijp7ImJ1Y2tldCI6InRyZWF0bWVudCIsInZlcnNpb24iOm51bGx9LCJ0ZndfZXhwZXJpbWVudHNfY29va2llX2V4cGlyYXRpb24iOnsiYnVja2V0IjoxMjA5NjAwLCJ2ZXJzaW9uIjpudWxsfSwidGZ3X3Nob3dfYmlyZHdhdGNoX3Bpdm90c19lbmFibGVkIjp7ImJ1Y2tldCI6Im9uIiwidmVyc2lvbiI6bnVsbH0sInRmd19kdXBsaWNhdGVfc2NyaWJlc190b19zZXR0aW5ncyI6eyJidWNrZXQiOiJvbiIsInZlcnNpb24iOm51bGx9LCJ0ZndfdXNlX3Byb2ZpbGVfaW1hZ2Vfc2hhcGVfZW5hYmxlZCI6eyJidWNrZXQiOiJvbiIsInZlcnNpb24iOm51bGx9LCJ0ZndfdmlkZW9faGxzX2R5bmFtaWNfbWFuaWZlc3RzXzE1MDgyIjp7ImJ1Y2tldCI6InRydWVfYml0cmF0ZSIsInZlcnNpb24iOm51bGx9LCJ0ZndfbGVnYWN5X3RpbWVsaW5lX3N1bnNldCI6eyJidWNrZXQiOnRydWUsInZlcnNpb24iOm51bGx9LCJ0ZndfdHdlZXRfZWRpdF9mcm9udGVuZCI6eyJidWNrZXQiOiJvbiIsInZlcnNpb24iOm51bGx9fQ%3D%3D&amp;frame=false&amp;hideCard=false&amp;hideThread=false&amp;id=1792938805097382212&amp;lang=es&amp;origin=https%3A%2F%2Fwww.elcolombiano.com%2Fnegocios%2Fcomercio-exterior-colombiano-en-crisis-nueve-desafios-exportaciones-importaciones-EJ24789386&amp;sessionId=1176f1d3bbe4e20026ebc155c7a57c2e4b3e9550&amp;siteScreenName=ElColombiano&amp;theme=light&amp;widgetsVersion=2615f7e52b7e0%3A1702314776716&amp;width=550px\" frameborder=\"0\" scrolling=\"no\" allowfullscreen=\"allowfullscreen\" data-gtm-yt-inspected-156=\"true\" data-gtm-yt-inspected-164=\"true\" data-tweet-id=\"1792938805097382212\" data-mce-fragment=\"1\"><\/iframe><\/div>\n<\/div>\n<\/div>\n<div class=\"paragraph\">\n<p>\u201c<b>Los exportadores reciben menos pesos por sus operaciones en d\u00f3lares, desincentivando las exportaciones y redirigiendo sus esfuerzos al mercado nacional<\/b>, lo que se traduce en menos producci\u00f3n para exportar\u201d, sentenci\u00f3 Fern\u00e1ndez.<\/p>\n<p>Por eso, la empresaria Navarrete pidi\u00f3 que\u00a0<b>las pol\u00edticas del Gobierno se encaminen a\u00a0incentivar las importaciones de materias primas y maquinarias especializadas\u00a0para fortalecer la industria<\/b>\u00a0y las empresas colombianas, y as\u00ed se disminuya el favorecimiento hacia la importaci\u00f3n de productos terminados que en Colombia se pueden fabricar.<\/p>\n<p>\u201c<b>La idea es fortalecer el aparato empresarial,<\/b>\u00a0dentro de esas estrategias que est\u00e9 la disminuci\u00f3n de las importaciones de\u00a0calzado, prendas de vestir, jugueter\u00eda y maquinaria\u00a0que se puede hacer en el pa\u00eds\u201d, puntualiz\u00f3.<\/p>\n<p>Para ponerle n\u00fameros a esta situaci\u00f3n, Germ\u00e1n Cristancho, gerente de Investigaciones Econ\u00f3micas de Davivienda Corredores, precis\u00f3 que\u00a0<b>el costo de transportar un contenedor\u00a0de 40 pies a nivel global (en promedio) se ubica en 4.800 d\u00f3lares, m\u00e1s o menos el nivel que ten\u00eda en septiembre de 2022<\/b>,\u00a0<b>esto representa un incremento de 200% frente a la tarifa de hace un a\u00f1o.<\/b>\u00a0Incluso, el flete promedio durante el 2023 fue de 1.680 d\u00f3lares.<\/p>\n<p>Asimismo, para abril, seg\u00fan el Dane,\u00a0<b>los costos del transporte de carga por carretera registraron un incremento del 0,09%,\u00a0<\/b>jalonados, principalmente, por el de combustibles, que por s\u00ed solo creci\u00f3 un 0,66% y aport\u00f3 0,22 puntos porcentuales a la variaci\u00f3n total.\u00a0<b>Este componente es significativo porque representa el 40,20% de los costos del\u00a0transporte de carga.<\/b><\/p>\n<p>\u201c<b>Esto representa un\u00a0riesgo para la inflaci\u00f3n\u00a0y, en mayor medida, para pa\u00edses que dependen del suministro de materias primas<\/b>, bienes de consumo y bienes de capital del exterior, como es el caso de Colombia\u201d, dijo el analista econ\u00f3mico.<\/p>\n<\/div>\n<div class=\"multimediaMacroWrapper\">\n<div class=\"contentMedia art-img\">\n<figure class=\"cutlineShow\">\n<div><img loading=\"lazy\" decoding=\"async\" title=\"Contenedores con productos de Colombia con destino al mercado europeo. FOTO: Colprensa.\" src=\"https:\/\/estaticos.elcolombiano.com\/binrepository\/847x566\/0c0\/780d565\/none\/11101\/YXCR\/colp-ext-108108_45359789_20240615180148.jpg\" sizes=\"auto, (min-width: 801px) 900px,(min-width: 701px) 800px,(min-width: 601px) 700px,(min-width: 501px) 600px,(min-width: 401px) 500px,(min-width: 301px) 400px,(min-width: 1px) 300px\" srcset=\"\/\/estaticos.elcolombiano.com\/binrepository\/847x566\/0c0\/780d565\/none\/11101\/YXCR\/colp-ext-108108_45359789_20240615180148.jpg 780w,\/\/estaticos.elcolombiano.com\/binrepository\/706x472\/0c0\/650d471\/none\/11101\/YXTG\/colp-ext-108108_45359789_20240615180148.jpg 650w,\/\/estaticos.elcolombiano.com\/binrepository\/565x377\/0c0\/520d377\/none\/11101\/YXWB\/colp-ext-108108_45359789_20240615180148.jpg 520w,\/\/estaticos.elcolombiano.com\/binrepository\/424x283\/0c0\/390d283\/none\/11101\/YXRU\/colp-ext-108108_45359789_20240615180148.jpg 390w,\/\/estaticos.elcolombiano.com\/binrepository\/326x218\/0c0\/300d217\/none\/11101\/YXVT\/colp-ext-108108_45359789_20240615180148.jpg 300w\" alt=\"Contenedores con productos de Colombia con destino al mercado europeo. FOTO: Colprensa.\" width=\"780\" height=\"565\" \/><\/div>\n<div class=\"cutline\"><span class=\"cutline-text\">Contenedores con productos de Colombia con destino al mercado europeo. FOTO: Colprensa.<\/span><\/div>\n<\/figure>\n<\/div>\n<\/div>\n<div class=\"paragraph\">\n<p>Por eso, Cristancho enfatiz\u00f3 en que\u00a0<b>el panorama del comercio exterior de Colombia,<\/b>\u00a0como un cielo lleno de nubarrones y tempestades, con vientos fuertes que desaf\u00edan la estabilidad y lluvias que impactan la econom\u00eda nacional,\u00a0<b>se convierte en un elemento vital de la estrategia econ\u00f3mica de Colombia para\u00a0lograr el repunte de la inversi\u00f3n y el est\u00edmulo de la capacidad productiva.<\/b><\/p>\n<p>\u201cTenemos que reconocer que Colombia tiene un gran talento, personas capacitadas, resilientes y capaces de salir adelante, pero las circunstancias actuales son muy retadoras por donde se le mira.\u00a0<b>Como empresarios se siente uno caminando en un campo minado o navegando en un mar picado, realmente uno se siente muy inseguro en cada uno de los pasos que se dan para salir adelante<\/b>\u201d, concluy\u00f3 la empresaria exportadora.<\/p>\n<p><b>Nueve nubarrones sobre el comercio exterior<\/b><\/p>\n<p>EL COLOMBIANO\u00a0identific\u00f3, con base en las cifras y en los registros noticiosos,\u00a0<b>los nueve nubarrones recientes que se ubican por encima del comercio exterior colombiano<\/b>, generando crisis, incertidumbres y dudas en el tejido empresarial y gremios del sector. Por eso, en di\u00e1logo con Javier D\u00edaz, presidente de Analdex; y Mar\u00eda Claudia Lacouture, presidenta de la C\u00e1mara Colombo Americana, AmCham Colombia, se presentan uno a uno.<\/p>\n<\/div>\n<div class=\"multimediaMacroWrapper\">\n<div class=\"contentMedia art-img\">\n<figure class=\"cutlineShow\">\n<div><img loading=\"lazy\" decoding=\"async\" title=\"Mar\u00eda Claudia Lacouture, presidenta de la C\u00e1mara Colombo Americana, AmCham Colombia; y Javier D\u00edaz, presidente de Analdex.\" src=\"https:\/\/estaticos.elcolombiano.com\/binrepository\/800x420\/5c0\/780d565\/none\/11101\/YPXY\/whatsapp-image-2024-06-14-at-4-41_45359792_20240615180148.jpg\" sizes=\"auto, (min-width: 801px) 900px,(min-width: 701px) 800px,(min-width: 601px) 700px,(min-width: 501px) 600px,(min-width: 401px) 500px,(min-width: 301px) 400px,(min-width: 1px) 300px\" srcset=\"\/\/estaticos.elcolombiano.com\/binrepository\/800x420\/5c0\/780d565\/none\/11101\/YPXY\/whatsapp-image-2024-06-14-at-4-41_45359792_20240615180148.jpg 780w,\/\/estaticos.elcolombiano.com\/binrepository\/667x350\/4c0\/650d471\/none\/11101\/YPCB\/whatsapp-image-2024-06-14-at-4-41_45359792_20240615180148.jpg 650w,\/\/estaticos.elcolombiano.com\/binrepository\/533x280\/3c0\/520d377\/none\/11101\/YPDP\/whatsapp-image-2024-06-14-at-4-41_45359792_20240615180148.jpg 520w,\/\/estaticos.elcolombiano.com\/binrepository\/400x210\/3c0\/390d283\/none\/11101\/YPJS\/whatsapp-image-2024-06-14-at-4-41_45359792_20240615180148.jpg 390w,\/\/estaticos.elcolombiano.com\/binrepository\/308x162\/2c0\/300d217\/none\/11101\/YPVT\/whatsapp-image-2024-06-14-at-4-41_45359792_20240615180148.jpg 300w\" alt=\"Mar\u00eda Claudia Lacouture, presidenta de la C\u00e1mara Colombo Americana, AmCham Colombia; y Javier D\u00edaz, presidente de Analdex.\" width=\"780\" height=\"420\" \/><\/div>\n<div class=\"cutline\"><span class=\"cutline-text\">Mar\u00eda Claudia Lacouture, presidenta de la C\u00e1mara Colombo Americana, AmCham Colombia; y Javier D\u00edaz, presidente de Analdex.<\/span><\/div>\n<\/figure>\n<\/div>\n<\/div>\n<div class=\"paragraph\">\n<p><b>1) La amenaza de no exportaci\u00f3n de carb\u00f3n a Israel<\/b><\/p>\n<p>El proyecto de decreto para\u00a0<b>prohibir las exportaciones de carb\u00f3n a Israel es violatorio de la Constituci\u00f3n Pol\u00edtica y el Plan Nacional de Desarrollo<\/b>, por lo cual estar\u00eda cruzando estas l\u00edneas rojas, advirti\u00f3 D\u00edaz.<\/p>\n<p>\u201c<b>Se concluye que dicha medida no se ajusta al mandato constitucional, ni se fundamenta en una raz\u00f3n de pol\u00edtica comercial<\/b>\u201d. Tambi\u00e9n, seg\u00fan el dirigente gremial, en una \u00e9poca donde la inversi\u00f3n en el pa\u00eds pasa un mal momento, mostrar ante el mundo que Colombia incumple sus disposiciones en los TLC al imponer restricciones o genera interpretaciones complejas de las disposiciones de la OMC,\u00a0<b>genera un ambiente de inestabilidad normativa, \u201cesto no es saludable para la atracci\u00f3n de inversi\u00f3n extranjera\u201d<\/b>.<\/p>\n<p>Lacouture insisti\u00f3 en que la crisis fiscal que atraviesa Colombia no aconseja eliminar ingresos esenciales. Por eso,\u00a0<b>adem\u00e1s de perder aproximadamente 400 millones de d\u00f3lares en exportaciones de carb\u00f3n a Israel, tambi\u00e9n se ver\u00edan afectados los recursos de regal\u00edas<\/b>\u00a0que benefician principalmente a departamentos como La Guajira y Cesar, donde las necesidades sociales son significativas.<\/p>\n<\/div>\n<div class=\"art-twitter\">\n<div class=\"twitter-content\">\n<div class=\"twitter-tweet twitter-tweet-rendered\"><iframe id=\"twitter-widget-2\" class=\"\" title=\"X Post\" src=\"https:\/\/platform.twitter.com\/embed\/Tweet.html?creatorScreenName=ElColombiano&amp;dnt=false&amp;embedId=twitter-widget-2&amp;features=eyJ0ZndfdGltZWxpbmVfbGlzdCI6eyJidWNrZXQiOltdLCJ2ZXJzaW9uIjpudWxsfSwidGZ3X2ZvbGxvd2VyX2NvdW50X3N1bnNldCI6eyJidWNrZXQiOnRydWUsInZlcnNpb24iOm51bGx9LCJ0ZndfdHdlZXRfZWRpdF9iYWNrZW5kIjp7ImJ1Y2tldCI6Im9uIiwidmVyc2lvbiI6bnVsbH0sInRmd19yZWZzcmNfc2Vzc2lvbiI6eyJidWNrZXQiOiJvbiIsInZlcnNpb24iOm51bGx9LCJ0ZndfZm9zbnJfc29mdF9pbnRlcnZlbnRpb25zX2VuYWJsZWQiOnsiYnVja2V0Ijoib24iLCJ2ZXJzaW9uIjpudWxsfSwidGZ3X21peGVkX21lZGlhXzE1ODk3Ijp7ImJ1Y2tldCI6InRyZWF0bWVudCIsInZlcnNpb24iOm51bGx9LCJ0ZndfZXhwZXJpbWVudHNfY29va2llX2V4cGlyYXRpb24iOnsiYnVja2V0IjoxMjA5NjAwLCJ2ZXJzaW9uIjpudWxsfSwidGZ3X3Nob3dfYmlyZHdhdGNoX3Bpdm90c19lbmFibGVkIjp7ImJ1Y2tldCI6Im9uIiwidmVyc2lvbiI6bnVsbH0sInRmd19kdXBsaWNhdGVfc2NyaWJlc190b19zZXR0aW5ncyI6eyJidWNrZXQiOiJvbiIsInZlcnNpb24iOm51bGx9LCJ0ZndfdXNlX3Byb2ZpbGVfaW1hZ2Vfc2hhcGVfZW5hYmxlZCI6eyJidWNrZXQiOiJvbiIsInZlcnNpb24iOm51bGx9LCJ0ZndfdmlkZW9faGxzX2R5bmFtaWNfbWFuaWZlc3RzXzE1MDgyIjp7ImJ1Y2tldCI6InRydWVfYml0cmF0ZSIsInZlcnNpb24iOm51bGx9LCJ0ZndfbGVnYWN5X3RpbWVsaW5lX3N1bnNldCI6eyJidWNrZXQiOnRydWUsInZlcnNpb24iOm51bGx9LCJ0ZndfdHdlZXRfZWRpdF9mcm9udGVuZCI6eyJidWNrZXQiOiJvbiIsInZlcnNpb24iOm51bGx9fQ%3D%3D&amp;frame=false&amp;hideCard=false&amp;hideThread=false&amp;id=1799584861906248105&amp;lang=es&amp;origin=https%3A%2F%2Fwww.elcolombiano.com%2Fnegocios%2Fcomercio-exterior-colombiano-en-crisis-nueve-desafios-exportaciones-importaciones-EJ24789386&amp;sessionId=1176f1d3bbe4e20026ebc155c7a57c2e4b3e9550&amp;siteScreenName=ElColombiano&amp;theme=light&amp;widgetsVersion=2615f7e52b7e0%3A1702314776716&amp;width=550px\" frameborder=\"0\" scrolling=\"no\" allowfullscreen=\"allowfullscreen\" data-gtm-yt-inspected-156=\"true\" data-gtm-yt-inspected-164=\"true\" data-tweet-id=\"1799584861906248105\" data-mce-fragment=\"1\"><\/iframe><\/div>\n<\/div>\n<\/div>\n<div class=\"paragraph\">\n<p>\u201cEsta medida le suma a la ya alta incertidumbre jur\u00eddica, que se presenta en el pa\u00eds, el\u00a0<b>desconocer el acuerdo de libre comercio existente entre ambos pa\u00edses<\/b>\u201d, alert\u00f3 la dirigente gremial.<\/p>\n<p>Lea tambi\u00e9n:\u00a0Gremio minero alerta graves impactos al sector, si se deja de exportar carb\u00f3n a Israel como quiere Petro<\/p>\n<p><b>2) Declaraci\u00f3n anticipada del nuevo Estatuto Aduanero<\/b><\/p>\n<p>Para el presidente de Analdex, hay mucha preocupaci\u00f3n entre los usuarios debido a que no hay claridad en la interpretaci\u00f3n del nuevo Estatuto Aduanero, por eso,\u00a0<b>se requiere reglamentaci\u00f3n y capacitaci\u00f3n para dar claridad a los usuarios.<\/b><\/p>\n<p>\u201cNo queremos que esta norma se convierta en un mecanismo de confiscaci\u00f3n de mercanc\u00edas por no poder cumplir con los tiempos tan estrechos para lograr el levante de las mercanc\u00edas\u201d. Incluso, D\u00edaz alert\u00f3 que\u00a0<b>no se ve la capacidad operativa para tener todo funcionando 24\/7 por la Dian y de otras entidades como ICA, Invima y el Fondo de Estupefacientes.<\/b><\/p>\n<p>A rengl\u00f3n seguido, Lacouture afirm\u00f3 que<b>\u00a0el nuevo estatuto ignora avances significativos logrados para mejorar la eficiencia<\/b>\u00a0en el comercio que redunda en mejores costos para el bolsillo de los colombianos. \u201c<b>Eliminar mecanismos como el operador econ\u00f3mico autorizado<\/b>, que garantizaba operaciones seguras con altos est\u00e1ndares internacionales, incluido la validaci\u00f3n de este por parte de la aduana de Estados Unidos,\u00a0<b>es un retroceso muy grande<\/b>\u201d.<\/p>\n<\/div>\n<div class=\"art-twitter\">\n<div class=\"twitter-content\">\n<div class=\"twitter-tweet twitter-tweet-rendered\"><iframe id=\"twitter-widget-3\" class=\"\" title=\"X Post\" src=\"https:\/\/platform.twitter.com\/embed\/Tweet.html?creatorScreenName=ElColombiano&amp;dnt=false&amp;embedId=twitter-widget-3&amp;features=eyJ0ZndfdGltZWxpbmVfbGlzdCI6eyJidWNrZXQiOltdLCJ2ZXJzaW9uIjpudWxsfSwidGZ3X2ZvbGxvd2VyX2NvdW50X3N1bnNldCI6eyJidWNrZXQiOnRydWUsInZlcnNpb24iOm51bGx9LCJ0ZndfdHdlZXRfZWRpdF9iYWNrZW5kIjp7ImJ1Y2tldCI6Im9uIiwidmVyc2lvbiI6bnVsbH0sInRmd19yZWZzcmNfc2Vzc2lvbiI6eyJidWNrZXQiOiJvbiIsInZlcnNpb24iOm51bGx9LCJ0ZndfZm9zbnJfc29mdF9pbnRlcnZlbnRpb25zX2VuYWJsZWQiOnsiYnVja2V0Ijoib24iLCJ2ZXJzaW9uIjpudWxsfSwidGZ3X21peGVkX21lZGlhXzE1ODk3Ijp7ImJ1Y2tldCI6InRyZWF0bWVudCIsInZlcnNpb24iOm51bGx9LCJ0ZndfZXhwZXJpbWVudHNfY29va2llX2V4cGlyYXRpb24iOnsiYnVja2V0IjoxMjA5NjAwLCJ2ZXJzaW9uIjpudWxsfSwidGZ3X3Nob3dfYmlyZHdhdGNoX3Bpdm90c19lbmFibGVkIjp7ImJ1Y2tldCI6Im9uIiwidmVyc2lvbiI6bnVsbH0sInRmd19kdXBsaWNhdGVfc2NyaWJlc190b19zZXR0aW5ncyI6eyJidWNrZXQiOiJvbiIsInZlcnNpb24iOm51bGx9LCJ0ZndfdXNlX3Byb2ZpbGVfaW1hZ2Vfc2hhcGVfZW5hYmxlZCI6eyJidWNrZXQiOiJvbiIsInZlcnNpb24iOm51bGx9LCJ0ZndfdmlkZW9faGxzX2R5bmFtaWNfbWFuaWZlc3RzXzE1MDgyIjp7ImJ1Y2tldCI6InRydWVfYml0cmF0ZSIsInZlcnNpb24iOm51bGx9LCJ0ZndfbGVnYWN5X3RpbWVsaW5lX3N1bnNldCI6eyJidWNrZXQiOnRydWUsInZlcnNpb24iOm51bGx9LCJ0ZndfdHdlZXRfZWRpdF9mcm9udGVuZCI6eyJidWNrZXQiOiJvbiIsInZlcnNpb24iOm51bGx9fQ%3D%3D&amp;frame=false&amp;hideCard=false&amp;hideThread=false&amp;id=1801263541690732723&amp;lang=es&amp;origin=https%3A%2F%2Fwww.elcolombiano.com%2Fnegocios%2Fcomercio-exterior-colombiano-en-crisis-nueve-desafios-exportaciones-importaciones-EJ24789386&amp;sessionId=1176f1d3bbe4e20026ebc155c7a57c2e4b3e9550&amp;siteScreenName=ElColombiano&amp;theme=light&amp;widgetsVersion=2615f7e52b7e0%3A1702314776716&amp;width=550px\" frameborder=\"0\" scrolling=\"no\" allowfullscreen=\"allowfullscreen\" data-gtm-yt-inspected-156=\"true\" data-gtm-yt-inspected-164=\"true\" data-tweet-id=\"1801263541690732723\" data-mce-fragment=\"1\"><\/iframe><\/div>\n<\/div>\n<\/div>\n<div class=\"paragraph\">\n<p>Adem\u00e1s, la presidenta de AmCham insisti\u00f3 en que no est\u00e1 clara la capacidad de las autoridades aduaneras para manejar el volumen de informaci\u00f3n de las declaraciones anticipadas, lo que p<b>odr\u00eda causar congestiones en puertos y aeropuertos, afectando el flujo de importaciones, que son mayoritariamente insumos para la industria nacional.<\/b>\u00a0\u201cEstos retrasos se traducir\u00edan en costos adicionales para las empresas y, en \u00faltima instancia, para los consumidores\u201d.<\/p>\n<p>Lea tambi\u00e9n:\u00a0Colapsar\u00edan puertos y aeropuertos por falta de claridad en la entrada del nuevo Estatuto Aduanero de \u2018Mr Taxes\u2019<\/p>\n<p><b>3) Consecuencias de la ca\u00edda del Syga (Sistema de Informaci\u00f3n y Gesti\u00f3n Aduanera)<\/b><\/p>\n<p>Esto fue una contingencia que vivieron los empresarios a finales del a\u00f1o pasado y que dur\u00f3 varias semanas. Si bien se han solucionado esos problemas puntuales, D\u00edaz argument\u00f3 que\u00a0<b>no ven la modernizaci\u00f3n, ni un sistema electr\u00f3nico estable, para poner en la pr\u00e1ctica el Decreto 659 del nuevo estatuto.<\/b>\u00a0\u201cSe ha hablado mucho de octubre, pero hay un trabajo inmenso por hacer en el tema inform\u00e1tico para llegar a esa fecha\u201d.<\/p>\n<p>Cualquier demora en los procesos log\u00edsticos afecta directamente la industria. Por eso, Lacouture dijo que\u00a0<b>la ca\u00edda de sistemas genera retrasos, aumentando los tiempos y perjudicando la competitividad empresarial. \u201c<\/b>En la actual coyuntura econ\u00f3mica, es crucial que la Dian disponga de todas las herramientas necesarias para que su gesti\u00f3n sea eficiente y contribuya a la competitividad del pa\u00eds\u201d.<\/p>\n<\/div>\n<div class=\"Infografico art_24789386\">\n<div class=\"title-infografia\"><\/div>\n<div><img loading=\"lazy\" decoding=\"async\" title=\"Infogr\u00c3\u00a1fico\" src=\"https:\/\/estaticos.elcolombiano.com\/binrepository\/779x1450\/0c0\/0d0\/none\/11101\/GDHN\/info-exportaciones-may-2024-45234195_45359794_20240615180149.jpg\" sizes=\"auto, (min-width: 801px) 900px,(min-width: 701px) 800px,(min-width: 601px) 700px,(min-width: 501px) 600px,(min-width: 401px) 500px,(min-width: 301px) 400px,(min-width: 1px) 300px\" srcset=\"\/\/estaticos.elcolombiano.com\/binrepository\/779x1450\/0c0\/0d0\/none\/11101\/GDHN\/info-exportaciones-may-2024-45234195_45359794_20240615180149.jpg 779w,\/\/estaticos.elcolombiano.com\/binrepository\/649x1208\/0c0\/0d0\/none\/11101\/GDHU\/info-exportaciones-may-2024-45234195_45359794_20240615180149.jpg 649w,\/\/estaticos.elcolombiano.com\/binrepository\/519x967\/0c0\/0d0\/none\/11101\/GDHE\/info-exportaciones-may-2024-45234195_45359794_20240615180149.jpg 519w,\/\/estaticos.elcolombiano.com\/binrepository\/390x725\/0c0\/0d0\/none\/11101\/GDHL\/info-exportaciones-may-2024-45234195_45359794_20240615180149.jpg 390w,\/\/estaticos.elcolombiano.com\/binrepository\/300x558\/0c0\/0d0\/none\/11101\/GDHK\/info-exportaciones-may-2024-45234195_45359794_20240615180149.jpg 300w\" alt=\"Infogr\u00c3\u00a1fico\" width=\"779\" height=\"1450\" \/><\/div>\n<\/div>\n<div class=\"paragraph\">\n<p><b>4) Contracci\u00f3n de exportaciones en los primeros meses del a\u00f1o<\/b><\/p>\n<p>Las cifras m\u00e1s recientes, que son de enero a abril de 2024, muestran una ca\u00edda de 2,9%, seg\u00fan el Dane. Sin embargo,\u00a0<b>solo en abril hubo un repunte de 17,9%, con cifras muy positivas en las exportaciones de agro y de manufacturas.<\/b><\/p>\n<p>A pesar de la disminuci\u00f3n en las exportaciones de productos minero-energ\u00e9ticos hasta abril,\u00a0<b>Estados Unidos se mantiene como el principal socio comercial de Colombia.<\/b>\u00a0La presidenta de AmCham indic\u00f3 que las exportaciones no minero-energ\u00e9ticas a este pa\u00eds aumentaron un 4% en los primeros cuatro meses del a\u00f1o, impulsadas por el sector agr\u00edcola. Desde AmCham Colombia,\u00a0<b>han identificado que el sector agroindustrial podr\u00eda aumentar sus exportaciones a Estados Unidos en un 250% para 2027.<\/b><\/p>\n<p>\u201cEsperamos que esta senda de recuperaci\u00f3n siga su curso y que el segundo semestre tenga un buen desarrollo, con\u00a0<b>el fin de superar por lo menos la barrera de los 50.000 millones de d\u00f3lares<\/b>\u201d.<\/p>\n<p><b>5) Lentitud en el proyecto de dragado del puerto de Buenaventura<\/b><\/p>\n<p>El presidente de Analdex consider\u00f3 que\u00a0<b>el proceso ha sido muy lento y las necesidades en materia de competitividad de la principal zona portuaria del Pac\u00edfico no dan espera.<\/b>\u00a0Al momento, se contin\u00faa en revisi\u00f3n y complementos de estudios. Incluso, el Ministerio de Interior ya ha certificado 7 consultas previas en un contrato de estructuraci\u00f3n t\u00e9cnica que firm\u00f3 Inv\u00edas. Para diciembre de 2024, deben estar terminados estructuraci\u00f3n t\u00e9cnica y contar con el licenciamiento ambiental.<\/p>\n<p>\u201cNo obstante,\u00a0<b>ya est\u00e1n desfasados los tiempos pues, en ocasiones anteriores el Ministerio de Transporte e Inv\u00edas aseguraron que, finalizando 2024, el proyecto saldr\u00eda a licitaci\u00f3n, para iniciar obras en el segundo semestre de 2025<\/b>\u00a0y contar con un canal de acceso a profundidad de 16 metros finalizado el primer semestre de 2027\u201d.<\/p>\n<p>D\u00edaz explic\u00f3 que\u00a0<b>el pa\u00eds pierde mucho frente a sus competidores en la regi\u00f3n y el Gobierno Nacional no est\u00e1 prestando atenci\u00f3n a un tema tan sensible, pues por Buenaventura se mueve el 35% del comercio exterior<\/b>\u00a0y se ha consolidado en los \u00faltimos a\u00f1os como la puerta del comercio de mercanc\u00edas y materias primas diferente a miner\u00eda, petr\u00f3leo y sus derivados, adem\u00e1s de ser una zona con vocaci\u00f3n log\u00edstica, pudiendo dinamizar actividades que generan empleo y aportan a la econom\u00eda regional del suroccidente del pa\u00eds.<\/p>\n<\/div>\n<div class=\"art-twitter\">\n<div class=\"twitter-content\">\n<div class=\"twitter-tweet twitter-tweet-rendered\"><iframe id=\"twitter-widget-4\" class=\"\" title=\"X Post\" src=\"https:\/\/platform.twitter.com\/embed\/Tweet.html?creatorScreenName=ElColombiano&amp;dnt=false&amp;embedId=twitter-widget-4&amp;features=eyJ0ZndfdGltZWxpbmVfbGlzdCI6eyJidWNrZXQiOltdLCJ2ZXJzaW9uIjpudWxsfSwidGZ3X2ZvbGxvd2VyX2NvdW50X3N1bnNldCI6eyJidWNrZXQiOnRydWUsInZlcnNpb24iOm51bGx9LCJ0ZndfdHdlZXRfZWRpdF9iYWNrZW5kIjp7ImJ1Y2tldCI6Im9uIiwidmVyc2lvbiI6bnVsbH0sInRmd19yZWZzcmNfc2Vzc2lvbiI6eyJidWNrZXQiOiJvbiIsInZlcnNpb24iOm51bGx9LCJ0ZndfZm9zbnJfc29mdF9pbnRlcnZlbnRpb25zX2VuYWJsZWQiOnsiYnVja2V0Ijoib24iLCJ2ZXJzaW9uIjpudWxsfSwidGZ3X21peGVkX21lZGlhXzE1ODk3Ijp7ImJ1Y2tldCI6InRyZWF0bWVudCIsInZlcnNpb24iOm51bGx9LCJ0ZndfZXhwZXJpbWVudHNfY29va2llX2V4cGlyYXRpb24iOnsiYnVja2V0IjoxMjA5NjAwLCJ2ZXJzaW9uIjpudWxsfSwidGZ3X3Nob3dfYmlyZHdhdGNoX3Bpdm90c19lbmFibGVkIjp7ImJ1Y2tldCI6Im9uIiwidmVyc2lvbiI6bnVsbH0sInRmd19kdXBsaWNhdGVfc2NyaWJlc190b19zZXR0aW5ncyI6eyJidWNrZXQiOiJvbiIsInZlcnNpb24iOm51bGx9LCJ0ZndfdXNlX3Byb2ZpbGVfaW1hZ2Vfc2hhcGVfZW5hYmxlZCI6eyJidWNrZXQiOiJvbiIsInZlcnNpb24iOm51bGx9LCJ0ZndfdmlkZW9faGxzX2R5bmFtaWNfbWFuaWZlc3RzXzE1MDgyIjp7ImJ1Y2tldCI6InRydWVfYml0cmF0ZSIsInZlcnNpb24iOm51bGx9LCJ0ZndfbGVnYWN5X3RpbWVsaW5lX3N1bnNldCI6eyJidWNrZXQiOnRydWUsInZlcnNpb24iOm51bGx9LCJ0ZndfdHdlZXRfZWRpdF9mcm9udGVuZCI6eyJidWNrZXQiOiJvbiIsInZlcnNpb24iOm51bGx9fQ%3D%3D&amp;frame=false&amp;hideCard=false&amp;hideThread=false&amp;id=1794003947151143182&amp;lang=es&amp;origin=https%3A%2F%2Fwww.elcolombiano.com%2Fnegocios%2Fcomercio-exterior-colombiano-en-crisis-nueve-desafios-exportaciones-importaciones-EJ24789386&amp;sessionId=1176f1d3bbe4e20026ebc155c7a57c2e4b3e9550&amp;siteScreenName=ElColombiano&amp;theme=light&amp;widgetsVersion=2615f7e52b7e0%3A1702314776716&amp;width=550px\" frameborder=\"0\" scrolling=\"no\" allowfullscreen=\"allowfullscreen\" data-gtm-yt-inspected-156=\"true\" data-gtm-yt-inspected-164=\"true\" data-tweet-id=\"1794003947151143182\" data-mce-fragment=\"1\"><\/iframe><\/div>\n<\/div>\n<\/div>\n<div class=\"paragraph\">\n<p>&nbsp;<\/p>\n<p><b>6) Agro y manufacturas descienden en importaciones<\/b><\/p>\n<p><b>La reducci\u00f3n de importaciones en un 11,6% entre enero y marzo de este a\u00f1o<\/b>, debido principalmente a menores compras de manufacturas, maquinaria y equipo de transporte, as\u00ed como productos agropecuarios,\u00a0<b>indican una preocupante tendencia de desaceleraci\u00f3n econ\u00f3mica.<\/b><\/p>\n<p>Para Lacouture,\u00a0<b>esta reducci\u00f3n en la demanda de insumos evidencia un sector productivo debilitado y menor capacidad adquisitiva de empresas y ciudadanos.\u00a0<\/b>A medida que la econom\u00eda se reactive y las tasas de inter\u00e9s del Banco de la Rep\u00fablica disminuyan,<b>\u00a0se facilitar\u00e1 la adquisici\u00f3n de estos bienes, esenciales para la industria nacional.<\/b><\/p>\n<\/div>\n<div class=\"art-twitter\">\n<div class=\"twitter-content\">\n<div class=\"twitter-tweet twitter-tweet-rendered\"><iframe id=\"twitter-widget-5\" class=\"\" title=\"X Post\" src=\"https:\/\/platform.twitter.com\/embed\/Tweet.html?creatorScreenName=ElColombiano&amp;dnt=false&amp;embedId=twitter-widget-5&amp;features=eyJ0ZndfdGltZWxpbmVfbGlzdCI6eyJidWNrZXQiOltdLCJ2ZXJzaW9uIjpudWxsfSwidGZ3X2ZvbGxvd2VyX2NvdW50X3N1bnNldCI6eyJidWNrZXQiOnRydWUsInZlcnNpb24iOm51bGx9LCJ0ZndfdHdlZXRfZWRpdF9iYWNrZW5kIjp7ImJ1Y2tldCI6Im9uIiwidmVyc2lvbiI6bnVsbH0sInRmd19yZWZzcmNfc2Vzc2lvbiI6eyJidWNrZXQiOiJvbiIsInZlcnNpb24iOm51bGx9LCJ0ZndfZm9zbnJfc29mdF9pbnRlcnZlbnRpb25zX2VuYWJsZWQiOnsiYnVja2V0Ijoib24iLCJ2ZXJzaW9uIjpudWxsfSwidGZ3X21peGVkX21lZGlhXzE1ODk3Ijp7ImJ1Y2tldCI6InRyZWF0bWVudCIsInZlcnNpb24iOm51bGx9LCJ0ZndfZXhwZXJpbWVudHNfY29va2llX2V4cGlyYXRpb24iOnsiYnVja2V0IjoxMjA5NjAwLCJ2ZXJzaW9uIjpudWxsfSwidGZ3X3Nob3dfYmlyZHdhdGNoX3Bpdm90c19lbmFibGVkIjp7ImJ1Y2tldCI6Im9uIiwidmVyc2lvbiI6bnVsbH0sInRmd19kdXBsaWNhdGVfc2NyaWJlc190b19zZXR0aW5ncyI6eyJidWNrZXQiOiJvbiIsInZlcnNpb24iOm51bGx9LCJ0ZndfdXNlX3Byb2ZpbGVfaW1hZ2Vfc2hhcGVfZW5hYmxlZCI6eyJidWNrZXQiOiJvbiIsInZlcnNpb24iOm51bGx9LCJ0ZndfdmlkZW9faGxzX2R5bmFtaWNfbWFuaWZlc3RzXzE1MDgyIjp7ImJ1Y2tldCI6InRydWVfYml0cmF0ZSIsInZlcnNpb24iOm51bGx9LCJ0ZndfbGVnYWN5X3RpbWVsaW5lX3N1bnNldCI6eyJidWNrZXQiOnRydWUsInZlcnNpb24iOm51bGx9LCJ0ZndfdHdlZXRfZWRpdF9mcm9udGVuZCI6eyJidWNrZXQiOiJvbiIsInZlcnNpb24iOm51bGx9fQ%3D%3D&amp;frame=false&amp;hideCard=false&amp;hideThread=false&amp;id=1787904452105482475&amp;lang=es&amp;origin=https%3A%2F%2Fwww.elcolombiano.com%2Fnegocios%2Fcomercio-exterior-colombiano-en-crisis-nueve-desafios-exportaciones-importaciones-EJ24789386&amp;sessionId=1176f1d3bbe4e20026ebc155c7a57c2e4b3e9550&amp;siteScreenName=ElColombiano&amp;theme=light&amp;widgetsVersion=2615f7e52b7e0%3A1702314776716&amp;width=550px\" frameborder=\"0\" scrolling=\"no\" allowfullscreen=\"allowfullscreen\" data-gtm-yt-inspected-156=\"true\" data-gtm-yt-inspected-164=\"true\" data-tweet-id=\"1787904452105482475\" data-mce-fragment=\"1\"><\/iframe><\/div>\n<\/div>\n<\/div>\n<div class=\"paragraph\">\n<p>\u201cEs importante resaltar que aunque esta situaci\u00f3n no es exclusiva de Colombia, el pa\u00eds puede mitigar sus efectos con una hoja de ruta de reactivaci\u00f3n inmediata. Activar sectores clave y fomentar el empleo de inmediato es esencial.\u00a0<b>Fortalecer el sector empresarial generar\u00e1 confianza, impulsar\u00e1 los ingresos fiscales y mejorar\u00e1 los salarios, beneficiando a toda la sociedad\u201d<\/b>, enfatiz\u00f3 la presidenta de AmCham.<\/p>\n<p>A rengl\u00f3n seguido D\u00edaz insisti\u00f3 en que\u00a0<b>esto va en l\u00ednea con la desaceleraci\u00f3n econ\u00f3mica general que ha tenido el pa\u00eds. Al consumir menos, se hacen menos compras en el exterior.<\/b> \u201cDe ah\u00ed el pedido que hemos hecho varios gremios para tener un plan de choque y de reactivaci\u00f3n, que permita que el consumo retome un impulso mayor\u201d.<\/p>\n<p><b>7) Altos costos log\u00edsticos<\/b><\/p>\n<p>Analdex precis\u00f3 que e<b>l precio de los fletes ha tenido alzas en las \u00faltimas semanas, debido a factores internacionales<\/b>\u00a0como lo que sucede en el Mar Rojo, la guerra entre Israel y Ham\u00e1s, problemas en algunos puertos chinos, junto con la sequ\u00eda en el Canal de Panam\u00e1.\u00a0<b>A nivel interno, los costos siguen altos en transporte.<\/b>\u00a0\u201cEs clave avanzar en el intermodalismo con inversiones en el sector f\u00e9rreo y fluvial\u201d.<\/p>\n<p>Seg\u00fan la Encuesta Nacional de Log\u00edstica del Departamento Nacional de Planeaci\u00f3n (DNP),\u00a0<b>el promedio del costo log\u00edstico sobre las ventas se ha elevado al 17,9%.<\/b>\u00a0Esto representa un obst\u00e1culo para la competitividad del pa\u00eds en el mercado internacional.<b>\u00a0Analdex advirti\u00f3 que Colombia deber\u00eda estar en un 9,5%, pero est\u00e1 en casi 18%.<\/b>\u00a0\u201cReducir estos costos es un desaf\u00edo crucial para mejorar la eficiencia log\u00edstica y la competitividad en el comercio exterior colombiano\u201d.<\/p>\n<p><b>8) Fuerte volatilidad del d\u00f3lar<\/b><\/p>\n<p>Los movimientos del d\u00f3lar recientes se deben a diferentes variables externas que por viento de cola llegan a Colombia, sumado a la incertidumbre que se mantiene en el pa\u00eds. Lacouture aclar\u00f3 que dentro de las causas principales est\u00e1\u00a0<b>la decisi\u00f3n de la Reserva Federal (Fed) para frenar la reducci\u00f3n de las tasas de inter\u00e9s y contener la alta inflaci\u00f3n en Estados Unidos.<\/b><\/p>\n<p>As\u00ed como las decisiones recientes del presidente de M\u00e9xico sobre la constituci\u00f3n y estabilidad jur\u00eddica, y tambi\u00e9n se puede decir que una correcci\u00f3n de un exceso de apreciaci\u00f3n. \u201cEste contexto resalta la importancia de\u00a0<b>enviar mensajes claros de responsabilidad fiscal, ajustando las expectativas a la realidad econ\u00f3mica del pa\u00eds<\/b>\u201d.<\/p>\n<\/div>\n<div class=\"art-twitter\">\n<div class=\"twitter-content\">\n<div class=\"twitter-tweet twitter-tweet-rendered\"><iframe id=\"twitter-widget-6\" class=\"\" title=\"X Post\" src=\"https:\/\/platform.twitter.com\/embed\/Tweet.html?creatorScreenName=ElColombiano&amp;dnt=false&amp;embedId=twitter-widget-6&amp;features=eyJ0ZndfdGltZWxpbmVfbGlzdCI6eyJidWNrZXQiOltdLCJ2ZXJzaW9uIjpudWxsfSwidGZ3X2ZvbGxvd2VyX2NvdW50X3N1bnNldCI6eyJidWNrZXQiOnRydWUsInZlcnNpb24iOm51bGx9LCJ0ZndfdHdlZXRfZWRpdF9iYWNrZW5kIjp7ImJ1Y2tldCI6Im9uIiwidmVyc2lvbiI6bnVsbH0sInRmd19yZWZzcmNfc2Vzc2lvbiI6eyJidWNrZXQiOiJvbiIsInZlcnNpb24iOm51bGx9LCJ0ZndfZm9zbnJfc29mdF9pbnRlcnZlbnRpb25zX2VuYWJsZWQiOnsiYnVja2V0Ijoib24iLCJ2ZXJzaW9uIjpudWxsfSwidGZ3X21peGVkX21lZGlhXzE1ODk3Ijp7ImJ1Y2tldCI6InRyZWF0bWVudCIsInZlcnNpb24iOm51bGx9LCJ0ZndfZXhwZXJpbWVudHNfY29va2llX2V4cGlyYXRpb24iOnsiYnVja2V0IjoxMjA5NjAwLCJ2ZXJzaW9uIjpudWxsfSwidGZ3X3Nob3dfYmlyZHdhdGNoX3Bpdm90c19lbmFibGVkIjp7ImJ1Y2tldCI6Im9uIiwidmVyc2lvbiI6bnVsbH0sInRmd19kdXBsaWNhdGVfc2NyaWJlc190b19zZXR0aW5ncyI6eyJidWNrZXQiOiJvbiIsInZlcnNpb24iOm51bGx9LCJ0ZndfdXNlX3Byb2ZpbGVfaW1hZ2Vfc2hhcGVfZW5hYmxlZCI6eyJidWNrZXQiOiJvbiIsInZlcnNpb24iOm51bGx9LCJ0ZndfdmlkZW9faGxzX2R5bmFtaWNfbWFuaWZlc3RzXzE1MDgyIjp7ImJ1Y2tldCI6InRydWVfYml0cmF0ZSIsInZlcnNpb24iOm51bGx9LCJ0ZndfbGVnYWN5X3RpbWVsaW5lX3N1bnNldCI6eyJidWNrZXQiOnRydWUsInZlcnNpb24iOm51bGx9LCJ0ZndfdHdlZXRfZWRpdF9mcm9udGVuZCI6eyJidWNrZXQiOiJvbiIsInZlcnNpb24iOm51bGx9fQ%3D%3D&amp;frame=false&amp;hideCard=false&amp;hideThread=false&amp;id=1801998245809275171&amp;lang=es&amp;origin=https%3A%2F%2Fwww.elcolombiano.com%2Fnegocios%2Fcomercio-exterior-colombiano-en-crisis-nueve-desafios-exportaciones-importaciones-EJ24789386&amp;sessionId=1176f1d3bbe4e20026ebc155c7a57c2e4b3e9550&amp;siteScreenName=ElColombiano&amp;theme=light&amp;widgetsVersion=2615f7e52b7e0%3A1702314776716&amp;width=550px\" frameborder=\"0\" scrolling=\"no\" allowfullscreen=\"allowfullscreen\" data-gtm-yt-inspected-156=\"true\" data-gtm-yt-inspected-164=\"true\" data-tweet-id=\"1801998245809275171\" data-mce-fragment=\"1\"><\/iframe><\/div>\n<\/div>\n<\/div>\n<div class=\"paragraph\">\n<p>Por lo tanto, la ca\u00edda en la inflaci\u00f3n en Estados Unidos y el posible recorte de tasas de la Reserva Federal han hecho que\u00a0<b>las econom\u00edas emergentes sean las que sientan m\u00e1s la devaluaci\u00f3n, como Colombia en este momento<\/b>. \u201cLos analistas prev\u00e9n un d\u00f3lar sobre la barrera de los $4.000 para los pr\u00f3ximos meses eso impactar\u00e1 el comercio exterior\u201d.<\/p>\n<p><b>9) Constantes confrontaciones diplom\u00e1ticas entre Colombia y otros pa\u00edses.<\/b><\/p>\n<p>El presidente de Analdex espera que esas tensiones diplom\u00e1ticas no afecten mucho m\u00e1s lo comercial, que muchas veces est\u00e1 blindado por la OMC y los congresos de los pa\u00edses que han firmado un tratado de libre comercio. \u201c<b>Debemos generar un clima propicio con nuestros principales socios comerciales<\/b>, en aras de traer desarrollo para las distintas regiones del pa\u00eds\u201d.<\/p>\n<p>Hay relaciones tensas con Israel, Argentina, Nicaragua, El Salvador y Per\u00fa.<\/p>\n<p>Finalmente, Lacouture explic\u00f3 que Colombia se ha caracterizado por mantener buenas relaciones internacionales y debe continuar as\u00ed.\u00a0<b>Las diferencias de criterio, normales en el contexto global, deben manejarse a trav\u00e9s de los canales diplom\u00e1ticos adecuados<\/b>, \u201csiempre priorizando el bien com\u00fan de los pueblos sobre las posiciones ideol\u00f3gicas temporales\u201d.<\/p>\n<\/div>\n<p>FUENTE: https:\/\/www.elcolombiano.com\/negocios\/empresas\/ecopetrol-liquida-filial-de-energia-electrica-creada-hace-seis-anos-GA25617098<\/p>\n<\/div>\n<\/div>\n<\/div>\n<\/div>\n","protected":false},"excerpt":{"rendered":"<p>El comercio exterior colombiano enfrenta un panorama desafiante debido a la alta volatilidad del d\u00f3lar, nuevas regulaciones, tensas relaciones diplom\u00e1ticas, la desaceleraci\u00f3n econ\u00f3mica de socios comerciales y la dependencia de las exportaciones de hidrocarburos. Las exportaciones colombianas han disminuido en los \u00faltimos a\u00f1os, principalmente debido a la ca\u00edda de los precios del carb\u00f3n y otros [&hellip;]<\/p>\n","protected":false},"author":52,"featured_media":12528,"comment_status":"closed","ping_status":"closed","sticky":false,"template":"","format":"standard","meta":{"_uag_custom_page_level_css":"","footnotes":""},"categories":[1],"tags":[],"class_list":["post-12527","post","type-post","status-publish","format-standard","has-post-thumbnail","hentry","category-sin-categoria"],"yoast_head":"<!-- This site is optimized with the Yoast SEO plugin v26.8 - https:\/\/yoast.com\/product\/yoast-seo-wordpress\/ -->\n<title>Estas son las nueve tormentas que azotan al comercio exterior colombiano en medio de un panorama turbulento | Marketing Zone Icesi<\/title>\n<meta name=\"robots\" content=\"index, follow, max-snippet:-1, max-image-preview:large, max-video-preview:-1\" \/>\n<link rel=\"canonical\" href=\"https:\/\/www.icesi.edu.co\/marketingzone\/estas-son-las-nueve-tormentas-que-azotan-al-comercio-exterior-colombiano-en-medio-de-un-panorama-turbulento\/\" \/>\n<meta property=\"og:locale\" content=\"es_ES\" \/>\n<meta property=\"og:type\" content=\"article\" \/>\n<meta property=\"og:title\" content=\"Estas son las nueve tormentas que azotan al comercio exterior colombiano en medio de un panorama turbulento | Marketing Zone Icesi\" \/>\n<meta property=\"og:description\" content=\"El comercio exterior colombiano enfrenta un panorama desafiante debido a la alta volatilidad del d\u00f3lar, nuevas regulaciones, tensas relaciones diplom\u00e1ticas, la desaceleraci\u00f3n econ\u00f3mica de socios comerciales y la dependencia de las exportaciones de hidrocarburos. Las exportaciones colombianas han disminuido en los \u00faltimos a\u00f1os, principalmente debido a la ca\u00edda de los precios del carb\u00f3n y otros [&hellip;]\" \/>\n<meta property=\"og:url\" content=\"https:\/\/www.icesi.edu.co\/marketingzone\/estas-son-las-nueve-tormentas-que-azotan-al-comercio-exterior-colombiano-en-medio-de-un-panorama-turbulento\/\" \/>\n<meta property=\"og:site_name\" content=\"Marketing Zone Icesi\" \/>\n<meta property=\"article:publisher\" content=\"https:\/\/www.facebook.com\/Marketingzoneicesi\/\" \/>\n<meta property=\"article:published_time\" content=\"2024-10-15T15:51:24+00:00\" \/>\n<meta property=\"og:image\" content=\"https:\/\/www.icesi.edu.co\/marketingzone\/wp-content\/uploads\/2024\/10\/WhatsApp-Image-2024-10-15-at-10.02.44-AM.jpeg\" \/>\n\t<meta property=\"og:image:width\" content=\"1600\" \/>\n\t<meta property=\"og:image:height\" content=\"1000\" \/>\n\t<meta property=\"og:image:type\" content=\"image\/jpeg\" \/>\n<meta name=\"author\" content=\"Marketing Zone Icesi\" \/>\n<meta name=\"twitter:card\" content=\"summary_large_image\" \/>\n<meta name=\"twitter:creator\" content=\"@MarketingZIcesi\" \/>\n<meta name=\"twitter:site\" content=\"@MarketingZIcesi\" \/>\n<meta name=\"twitter:label1\" content=\"Escrito por\" \/>\n\t<meta name=\"twitter:data1\" content=\"Marketing Zone Icesi\" \/>\n\t<meta name=\"twitter:label2\" content=\"Tiempo de lectura\" \/>\n\t<meta name=\"twitter:data2\" content=\"18 minutos\" \/>\n<script type=\"application\/ld+json\" class=\"yoast-schema-graph\">{\"@context\":\"https:\/\/schema.org\",\"@graph\":[{\"@type\":\"Article\",\"@id\":\"https:\/\/www.icesi.edu.co\/marketingzone\/estas-son-las-nueve-tormentas-que-azotan-al-comercio-exterior-colombiano-en-medio-de-un-panorama-turbulento\/#article\",\"isPartOf\":{\"@id\":\"https:\/\/www.icesi.edu.co\/marketingzone\/estas-son-las-nueve-tormentas-que-azotan-al-comercio-exterior-colombiano-en-medio-de-un-panorama-turbulento\/\"},\"author\":{\"name\":\"Marketing Zone Icesi\",\"@id\":\"https:\/\/www.icesi.edu.co\/marketingzone\/#\/schema\/person\/59460cf35beca1a3a7aaa4536753e6c3\"},\"headline\":\"Estas son las nueve tormentas que azotan al comercio exterior colombiano en medio de un panorama turbulento\",\"datePublished\":\"2024-10-15T15:51:24+00:00\",\"mainEntityOfPage\":{\"@id\":\"https:\/\/www.icesi.edu.co\/marketingzone\/estas-son-las-nueve-tormentas-que-azotan-al-comercio-exterior-colombiano-en-medio-de-un-panorama-turbulento\/\"},\"wordCount\":3902,\"image\":{\"@id\":\"https:\/\/www.icesi.edu.co\/marketingzone\/estas-son-las-nueve-tormentas-que-azotan-al-comercio-exterior-colombiano-en-medio-de-un-panorama-turbulento\/#primaryimage\"},\"thumbnailUrl\":\"https:\/\/www.icesi.edu.co\/marketingzone\/wp-content\/uploads\/2024\/10\/WhatsApp-Image-2024-10-15-at-10.02.44-AM.jpeg\",\"inLanguage\":\"es\"},{\"@type\":\"WebPage\",\"@id\":\"https:\/\/www.icesi.edu.co\/marketingzone\/estas-son-las-nueve-tormentas-que-azotan-al-comercio-exterior-colombiano-en-medio-de-un-panorama-turbulento\/\",\"url\":\"https:\/\/www.icesi.edu.co\/marketingzone\/estas-son-las-nueve-tormentas-que-azotan-al-comercio-exterior-colombiano-en-medio-de-un-panorama-turbulento\/\",\"name\":\"Estas son las nueve tormentas que azotan al comercio exterior colombiano en medio de un panorama turbulento | Marketing Zone Icesi\",\"isPartOf\":{\"@id\":\"https:\/\/www.icesi.edu.co\/marketingzone\/#website\"},\"primaryImageOfPage\":{\"@id\":\"https:\/\/www.icesi.edu.co\/marketingzone\/estas-son-las-nueve-tormentas-que-azotan-al-comercio-exterior-colombiano-en-medio-de-un-panorama-turbulento\/#primaryimage\"},\"image\":{\"@id\":\"https:\/\/www.icesi.edu.co\/marketingzone\/estas-son-las-nueve-tormentas-que-azotan-al-comercio-exterior-colombiano-en-medio-de-un-panorama-turbulento\/#primaryimage\"},\"thumbnailUrl\":\"https:\/\/www.icesi.edu.co\/marketingzone\/wp-content\/uploads\/2024\/10\/WhatsApp-Image-2024-10-15-at-10.02.44-AM.jpeg\",\"datePublished\":\"2024-10-15T15:51:24+00:00\",\"author\":{\"@id\":\"https:\/\/www.icesi.edu.co\/marketingzone\/#\/schema\/person\/59460cf35beca1a3a7aaa4536753e6c3\"},\"breadcrumb\":{\"@id\":\"https:\/\/www.icesi.edu.co\/marketingzone\/estas-son-las-nueve-tormentas-que-azotan-al-comercio-exterior-colombiano-en-medio-de-un-panorama-turbulento\/#breadcrumb\"},\"inLanguage\":\"es\",\"potentialAction\":[{\"@type\":\"ReadAction\",\"target\":[\"https:\/\/www.icesi.edu.co\/marketingzone\/estas-son-las-nueve-tormentas-que-azotan-al-comercio-exterior-colombiano-en-medio-de-un-panorama-turbulento\/\"]}]},{\"@type\":\"ImageObject\",\"inLanguage\":\"es\",\"@id\":\"https:\/\/www.icesi.edu.co\/marketingzone\/estas-son-las-nueve-tormentas-que-azotan-al-comercio-exterior-colombiano-en-medio-de-un-panorama-turbulento\/#primaryimage\",\"url\":\"https:\/\/www.icesi.edu.co\/marketingzone\/wp-content\/uploads\/2024\/10\/WhatsApp-Image-2024-10-15-at-10.02.44-AM.jpeg\",\"contentUrl\":\"https:\/\/www.icesi.edu.co\/marketingzone\/wp-content\/uploads\/2024\/10\/WhatsApp-Image-2024-10-15-at-10.02.44-AM.jpeg\",\"width\":1600,\"height\":1000},{\"@type\":\"BreadcrumbList\",\"@id\":\"https:\/\/www.icesi.edu.co\/marketingzone\/estas-son-las-nueve-tormentas-que-azotan-al-comercio-exterior-colombiano-en-medio-de-un-panorama-turbulento\/#breadcrumb\",\"itemListElement\":[{\"@type\":\"ListItem\",\"position\":1,\"name\":\"Portada\",\"item\":\"https:\/\/www.icesi.edu.co\/marketingzone\/\"},{\"@type\":\"ListItem\",\"position\":2,\"name\":\"Estas son las nueve tormentas que azotan al comercio exterior colombiano en medio de un panorama turbulento\"}]},{\"@type\":\"WebSite\",\"@id\":\"https:\/\/www.icesi.edu.co\/marketingzone\/#website\",\"url\":\"https:\/\/www.icesi.edu.co\/marketingzone\/\",\"name\":\"Marketing Zone - Universidad Icesi\",\"description\":\"\",\"potentialAction\":[{\"@type\":\"SearchAction\",\"target\":{\"@type\":\"EntryPoint\",\"urlTemplate\":\"https:\/\/www.icesi.edu.co\/marketingzone\/?s={search_term_string}\"},\"query-input\":{\"@type\":\"PropertyValueSpecification\",\"valueRequired\":true,\"valueName\":\"search_term_string\"}}],\"inLanguage\":\"es\"},{\"@type\":\"Person\",\"@id\":\"https:\/\/www.icesi.edu.co\/marketingzone\/#\/schema\/person\/59460cf35beca1a3a7aaa4536753e6c3\",\"name\":\"Marketing Zone Icesi\",\"image\":{\"@type\":\"ImageObject\",\"inLanguage\":\"es\",\"@id\":\"https:\/\/www.icesi.edu.co\/marketingzone\/#\/schema\/person\/image\/\",\"url\":\"https:\/\/secure.gravatar.com\/avatar\/9ca4eb2673bf04f9a460bcec8c7c57f36f3f176c237aefc7e2f919b089239282?s=96&d=mm&r=g\",\"contentUrl\":\"https:\/\/secure.gravatar.com\/avatar\/9ca4eb2673bf04f9a460bcec8c7c57f36f3f176c237aefc7e2f919b089239282?s=96&d=mm&r=g\",\"caption\":\"Marketing Zone Icesi\"},\"url\":\"https:\/\/www.icesi.edu.co\/marketingzone\/author\/administrator\/\"}]}<\/script>\n<!-- \/ Yoast SEO plugin. -->","yoast_head_json":{"title":"Estas son las nueve tormentas que azotan al comercio exterior colombiano en medio de un panorama turbulento | Marketing Zone Icesi","robots":{"index":"index","follow":"follow","max-snippet":"max-snippet:-1","max-image-preview":"max-image-preview:large","max-video-preview":"max-video-preview:-1"},"canonical":"https:\/\/www.icesi.edu.co\/marketingzone\/estas-son-las-nueve-tormentas-que-azotan-al-comercio-exterior-colombiano-en-medio-de-un-panorama-turbulento\/","og_locale":"es_ES","og_type":"article","og_title":"Estas son las nueve tormentas que azotan al comercio exterior colombiano en medio de un panorama turbulento | Marketing Zone Icesi","og_description":"El comercio exterior colombiano enfrenta un panorama desafiante debido a la alta volatilidad del d\u00f3lar, nuevas regulaciones, tensas relaciones diplom\u00e1ticas, la desaceleraci\u00f3n econ\u00f3mica de socios comerciales y la dependencia de las exportaciones de hidrocarburos. Las exportaciones colombianas han disminuido en los \u00faltimos a\u00f1os, principalmente debido a la ca\u00edda de los precios del carb\u00f3n y otros [&hellip;]","og_url":"https:\/\/www.icesi.edu.co\/marketingzone\/estas-son-las-nueve-tormentas-que-azotan-al-comercio-exterior-colombiano-en-medio-de-un-panorama-turbulento\/","og_site_name":"Marketing Zone Icesi","article_publisher":"https:\/\/www.facebook.com\/Marketingzoneicesi\/","article_published_time":"2024-10-15T15:51:24+00:00","og_image":[{"width":1600,"height":1000,"url":"https:\/\/www.icesi.edu.co\/marketingzone\/wp-content\/uploads\/2024\/10\/WhatsApp-Image-2024-10-15-at-10.02.44-AM.jpeg","type":"image\/jpeg"}],"author":"Marketing Zone Icesi","twitter_card":"summary_large_image","twitter_creator":"@MarketingZIcesi","twitter_site":"@MarketingZIcesi","twitter_misc":{"Escrito por":"Marketing Zone Icesi","Tiempo de lectura":"18 minutos"},"schema":{"@context":"https:\/\/schema.org","@graph":[{"@type":"Article","@id":"https:\/\/www.icesi.edu.co\/marketingzone\/estas-son-las-nueve-tormentas-que-azotan-al-comercio-exterior-colombiano-en-medio-de-un-panorama-turbulento\/#article","isPartOf":{"@id":"https:\/\/www.icesi.edu.co\/marketingzone\/estas-son-las-nueve-tormentas-que-azotan-al-comercio-exterior-colombiano-en-medio-de-un-panorama-turbulento\/"},"author":{"name":"Marketing Zone Icesi","@id":"https:\/\/www.icesi.edu.co\/marketingzone\/#\/schema\/person\/59460cf35beca1a3a7aaa4536753e6c3"},"headline":"Estas son las nueve tormentas que azotan al comercio exterior colombiano en medio de un panorama turbulento","datePublished":"2024-10-15T15:51:24+00:00","mainEntityOfPage":{"@id":"https:\/\/www.icesi.edu.co\/marketingzone\/estas-son-las-nueve-tormentas-que-azotan-al-comercio-exterior-colombiano-en-medio-de-un-panorama-turbulento\/"},"wordCount":3902,"image":{"@id":"https:\/\/www.icesi.edu.co\/marketingzone\/estas-son-las-nueve-tormentas-que-azotan-al-comercio-exterior-colombiano-en-medio-de-un-panorama-turbulento\/#primaryimage"},"thumbnailUrl":"https:\/\/www.icesi.edu.co\/marketingzone\/wp-content\/uploads\/2024\/10\/WhatsApp-Image-2024-10-15-at-10.02.44-AM.jpeg","inLanguage":"es"},{"@type":"WebPage","@id":"https:\/\/www.icesi.edu.co\/marketingzone\/estas-son-las-nueve-tormentas-que-azotan-al-comercio-exterior-colombiano-en-medio-de-un-panorama-turbulento\/","url":"https:\/\/www.icesi.edu.co\/marketingzone\/estas-son-las-nueve-tormentas-que-azotan-al-comercio-exterior-colombiano-en-medio-de-un-panorama-turbulento\/","name":"Estas son las nueve tormentas que azotan al comercio exterior colombiano en medio de un panorama turbulento | Marketing Zone Icesi","isPartOf":{"@id":"https:\/\/www.icesi.edu.co\/marketingzone\/#website"},"primaryImageOfPage":{"@id":"https:\/\/www.icesi.edu.co\/marketingzone\/estas-son-las-nueve-tormentas-que-azotan-al-comercio-exterior-colombiano-en-medio-de-un-panorama-turbulento\/#primaryimage"},"image":{"@id":"https:\/\/www.icesi.edu.co\/marketingzone\/estas-son-las-nueve-tormentas-que-azotan-al-comercio-exterior-colombiano-en-medio-de-un-panorama-turbulento\/#primaryimage"},"thumbnailUrl":"https:\/\/www.icesi.edu.co\/marketingzone\/wp-content\/uploads\/2024\/10\/WhatsApp-Image-2024-10-15-at-10.02.44-AM.jpeg","datePublished":"2024-10-15T15:51:24+00:00","author":{"@id":"https:\/\/www.icesi.edu.co\/marketingzone\/#\/schema\/person\/59460cf35beca1a3a7aaa4536753e6c3"},"breadcrumb":{"@id":"https:\/\/www.icesi.edu.co\/marketingzone\/estas-son-las-nueve-tormentas-que-azotan-al-comercio-exterior-colombiano-en-medio-de-un-panorama-turbulento\/#breadcrumb"},"inLanguage":"es","potentialAction":[{"@type":"ReadAction","target":["https:\/\/www.icesi.edu.co\/marketingzone\/estas-son-las-nueve-tormentas-que-azotan-al-comercio-exterior-colombiano-en-medio-de-un-panorama-turbulento\/"]}]},{"@type":"ImageObject","inLanguage":"es","@id":"https:\/\/www.icesi.edu.co\/marketingzone\/estas-son-las-nueve-tormentas-que-azotan-al-comercio-exterior-colombiano-en-medio-de-un-panorama-turbulento\/#primaryimage","url":"https:\/\/www.icesi.edu.co\/marketingzone\/wp-content\/uploads\/2024\/10\/WhatsApp-Image-2024-10-15-at-10.02.44-AM.jpeg","contentUrl":"https:\/\/www.icesi.edu.co\/marketingzone\/wp-content\/uploads\/2024\/10\/WhatsApp-Image-2024-10-15-at-10.02.44-AM.jpeg","width":1600,"height":1000},{"@type":"BreadcrumbList","@id":"https:\/\/www.icesi.edu.co\/marketingzone\/estas-son-las-nueve-tormentas-que-azotan-al-comercio-exterior-colombiano-en-medio-de-un-panorama-turbulento\/#breadcrumb","itemListElement":[{"@type":"ListItem","position":1,"name":"Portada","item":"https:\/\/www.icesi.edu.co\/marketingzone\/"},{"@type":"ListItem","position":2,"name":"Estas son las nueve tormentas que azotan al comercio exterior colombiano en medio de un panorama turbulento"}]},{"@type":"WebSite","@id":"https:\/\/www.icesi.edu.co\/marketingzone\/#website","url":"https:\/\/www.icesi.edu.co\/marketingzone\/","name":"Marketing Zone - Universidad Icesi","description":"","potentialAction":[{"@type":"SearchAction","target":{"@type":"EntryPoint","urlTemplate":"https:\/\/www.icesi.edu.co\/marketingzone\/?s={search_term_string}"},"query-input":{"@type":"PropertyValueSpecification","valueRequired":true,"valueName":"search_term_string"}}],"inLanguage":"es"},{"@type":"Person","@id":"https:\/\/www.icesi.edu.co\/marketingzone\/#\/schema\/person\/59460cf35beca1a3a7aaa4536753e6c3","name":"Marketing Zone Icesi","image":{"@type":"ImageObject","inLanguage":"es","@id":"https:\/\/www.icesi.edu.co\/marketingzone\/#\/schema\/person\/image\/","url":"https:\/\/secure.gravatar.com\/avatar\/9ca4eb2673bf04f9a460bcec8c7c57f36f3f176c237aefc7e2f919b089239282?s=96&d=mm&r=g","contentUrl":"https:\/\/secure.gravatar.com\/avatar\/9ca4eb2673bf04f9a460bcec8c7c57f36f3f176c237aefc7e2f919b089239282?s=96&d=mm&r=g","caption":"Marketing Zone Icesi"},"url":"https:\/\/www.icesi.edu.co\/marketingzone\/author\/administrator\/"}]}},"uagb_featured_image_src":{"full":["https:\/\/www.icesi.edu.co\/marketingzone\/wp-content\/uploads\/2024\/10\/WhatsApp-Image-2024-10-15-at-10.02.44-AM.jpeg",1600,1000,false],"thumbnail":["https:\/\/www.icesi.edu.co\/marketingzone\/wp-content\/uploads\/2024\/10\/WhatsApp-Image-2024-10-15-at-10.02.44-AM-150x150.jpeg",150,150,true],"medium":["https:\/\/www.icesi.edu.co\/marketingzone\/wp-content\/uploads\/2024\/10\/WhatsApp-Image-2024-10-15-at-10.02.44-AM-300x188.jpeg",300,188,true],"medium_large":["https:\/\/www.icesi.edu.co\/marketingzone\/wp-content\/uploads\/2024\/10\/WhatsApp-Image-2024-10-15-at-10.02.44-AM-768x480.jpeg",640,400,true],"large":["https:\/\/www.icesi.edu.co\/marketingzone\/wp-content\/uploads\/2024\/10\/WhatsApp-Image-2024-10-15-at-10.02.44-AM-1024x640.jpeg",640,400,true],"1536x1536":["https:\/\/www.icesi.edu.co\/marketingzone\/wp-content\/uploads\/2024\/10\/WhatsApp-Image-2024-10-15-at-10.02.44-AM-1536x960.jpeg",1536,960,true],"2048x2048":["https:\/\/www.icesi.edu.co\/marketingzone\/wp-content\/uploads\/2024\/10\/WhatsApp-Image-2024-10-15-at-10.02.44-AM.jpeg",1600,1000,false]},"uagb_author_info":{"display_name":"Marketing Zone Icesi","author_link":"https:\/\/www.icesi.edu.co\/marketingzone\/author\/administrator\/"},"uagb_comment_info":0,"uagb_excerpt":"El comercio exterior colombiano enfrenta un panorama desafiante debido a la alta volatilidad del d\u00f3lar, nuevas regulaciones, tensas relaciones diplom\u00e1ticas, la desaceleraci\u00f3n econ\u00f3mica de socios comerciales y la dependencia de las exportaciones de hidrocarburos. Las exportaciones colombianas han disminuido en los \u00faltimos a\u00f1os, principalmente debido a la ca\u00edda de los precios del carb\u00f3n y otros&hellip;","_links":{"self":[{"href":"https:\/\/www.icesi.edu.co\/marketingzone\/wp-json\/wp\/v2\/posts\/12527","targetHints":{"allow":["GET"]}}],"collection":[{"href":"https:\/\/www.icesi.edu.co\/marketingzone\/wp-json\/wp\/v2\/posts"}],"about":[{"href":"https:\/\/www.icesi.edu.co\/marketingzone\/wp-json\/wp\/v2\/types\/post"}],"author":[{"embeddable":true,"href":"https:\/\/www.icesi.edu.co\/marketingzone\/wp-json\/wp\/v2\/users\/52"}],"replies":[{"embeddable":true,"href":"https:\/\/www.icesi.edu.co\/marketingzone\/wp-json\/wp\/v2\/comments?post=12527"}],"version-history":[{"count":1,"href":"https:\/\/www.icesi.edu.co\/marketingzone\/wp-json\/wp\/v2\/posts\/12527\/revisions"}],"predecessor-version":[{"id":12530,"href":"https:\/\/www.icesi.edu.co\/marketingzone\/wp-json\/wp\/v2\/posts\/12527\/revisions\/12530"}],"wp:featuredmedia":[{"embeddable":true,"href":"https:\/\/www.icesi.edu.co\/marketingzone\/wp-json\/wp\/v2\/media\/12528"}],"wp:attachment":[{"href":"https:\/\/www.icesi.edu.co\/marketingzone\/wp-json\/wp\/v2\/media?parent=12527"}],"wp:term":[{"taxonomy":"category","embeddable":true,"href":"https:\/\/www.icesi.edu.co\/marketingzone\/wp-json\/wp\/v2\/categories?post=12527"},{"taxonomy":"post_tag","embeddable":true,"href":"https:\/\/www.icesi.edu.co\/marketingzone\/wp-json\/wp\/v2\/tags?post=12527"}],"curies":[{"name":"wp","href":"https:\/\/api.w.org\/{rel}","templated":true}]}}