{"id":4335,"date":"2019-01-16T14:57:44","date_gmt":"2019-01-16T19:57:44","guid":{"rendered":"http:\/\/www.icesi.edu.co\/marketingzone\/?p=4335"},"modified":"2019-02-13T11:03:28","modified_gmt":"2019-02-13T16:03:28","slug":"publicidad-de-gillette-contra-el-sexismo-y-el-acoso-desata-polemica","status":"publish","type":"post","link":"https:\/\/www.icesi.edu.co\/marketingzone\/publicidad-de-gillette-contra-el-sexismo-y-el-acoso-desata-polemica\/","title":{"rendered":"Publicidad de Gillette contra el sexismo y el acoso desata pol\u00e9mica"},"content":{"rendered":"<p>Una arriesgada publicidad de Gillette que llama a los hombres a ser \u00ablo mejor que puedan\u00bb tras difundir im\u00e1genes de acoso sexual, peleas o bullying, desata la pol\u00e9mica en las redes sociales, con miles de internautas a favor y en contra del anuncio.<\/p>\n<p>En la era del #MeToo, el anuncio muestra a hombres y ni\u00f1os comport\u00e1ndose de manera indebida frente a sus pares, y pregunta: \u00ab\u00bfEs esto lo mejor que un hombre puede ser?\u00bb. Culmina con una serie de hombres dando el ejemplo, interrumpiendo el acoso de una chica en la calle, o protegiendo a un ni\u00f1o agredido por otros.<\/p>\n<p>Muchos han interpretado la publicidad como un ataque contra los hombres, no comprenden por qu\u00e9 la empresa que factura US$6.600 millones anuales ha \u00abalienado\u00bb a su base, y llaman a un boicot de la legendaria marca, famosa por sus hojas de afeitar y productos de cuidado personal.<\/p>\n<p>Pero otros -incluida la Canciller\u00eda de Islandia- defienden el \u00abvaliente\u00bb aviso, y aseguran que las grandes marcas tienen una responsabilidad social.<\/p>\n<p>En una declaraci\u00f3n difundida en su sitio web, Gillette, propiedad de Procter &amp; Gamble, afirma que tras la ola de denuncias de agresi\u00f3n y acoso sexual que ha sacudido a Estados Unidos y ha tenido ecos en otras partes del mundo, muchos hombres se sienten atrapados \u00abentre el pasado y una nueva era de masculinidad\u00bb.<\/p>\n<p>\u00abTenemos la responsabilidad de asegurarnos de que estamos promoviendo versiones positivas, alcanzables, inclusivas y saludables de lo que significa ser hombre\u00bb, dijo la compa\u00f1\u00eda.<\/p>\n<p>Gillette anunci\u00f3 asimismo que donar\u00e1 un mill\u00f3n de d\u00f3lares anuales durante los pr\u00f3ximos tres a\u00f1os a ONG en Estados Unidos dedicadas a la educaci\u00f3n de varones de todas las edades. Este primer a\u00f1o el beneficiado ser\u00e1 Boys &amp; Girls Clubs of America.<\/p>\n<p>Fuente: www.dinero.com<\/p>\n<p><strong>Comercial:\u00a0<\/strong><strong><a href=\"https:\/\/www.youtube.com\/watch?v=koPmuEyP3a0\">https:\/\/www.youtube.com\/watch?v=koPmuEyP3a0<\/a><\/strong><\/p>\n","protected":false},"excerpt":{"rendered":"<p>Una arriesgada publicidad de Gillette que llama a los hombres a ser \u00ablo mejor que puedan\u00bb tras difundir im\u00e1genes de acoso sexual, peleas o bullying, desata la pol\u00e9mica en las redes sociales, con miles de internautas a favor y en contra del anuncio. En la era del #MeToo, el anuncio muestra a hombres y ni\u00f1os [&hellip;]<\/p>\n","protected":false},"author":48,"featured_media":4336,"comment_status":"open","ping_status":"open","sticky":false,"template":"","format":"standard","meta":{"_uag_custom_page_level_css":"","footnotes":""},"categories":[60],"tags":[128],"class_list":["post-4335","post","type-post","status-publish","format-standard","has-post-thumbnail","hentry","category-articulos","tag-destacado"],"yoast_head":"<!-- This site is optimized with the Yoast SEO plugin v26.8 - https:\/\/yoast.com\/product\/yoast-seo-wordpress\/ -->\n<title>Publicidad de Gillette contra el sexismo y el acoso desata pol\u00e9mica | Marketing Zone Icesi<\/title>\n<meta name=\"robots\" content=\"index, follow, max-snippet:-1, max-image-preview:large, max-video-preview:-1\" \/>\n<link rel=\"canonical\" href=\"https:\/\/www.icesi.edu.co\/marketingzone\/publicidad-de-gillette-contra-el-sexismo-y-el-acoso-desata-polemica\/\" \/>\n<meta property=\"og:locale\" content=\"es_ES\" \/>\n<meta property=\"og:type\" content=\"article\" \/>\n<meta property=\"og:title\" content=\"Publicidad de Gillette contra el sexismo y el acoso desata pol\u00e9mica | Marketing Zone Icesi\" \/>\n<meta property=\"og:description\" content=\"Una arriesgada publicidad de Gillette que llama a los hombres a ser \u00ablo mejor que puedan\u00bb tras difundir im\u00e1genes de acoso sexual, peleas o bullying, desata la pol\u00e9mica en las redes sociales, con miles de internautas a favor y en contra del anuncio. En la era del #MeToo, el anuncio muestra a hombres y ni\u00f1os [&hellip;]\" \/>\n<meta property=\"og:url\" content=\"https:\/\/www.icesi.edu.co\/marketingzone\/publicidad-de-gillette-contra-el-sexismo-y-el-acoso-desata-polemica\/\" \/>\n<meta property=\"og:site_name\" content=\"Marketing Zone Icesi\" \/>\n<meta property=\"article:publisher\" content=\"https:\/\/www.facebook.com\/Marketingzoneicesi\/\" \/>\n<meta property=\"article:published_time\" content=\"2019-01-16T19:57:44+00:00\" \/>\n<meta property=\"article:modified_time\" content=\"2019-02-13T16:03:28+00:00\" \/>\n<meta property=\"og:image\" content=\"https:\/\/www.icesi.edu.co\/marketingzone\/wp-content\/uploads\/2019\/01\/5c3f0097626be.r_1547634966866.8-11-648-371.jpeg\" \/>\n\t<meta property=\"og:image:width\" content=\"580\" \/>\n\t<meta property=\"og:image:height\" content=\"326\" \/>\n\t<meta property=\"og:image:type\" content=\"image\/jpeg\" \/>\n<meta name=\"author\" content=\"Marketing Zone\" \/>\n<meta name=\"twitter:card\" content=\"summary_large_image\" \/>\n<meta name=\"twitter:creator\" content=\"@MarketingZIcesi\" \/>\n<meta name=\"twitter:site\" content=\"@MarketingZIcesi\" \/>\n<meta name=\"twitter:label1\" content=\"Escrito por\" \/>\n\t<meta name=\"twitter:data1\" content=\"Marketing Zone\" \/>\n\t<meta name=\"twitter:label2\" content=\"Tiempo de lectura\" \/>\n\t<meta name=\"twitter:data2\" content=\"2 minutos\" \/>\n<script type=\"application\/ld+json\" class=\"yoast-schema-graph\">{\"@context\":\"https:\/\/schema.org\",\"@graph\":[{\"@type\":\"Article\",\"@id\":\"https:\/\/www.icesi.edu.co\/marketingzone\/publicidad-de-gillette-contra-el-sexismo-y-el-acoso-desata-polemica\/#article\",\"isPartOf\":{\"@id\":\"https:\/\/www.icesi.edu.co\/marketingzone\/publicidad-de-gillette-contra-el-sexismo-y-el-acoso-desata-polemica\/\"},\"author\":{\"name\":\"Marketing Zone\",\"@id\":\"https:\/\/www.icesi.edu.co\/marketingzone\/#\/schema\/person\/336d177e7c1d4bc7db00ef017b48288d\"},\"headline\":\"Publicidad de Gillette contra el sexismo y el acoso desata pol\u00e9mica\",\"datePublished\":\"2019-01-16T19:57:44+00:00\",\"dateModified\":\"2019-02-13T16:03:28+00:00\",\"mainEntityOfPage\":{\"@id\":\"https:\/\/www.icesi.edu.co\/marketingzone\/publicidad-de-gillette-contra-el-sexismo-y-el-acoso-desata-polemica\/\"},\"wordCount\":329,\"commentCount\":0,\"image\":{\"@id\":\"https:\/\/www.icesi.edu.co\/marketingzone\/publicidad-de-gillette-contra-el-sexismo-y-el-acoso-desata-polemica\/#primaryimage\"},\"thumbnailUrl\":\"https:\/\/www.icesi.edu.co\/marketingzone\/wp-content\/uploads\/2019\/01\/5c3f0097626be.r_1547634966866.8-11-648-371.jpeg\",\"keywords\":[\"Destacado\"],\"articleSection\":[\"Publicaciones\"],\"inLanguage\":\"es\",\"potentialAction\":[{\"@type\":\"CommentAction\",\"name\":\"Comment\",\"target\":[\"https:\/\/www.icesi.edu.co\/marketingzone\/publicidad-de-gillette-contra-el-sexismo-y-el-acoso-desata-polemica\/#respond\"]}]},{\"@type\":\"WebPage\",\"@id\":\"https:\/\/www.icesi.edu.co\/marketingzone\/publicidad-de-gillette-contra-el-sexismo-y-el-acoso-desata-polemica\/\",\"url\":\"https:\/\/www.icesi.edu.co\/marketingzone\/publicidad-de-gillette-contra-el-sexismo-y-el-acoso-desata-polemica\/\",\"name\":\"Publicidad de Gillette contra el sexismo y el acoso desata pol\u00e9mica | Marketing Zone Icesi\",\"isPartOf\":{\"@id\":\"https:\/\/www.icesi.edu.co\/marketingzone\/#website\"},\"primaryImageOfPage\":{\"@id\":\"https:\/\/www.icesi.edu.co\/marketingzone\/publicidad-de-gillette-contra-el-sexismo-y-el-acoso-desata-polemica\/#primaryimage\"},\"image\":{\"@id\":\"https:\/\/www.icesi.edu.co\/marketingzone\/publicidad-de-gillette-contra-el-sexismo-y-el-acoso-desata-polemica\/#primaryimage\"},\"thumbnailUrl\":\"https:\/\/www.icesi.edu.co\/marketingzone\/wp-content\/uploads\/2019\/01\/5c3f0097626be.r_1547634966866.8-11-648-371.jpeg\",\"datePublished\":\"2019-01-16T19:57:44+00:00\",\"dateModified\":\"2019-02-13T16:03:28+00:00\",\"author\":{\"@id\":\"https:\/\/www.icesi.edu.co\/marketingzone\/#\/schema\/person\/336d177e7c1d4bc7db00ef017b48288d\"},\"breadcrumb\":{\"@id\":\"https:\/\/www.icesi.edu.co\/marketingzone\/publicidad-de-gillette-contra-el-sexismo-y-el-acoso-desata-polemica\/#breadcrumb\"},\"inLanguage\":\"es\",\"potentialAction\":[{\"@type\":\"ReadAction\",\"target\":[\"https:\/\/www.icesi.edu.co\/marketingzone\/publicidad-de-gillette-contra-el-sexismo-y-el-acoso-desata-polemica\/\"]}]},{\"@type\":\"ImageObject\",\"inLanguage\":\"es\",\"@id\":\"https:\/\/www.icesi.edu.co\/marketingzone\/publicidad-de-gillette-contra-el-sexismo-y-el-acoso-desata-polemica\/#primaryimage\",\"url\":\"https:\/\/www.icesi.edu.co\/marketingzone\/wp-content\/uploads\/2019\/01\/5c3f0097626be.r_1547634966866.8-11-648-371.jpeg\",\"contentUrl\":\"https:\/\/www.icesi.edu.co\/marketingzone\/wp-content\/uploads\/2019\/01\/5c3f0097626be.r_1547634966866.8-11-648-371.jpeg\",\"width\":580,\"height\":326},{\"@type\":\"BreadcrumbList\",\"@id\":\"https:\/\/www.icesi.edu.co\/marketingzone\/publicidad-de-gillette-contra-el-sexismo-y-el-acoso-desata-polemica\/#breadcrumb\",\"itemListElement\":[{\"@type\":\"ListItem\",\"position\":1,\"name\":\"Portada\",\"item\":\"https:\/\/www.icesi.edu.co\/marketingzone\/\"},{\"@type\":\"ListItem\",\"position\":2,\"name\":\"Publicidad de Gillette contra el sexismo y el acoso desata pol\u00e9mica\"}]},{\"@type\":\"WebSite\",\"@id\":\"https:\/\/www.icesi.edu.co\/marketingzone\/#website\",\"url\":\"https:\/\/www.icesi.edu.co\/marketingzone\/\",\"name\":\"Marketing Zone - Universidad Icesi\",\"description\":\"\",\"potentialAction\":[{\"@type\":\"SearchAction\",\"target\":{\"@type\":\"EntryPoint\",\"urlTemplate\":\"https:\/\/www.icesi.edu.co\/marketingzone\/?s={search_term_string}\"},\"query-input\":{\"@type\":\"PropertyValueSpecification\",\"valueRequired\":true,\"valueName\":\"search_term_string\"}}],\"inLanguage\":\"es\"},{\"@type\":\"Person\",\"@id\":\"https:\/\/www.icesi.edu.co\/marketingzone\/#\/schema\/person\/336d177e7c1d4bc7db00ef017b48288d\",\"name\":\"Marketing Zone\",\"image\":{\"@type\":\"ImageObject\",\"inLanguage\":\"es\",\"@id\":\"https:\/\/www.icesi.edu.co\/marketingzone\/#\/schema\/person\/image\/\",\"url\":\"https:\/\/secure.gravatar.com\/avatar\/d8277b7d61e88e6ff0d3a4000b936ff47c032a1d281533d6e87bd6e1529816e2?s=96&d=mm&r=g\",\"contentUrl\":\"https:\/\/secure.gravatar.com\/avatar\/d8277b7d61e88e6ff0d3a4000b936ff47c032a1d281533d6e87bd6e1529816e2?s=96&d=mm&r=g\",\"caption\":\"Marketing Zone\"},\"url\":\"https:\/\/www.icesi.edu.co\/marketingzone\/author\/1113635768\/\"}]}<\/script>\n<!-- \/ Yoast SEO plugin. -->","yoast_head_json":{"title":"Publicidad de Gillette contra el sexismo y el acoso desata pol\u00e9mica | Marketing Zone Icesi","robots":{"index":"index","follow":"follow","max-snippet":"max-snippet:-1","max-image-preview":"max-image-preview:large","max-video-preview":"max-video-preview:-1"},"canonical":"https:\/\/www.icesi.edu.co\/marketingzone\/publicidad-de-gillette-contra-el-sexismo-y-el-acoso-desata-polemica\/","og_locale":"es_ES","og_type":"article","og_title":"Publicidad de Gillette contra el sexismo y el acoso desata pol\u00e9mica | Marketing Zone Icesi","og_description":"Una arriesgada publicidad de Gillette que llama a los hombres a ser \u00ablo mejor que puedan\u00bb tras difundir im\u00e1genes de acoso sexual, peleas o bullying, desata la pol\u00e9mica en las redes sociales, con miles de internautas a favor y en contra del anuncio. En la era del #MeToo, el anuncio muestra a hombres y ni\u00f1os [&hellip;]","og_url":"https:\/\/www.icesi.edu.co\/marketingzone\/publicidad-de-gillette-contra-el-sexismo-y-el-acoso-desata-polemica\/","og_site_name":"Marketing Zone Icesi","article_publisher":"https:\/\/www.facebook.com\/Marketingzoneicesi\/","article_published_time":"2019-01-16T19:57:44+00:00","article_modified_time":"2019-02-13T16:03:28+00:00","og_image":[{"width":580,"height":326,"url":"https:\/\/www.icesi.edu.co\/marketingzone\/wp-content\/uploads\/2019\/01\/5c3f0097626be.r_1547634966866.8-11-648-371.jpeg","type":"image\/jpeg"}],"author":"Marketing Zone","twitter_card":"summary_large_image","twitter_creator":"@MarketingZIcesi","twitter_site":"@MarketingZIcesi","twitter_misc":{"Escrito por":"Marketing Zone","Tiempo de lectura":"2 minutos"},"schema":{"@context":"https:\/\/schema.org","@graph":[{"@type":"Article","@id":"https:\/\/www.icesi.edu.co\/marketingzone\/publicidad-de-gillette-contra-el-sexismo-y-el-acoso-desata-polemica\/#article","isPartOf":{"@id":"https:\/\/www.icesi.edu.co\/marketingzone\/publicidad-de-gillette-contra-el-sexismo-y-el-acoso-desata-polemica\/"},"author":{"name":"Marketing Zone","@id":"https:\/\/www.icesi.edu.co\/marketingzone\/#\/schema\/person\/336d177e7c1d4bc7db00ef017b48288d"},"headline":"Publicidad de Gillette contra el sexismo y el acoso desata pol\u00e9mica","datePublished":"2019-01-16T19:57:44+00:00","dateModified":"2019-02-13T16:03:28+00:00","mainEntityOfPage":{"@id":"https:\/\/www.icesi.edu.co\/marketingzone\/publicidad-de-gillette-contra-el-sexismo-y-el-acoso-desata-polemica\/"},"wordCount":329,"commentCount":0,"image":{"@id":"https:\/\/www.icesi.edu.co\/marketingzone\/publicidad-de-gillette-contra-el-sexismo-y-el-acoso-desata-polemica\/#primaryimage"},"thumbnailUrl":"https:\/\/www.icesi.edu.co\/marketingzone\/wp-content\/uploads\/2019\/01\/5c3f0097626be.r_1547634966866.8-11-648-371.jpeg","keywords":["Destacado"],"articleSection":["Publicaciones"],"inLanguage":"es","potentialAction":[{"@type":"CommentAction","name":"Comment","target":["https:\/\/www.icesi.edu.co\/marketingzone\/publicidad-de-gillette-contra-el-sexismo-y-el-acoso-desata-polemica\/#respond"]}]},{"@type":"WebPage","@id":"https:\/\/www.icesi.edu.co\/marketingzone\/publicidad-de-gillette-contra-el-sexismo-y-el-acoso-desata-polemica\/","url":"https:\/\/www.icesi.edu.co\/marketingzone\/publicidad-de-gillette-contra-el-sexismo-y-el-acoso-desata-polemica\/","name":"Publicidad de Gillette contra el sexismo y el acoso desata pol\u00e9mica | Marketing Zone Icesi","isPartOf":{"@id":"https:\/\/www.icesi.edu.co\/marketingzone\/#website"},"primaryImageOfPage":{"@id":"https:\/\/www.icesi.edu.co\/marketingzone\/publicidad-de-gillette-contra-el-sexismo-y-el-acoso-desata-polemica\/#primaryimage"},"image":{"@id":"https:\/\/www.icesi.edu.co\/marketingzone\/publicidad-de-gillette-contra-el-sexismo-y-el-acoso-desata-polemica\/#primaryimage"},"thumbnailUrl":"https:\/\/www.icesi.edu.co\/marketingzone\/wp-content\/uploads\/2019\/01\/5c3f0097626be.r_1547634966866.8-11-648-371.jpeg","datePublished":"2019-01-16T19:57:44+00:00","dateModified":"2019-02-13T16:03:28+00:00","author":{"@id":"https:\/\/www.icesi.edu.co\/marketingzone\/#\/schema\/person\/336d177e7c1d4bc7db00ef017b48288d"},"breadcrumb":{"@id":"https:\/\/www.icesi.edu.co\/marketingzone\/publicidad-de-gillette-contra-el-sexismo-y-el-acoso-desata-polemica\/#breadcrumb"},"inLanguage":"es","potentialAction":[{"@type":"ReadAction","target":["https:\/\/www.icesi.edu.co\/marketingzone\/publicidad-de-gillette-contra-el-sexismo-y-el-acoso-desata-polemica\/"]}]},{"@type":"ImageObject","inLanguage":"es","@id":"https:\/\/www.icesi.edu.co\/marketingzone\/publicidad-de-gillette-contra-el-sexismo-y-el-acoso-desata-polemica\/#primaryimage","url":"https:\/\/www.icesi.edu.co\/marketingzone\/wp-content\/uploads\/2019\/01\/5c3f0097626be.r_1547634966866.8-11-648-371.jpeg","contentUrl":"https:\/\/www.icesi.edu.co\/marketingzone\/wp-content\/uploads\/2019\/01\/5c3f0097626be.r_1547634966866.8-11-648-371.jpeg","width":580,"height":326},{"@type":"BreadcrumbList","@id":"https:\/\/www.icesi.edu.co\/marketingzone\/publicidad-de-gillette-contra-el-sexismo-y-el-acoso-desata-polemica\/#breadcrumb","itemListElement":[{"@type":"ListItem","position":1,"name":"Portada","item":"https:\/\/www.icesi.edu.co\/marketingzone\/"},{"@type":"ListItem","position":2,"name":"Publicidad de Gillette contra el sexismo y el acoso desata pol\u00e9mica"}]},{"@type":"WebSite","@id":"https:\/\/www.icesi.edu.co\/marketingzone\/#website","url":"https:\/\/www.icesi.edu.co\/marketingzone\/","name":"Marketing Zone - Universidad Icesi","description":"","potentialAction":[{"@type":"SearchAction","target":{"@type":"EntryPoint","urlTemplate":"https:\/\/www.icesi.edu.co\/marketingzone\/?s={search_term_string}"},"query-input":{"@type":"PropertyValueSpecification","valueRequired":true,"valueName":"search_term_string"}}],"inLanguage":"es"},{"@type":"Person","@id":"https:\/\/www.icesi.edu.co\/marketingzone\/#\/schema\/person\/336d177e7c1d4bc7db00ef017b48288d","name":"Marketing Zone","image":{"@type":"ImageObject","inLanguage":"es","@id":"https:\/\/www.icesi.edu.co\/marketingzone\/#\/schema\/person\/image\/","url":"https:\/\/secure.gravatar.com\/avatar\/d8277b7d61e88e6ff0d3a4000b936ff47c032a1d281533d6e87bd6e1529816e2?s=96&d=mm&r=g","contentUrl":"https:\/\/secure.gravatar.com\/avatar\/d8277b7d61e88e6ff0d3a4000b936ff47c032a1d281533d6e87bd6e1529816e2?s=96&d=mm&r=g","caption":"Marketing Zone"},"url":"https:\/\/www.icesi.edu.co\/marketingzone\/author\/1113635768\/"}]}},"uagb_featured_image_src":{"full":["https:\/\/www.icesi.edu.co\/marketingzone\/wp-content\/uploads\/2019\/01\/5c3f0097626be.r_1547634966866.8-11-648-371.jpeg",580,326,false],"thumbnail":["https:\/\/www.icesi.edu.co\/marketingzone\/wp-content\/uploads\/2019\/01\/5c3f0097626be.r_1547634966866.8-11-648-371-150x150.jpeg",150,150,true],"medium":["https:\/\/www.icesi.edu.co\/marketingzone\/wp-content\/uploads\/2019\/01\/5c3f0097626be.r_1547634966866.8-11-648-371-300x194.jpeg",300,194,true],"medium_large":["https:\/\/www.icesi.edu.co\/marketingzone\/wp-content\/uploads\/2019\/01\/5c3f0097626be.r_1547634966866.8-11-648-371.jpeg",580,326,false],"large":["https:\/\/www.icesi.edu.co\/marketingzone\/wp-content\/uploads\/2019\/01\/5c3f0097626be.r_1547634966866.8-11-648-371.jpeg",580,326,false],"1536x1536":["https:\/\/www.icesi.edu.co\/marketingzone\/wp-content\/uploads\/2019\/01\/5c3f0097626be.r_1547634966866.8-11-648-371.jpeg",580,326,false],"2048x2048":["https:\/\/www.icesi.edu.co\/marketingzone\/wp-content\/uploads\/2019\/01\/5c3f0097626be.r_1547634966866.8-11-648-371.jpeg",580,326,false]},"uagb_author_info":{"display_name":"Marketing Zone","author_link":"https:\/\/www.icesi.edu.co\/marketingzone\/author\/1113635768\/"},"uagb_comment_info":0,"uagb_excerpt":"Una arriesgada publicidad de Gillette que llama a los hombres a ser \u00ablo mejor que puedan\u00bb tras difundir im\u00e1genes de acoso sexual, peleas o bullying, desata la pol\u00e9mica en las redes sociales, con miles de internautas a favor y en contra del anuncio. En la era del #MeToo, el anuncio muestra a hombres y ni\u00f1os&hellip;","_links":{"self":[{"href":"https:\/\/www.icesi.edu.co\/marketingzone\/wp-json\/wp\/v2\/posts\/4335","targetHints":{"allow":["GET"]}}],"collection":[{"href":"https:\/\/www.icesi.edu.co\/marketingzone\/wp-json\/wp\/v2\/posts"}],"about":[{"href":"https:\/\/www.icesi.edu.co\/marketingzone\/wp-json\/wp\/v2\/types\/post"}],"author":[{"embeddable":true,"href":"https:\/\/www.icesi.edu.co\/marketingzone\/wp-json\/wp\/v2\/users\/48"}],"replies":[{"embeddable":true,"href":"https:\/\/www.icesi.edu.co\/marketingzone\/wp-json\/wp\/v2\/comments?post=4335"}],"version-history":[{"count":7,"href":"https:\/\/www.icesi.edu.co\/marketingzone\/wp-json\/wp\/v2\/posts\/4335\/revisions"}],"predecessor-version":[{"id":4343,"href":"https:\/\/www.icesi.edu.co\/marketingzone\/wp-json\/wp\/v2\/posts\/4335\/revisions\/4343"}],"wp:featuredmedia":[{"embeddable":true,"href":"https:\/\/www.icesi.edu.co\/marketingzone\/wp-json\/wp\/v2\/media\/4336"}],"wp:attachment":[{"href":"https:\/\/www.icesi.edu.co\/marketingzone\/wp-json\/wp\/v2\/media?parent=4335"}],"wp:term":[{"taxonomy":"category","embeddable":true,"href":"https:\/\/www.icesi.edu.co\/marketingzone\/wp-json\/wp\/v2\/categories?post=4335"},{"taxonomy":"post_tag","embeddable":true,"href":"https:\/\/www.icesi.edu.co\/marketingzone\/wp-json\/wp\/v2\/tags?post=4335"}],"curies":[{"name":"wp","href":"https:\/\/api.w.org\/{rel}","templated":true}]}}