{"id":5801,"date":"2020-11-19T12:00:59","date_gmt":"2020-11-19T17:00:59","guid":{"rendered":"http:\/\/www.icesi.edu.co\/marketingzone\/?p=5801"},"modified":"2020-11-17T11:50:13","modified_gmt":"2020-11-17T16:50:13","slug":"echando-cuentas-donde-van-a-aplicar-los-recortes-en-sus-presupuestos-los-responsables-de-marketing","status":"publish","type":"post","link":"https:\/\/www.icesi.edu.co\/marketingzone\/echando-cuentas-donde-van-a-aplicar-los-recortes-en-sus-presupuestos-los-responsables-de-marketing\/","title":{"rendered":"Echando cuentas: \u00bfD\u00f3nde van a aplicar los recortes en sus presupuestos los responsables de Marketing?"},"content":{"rendered":"<p><img loading=\"lazy\" decoding=\"async\" class=\"size-medium wp-image-5803 alignleft\" src=\"http:\/\/www.icesi.edu.co\/marketingzone\/wp-content\/uploads\/2020\/11\/fgb-300x176.jpg\" alt=\"\" width=\"300\" height=\"176\" srcset=\"https:\/\/www.icesi.edu.co\/marketingzone\/wp-content\/uploads\/2020\/11\/fgb-300x176.jpg 300w, https:\/\/www.icesi.edu.co\/marketingzone\/wp-content\/uploads\/2020\/11\/fgb-768x450.jpg 768w, https:\/\/www.icesi.edu.co\/marketingzone\/wp-content\/uploads\/2020\/11\/fgb.jpg 1024w\" sizes=\"auto, (max-width: 300px) 100vw, 300px\" \/>Todo lo que se esperaba de este a\u00f1o se ha quedado a medias por culpa de la crisis del coronavirus. Uno de los efectos directos que ha tenido la crisis ha sido la de impactar en los presupuestos de marketing y publicidad. Aunque algunas compa\u00f1\u00edas han aumentado la inversi\u00f3n, como han hecho las firmas de bienes de consumo por el aumento del inter\u00e9s en sus productos, muchas han pausado o recortado sus presupuestos.<\/p>\n<p>En las crisis y en los momentos de inestabilidad econ\u00f3mica, el marketing y la publicidad suelen ser de los primeros en caer en los recortes que hacen las empresas (a pesar de que seguir manteniendo una relaci\u00f3n fluida con los consumidores es importante para seguir siendo relevantes y continuar vendiendo).<\/p>\n<p>As\u00ed pues, de todo esto, los presupuestos de marketing y publicidad no est\u00e1n saliendo igual que entraron. Si los responsables de marketing tienen menos dinero, no tienen m\u00e1s remedio que ajustar qu\u00e9 hacen con sus presupuestos y a qu\u00e9 dedican esos ingresos. Y, aunque la tecnolog\u00eda se est\u00e1 posicionando como elemento clave en esta crisis para seguir conectando con los consumidores, los marketeros planean recortar su inversi\u00f3n en martech. Ser\u00e1 el da\u00f1o colateral de la crisis.<\/p>\n<p>Eso es lo que apunta el \u00faltimo\u00a0estudio\u00a0de Gartner sobre la materia. La inversi\u00f3n en tecnolog\u00eda de marketing hab\u00eda logrado pasar la primera parte de la crisis sin problemas. Se hab\u00eda mantenido al margen de los recortes y de los ajustes presupuestarios.<\/p>\n<p>Sin embargo, en esta segunda fase de la crisis ha perdido el blindaje que la proteg\u00eda. Cerca del 60% de los responsables de marketing encuestados reconoce que espera recortes moderados a severos en sus presupuestos de martech.<\/p>\n<h2>Por qu\u00e9 recortan en tecnolog\u00eda de marketing<\/h2>\n<p>Posiblemente, la clave en este recorte est\u00e1 en la percepci\u00f3n de que se ha estado invirtiendo mucho dinero en tecnolog\u00eda y no se le est\u00e1 sacando el partido m\u00e1ximo esperable. Varios estudios han apuntado ya que esa es una realidad cuando se analiza el uso de las martech. Este estudio no es una excepci\u00f3n. Los marketeros reconocen que no usan m\u00e1s que el 58% de las capacidades de su tecnolog\u00eda de marketing, una cifra similar a la que estimaban el a\u00f1o pasado. Dado que han invertido dinero en estas herramientas y en sus mejoras, que no se logren resultados \u00abpone su credibilidad en cuesti\u00f3n\u00bb.<\/p>\n<p>En un momento en el que el dinero se cuida con especial atenci\u00f3n, esa percepci\u00f3n se convierte en un lastre para las martech. Un 66% de los encuestados asegura que han recortado o retrasado la inversi\u00f3n en tecnolog\u00eda de marketing a pesar de estar ya aprobada. Un 35% se\u00f1ala que han iniciado un proceso de revisi\u00f3n de sus herramientas de martech para ver qu\u00e9 tienen.<\/p>\n<p>Como explican en las conclusiones del an\u00e1lisis, tres cuartas partes de las compa\u00f1\u00edas que se enfrentan a recortes en martech tambi\u00e9n tienen problemas a la hora de utilizarlas.<\/p>\n<p>Lo curioso es que, a pesar de todo, los marketeros siguen viendo de forma optimista y positiva a la tecnolog\u00eda. Un 81% de los encuestados cree que tiene un conjunto de herramientas de tecnolog\u00eda de marketing que son efectivas y solo un 20% reconoce que tiene problemas a la hora de sacarles el m\u00e1ximo partido.<\/p>\n<p><a href=\"https:\/\/www.puromarketing.com\/14\/34476\/echando-cuentas-donde-van-aplicar-recortes-presupuestos-responsables-marketin.html\">fuente: https:\/\/www.puromarketing.com\/14\/34476\/echando-cuentas-donde-van-aplicar-recortes-presupuestos-responsables-marketin.html<\/a><\/p>\n","protected":false},"excerpt":{"rendered":"<p>Todo lo que se esperaba de este a\u00f1o se ha quedado a medias por culpa de la crisis del coronavirus. Uno de los efectos directos que ha tenido la crisis ha sido la de impactar en los presupuestos de marketing y publicidad. Aunque algunas compa\u00f1\u00edas han aumentado la inversi\u00f3n, como han hecho las firmas de [&hellip;]<\/p>\n","protected":false},"author":50,"featured_media":5803,"comment_status":"open","ping_status":"open","sticky":false,"template":"","format":"standard","meta":{"_uag_custom_page_level_css":"","footnotes":""},"categories":[58],"tags":[127,128],"class_list":["post-5801","post","type-post","status-publish","format-standard","has-post-thumbnail","hentry","category-panorama","tag-atencion","tag-destacado"],"yoast_head":"<!-- This site is optimized with the Yoast SEO plugin v26.8 - https:\/\/yoast.com\/product\/yoast-seo-wordpress\/ -->\n<title>Echando cuentas: \u00bfD\u00f3nde van a aplicar los recortes en sus presupuestos los responsables de Marketing? | Marketing Zone Icesi<\/title>\n<meta name=\"robots\" content=\"index, follow, max-snippet:-1, max-image-preview:large, max-video-preview:-1\" \/>\n<link rel=\"canonical\" href=\"https:\/\/www.icesi.edu.co\/marketingzone\/echando-cuentas-donde-van-a-aplicar-los-recortes-en-sus-presupuestos-los-responsables-de-marketing\/\" \/>\n<meta property=\"og:locale\" content=\"es_ES\" \/>\n<meta property=\"og:type\" content=\"article\" \/>\n<meta property=\"og:title\" content=\"Echando cuentas: \u00bfD\u00f3nde van a aplicar los recortes en sus presupuestos los responsables de Marketing? | Marketing Zone Icesi\" \/>\n<meta property=\"og:description\" content=\"Todo lo que se esperaba de este a\u00f1o se ha quedado a medias por culpa de la crisis del coronavirus. Uno de los efectos directos que ha tenido la crisis ha sido la de impactar en los presupuestos de marketing y publicidad. Aunque algunas compa\u00f1\u00edas han aumentado la inversi\u00f3n, como han hecho las firmas de [&hellip;]\" \/>\n<meta property=\"og:url\" content=\"https:\/\/www.icesi.edu.co\/marketingzone\/echando-cuentas-donde-van-a-aplicar-los-recortes-en-sus-presupuestos-los-responsables-de-marketing\/\" \/>\n<meta property=\"og:site_name\" content=\"Marketing Zone Icesi\" \/>\n<meta property=\"article:publisher\" content=\"https:\/\/www.facebook.com\/Marketingzoneicesi\/\" \/>\n<meta property=\"article:published_time\" content=\"2020-11-19T17:00:59+00:00\" \/>\n<meta property=\"og:image\" content=\"https:\/\/www.icesi.edu.co\/marketingzone\/wp-content\/uploads\/2020\/11\/fgb.jpg\" \/>\n\t<meta property=\"og:image:width\" content=\"1024\" \/>\n\t<meta property=\"og:image:height\" content=\"600\" \/>\n\t<meta property=\"og:image:type\" content=\"image\/jpeg\" \/>\n<meta name=\"author\" content=\"Marketing Zone Icesi\" \/>\n<meta name=\"twitter:card\" content=\"summary_large_image\" \/>\n<meta name=\"twitter:creator\" content=\"@MarketingZIcesi\" \/>\n<meta name=\"twitter:site\" content=\"@MarketingZIcesi\" \/>\n<meta name=\"twitter:label1\" content=\"Escrito por\" \/>\n\t<meta name=\"twitter:data1\" content=\"Marketing Zone Icesi\" \/>\n\t<meta name=\"twitter:label2\" content=\"Tiempo de lectura\" \/>\n\t<meta name=\"twitter:data2\" content=\"3 minutos\" \/>\n<script type=\"application\/ld+json\" class=\"yoast-schema-graph\">{\"@context\":\"https:\/\/schema.org\",\"@graph\":[{\"@type\":\"Article\",\"@id\":\"https:\/\/www.icesi.edu.co\/marketingzone\/echando-cuentas-donde-van-a-aplicar-los-recortes-en-sus-presupuestos-los-responsables-de-marketing\/#article\",\"isPartOf\":{\"@id\":\"https:\/\/www.icesi.edu.co\/marketingzone\/echando-cuentas-donde-van-a-aplicar-los-recortes-en-sus-presupuestos-los-responsables-de-marketing\/\"},\"author\":{\"name\":\"Marketing Zone Icesi\",\"@id\":\"https:\/\/www.icesi.edu.co\/marketingzone\/#\/schema\/person\/25d03b732d585809b3a2eff0ceace0d1\"},\"headline\":\"Echando cuentas: \u00bfD\u00f3nde van a aplicar los recortes en sus presupuestos los responsables de Marketing?\",\"datePublished\":\"2020-11-19T17:00:59+00:00\",\"mainEntityOfPage\":{\"@id\":\"https:\/\/www.icesi.edu.co\/marketingzone\/echando-cuentas-donde-van-a-aplicar-los-recortes-en-sus-presupuestos-los-responsables-de-marketing\/\"},\"wordCount\":592,\"commentCount\":0,\"image\":{\"@id\":\"https:\/\/www.icesi.edu.co\/marketingzone\/echando-cuentas-donde-van-a-aplicar-los-recortes-en-sus-presupuestos-los-responsables-de-marketing\/#primaryimage\"},\"thumbnailUrl\":\"https:\/\/www.icesi.edu.co\/marketingzone\/wp-content\/uploads\/2020\/11\/fgb.jpg\",\"keywords\":[\"Atencion\",\"Destacado\"],\"articleSection\":[\"Panorama\"],\"inLanguage\":\"es\",\"potentialAction\":[{\"@type\":\"CommentAction\",\"name\":\"Comment\",\"target\":[\"https:\/\/www.icesi.edu.co\/marketingzone\/echando-cuentas-donde-van-a-aplicar-los-recortes-en-sus-presupuestos-los-responsables-de-marketing\/#respond\"]}]},{\"@type\":\"WebPage\",\"@id\":\"https:\/\/www.icesi.edu.co\/marketingzone\/echando-cuentas-donde-van-a-aplicar-los-recortes-en-sus-presupuestos-los-responsables-de-marketing\/\",\"url\":\"https:\/\/www.icesi.edu.co\/marketingzone\/echando-cuentas-donde-van-a-aplicar-los-recortes-en-sus-presupuestos-los-responsables-de-marketing\/\",\"name\":\"Echando cuentas: \u00bfD\u00f3nde van a aplicar los recortes en sus presupuestos los responsables de Marketing? | Marketing Zone Icesi\",\"isPartOf\":{\"@id\":\"https:\/\/www.icesi.edu.co\/marketingzone\/#website\"},\"primaryImageOfPage\":{\"@id\":\"https:\/\/www.icesi.edu.co\/marketingzone\/echando-cuentas-donde-van-a-aplicar-los-recortes-en-sus-presupuestos-los-responsables-de-marketing\/#primaryimage\"},\"image\":{\"@id\":\"https:\/\/www.icesi.edu.co\/marketingzone\/echando-cuentas-donde-van-a-aplicar-los-recortes-en-sus-presupuestos-los-responsables-de-marketing\/#primaryimage\"},\"thumbnailUrl\":\"https:\/\/www.icesi.edu.co\/marketingzone\/wp-content\/uploads\/2020\/11\/fgb.jpg\",\"datePublished\":\"2020-11-19T17:00:59+00:00\",\"author\":{\"@id\":\"https:\/\/www.icesi.edu.co\/marketingzone\/#\/schema\/person\/25d03b732d585809b3a2eff0ceace0d1\"},\"breadcrumb\":{\"@id\":\"https:\/\/www.icesi.edu.co\/marketingzone\/echando-cuentas-donde-van-a-aplicar-los-recortes-en-sus-presupuestos-los-responsables-de-marketing\/#breadcrumb\"},\"inLanguage\":\"es\",\"potentialAction\":[{\"@type\":\"ReadAction\",\"target\":[\"https:\/\/www.icesi.edu.co\/marketingzone\/echando-cuentas-donde-van-a-aplicar-los-recortes-en-sus-presupuestos-los-responsables-de-marketing\/\"]}]},{\"@type\":\"ImageObject\",\"inLanguage\":\"es\",\"@id\":\"https:\/\/www.icesi.edu.co\/marketingzone\/echando-cuentas-donde-van-a-aplicar-los-recortes-en-sus-presupuestos-los-responsables-de-marketing\/#primaryimage\",\"url\":\"https:\/\/www.icesi.edu.co\/marketingzone\/wp-content\/uploads\/2020\/11\/fgb.jpg\",\"contentUrl\":\"https:\/\/www.icesi.edu.co\/marketingzone\/wp-content\/uploads\/2020\/11\/fgb.jpg\",\"width\":1024,\"height\":600},{\"@type\":\"BreadcrumbList\",\"@id\":\"https:\/\/www.icesi.edu.co\/marketingzone\/echando-cuentas-donde-van-a-aplicar-los-recortes-en-sus-presupuestos-los-responsables-de-marketing\/#breadcrumb\",\"itemListElement\":[{\"@type\":\"ListItem\",\"position\":1,\"name\":\"Portada\",\"item\":\"https:\/\/www.icesi.edu.co\/marketingzone\/\"},{\"@type\":\"ListItem\",\"position\":2,\"name\":\"Echando cuentas: \u00bfD\u00f3nde van a aplicar los recortes en sus presupuestos los responsables de Marketing?\"}]},{\"@type\":\"WebSite\",\"@id\":\"https:\/\/www.icesi.edu.co\/marketingzone\/#website\",\"url\":\"https:\/\/www.icesi.edu.co\/marketingzone\/\",\"name\":\"Marketing Zone - Universidad Icesi\",\"description\":\"\",\"potentialAction\":[{\"@type\":\"SearchAction\",\"target\":{\"@type\":\"EntryPoint\",\"urlTemplate\":\"https:\/\/www.icesi.edu.co\/marketingzone\/?s={search_term_string}\"},\"query-input\":{\"@type\":\"PropertyValueSpecification\",\"valueRequired\":true,\"valueName\":\"search_term_string\"}}],\"inLanguage\":\"es\"},{\"@type\":\"Person\",\"@id\":\"https:\/\/www.icesi.edu.co\/marketingzone\/#\/schema\/person\/25d03b732d585809b3a2eff0ceace0d1\",\"name\":\"Marketing Zone Icesi\",\"image\":{\"@type\":\"ImageObject\",\"inLanguage\":\"es\",\"@id\":\"https:\/\/www.icesi.edu.co\/marketingzone\/#\/schema\/person\/image\/\",\"url\":\"https:\/\/secure.gravatar.com\/avatar\/53a50b6523bc5cef7b26e82f22f44bc258a528145fe2d3d93dde48079848723e?s=96&d=mm&r=g\",\"contentUrl\":\"https:\/\/secure.gravatar.com\/avatar\/53a50b6523bc5cef7b26e82f22f44bc258a528145fe2d3d93dde48079848723e?s=96&d=mm&r=g\",\"caption\":\"Marketing Zone Icesi\"},\"url\":\"https:\/\/www.icesi.edu.co\/marketingzone\/author\/1151965103\/\"}]}<\/script>\n<!-- \/ Yoast SEO plugin. -->","yoast_head_json":{"title":"Echando cuentas: \u00bfD\u00f3nde van a aplicar los recortes en sus presupuestos los responsables de Marketing? | Marketing Zone Icesi","robots":{"index":"index","follow":"follow","max-snippet":"max-snippet:-1","max-image-preview":"max-image-preview:large","max-video-preview":"max-video-preview:-1"},"canonical":"https:\/\/www.icesi.edu.co\/marketingzone\/echando-cuentas-donde-van-a-aplicar-los-recortes-en-sus-presupuestos-los-responsables-de-marketing\/","og_locale":"es_ES","og_type":"article","og_title":"Echando cuentas: \u00bfD\u00f3nde van a aplicar los recortes en sus presupuestos los responsables de Marketing? | Marketing Zone Icesi","og_description":"Todo lo que se esperaba de este a\u00f1o se ha quedado a medias por culpa de la crisis del coronavirus. Uno de los efectos directos que ha tenido la crisis ha sido la de impactar en los presupuestos de marketing y publicidad. Aunque algunas compa\u00f1\u00edas han aumentado la inversi\u00f3n, como han hecho las firmas de [&hellip;]","og_url":"https:\/\/www.icesi.edu.co\/marketingzone\/echando-cuentas-donde-van-a-aplicar-los-recortes-en-sus-presupuestos-los-responsables-de-marketing\/","og_site_name":"Marketing Zone Icesi","article_publisher":"https:\/\/www.facebook.com\/Marketingzoneicesi\/","article_published_time":"2020-11-19T17:00:59+00:00","og_image":[{"width":1024,"height":600,"url":"https:\/\/www.icesi.edu.co\/marketingzone\/wp-content\/uploads\/2020\/11\/fgb.jpg","type":"image\/jpeg"}],"author":"Marketing Zone Icesi","twitter_card":"summary_large_image","twitter_creator":"@MarketingZIcesi","twitter_site":"@MarketingZIcesi","twitter_misc":{"Escrito por":"Marketing Zone Icesi","Tiempo de lectura":"3 minutos"},"schema":{"@context":"https:\/\/schema.org","@graph":[{"@type":"Article","@id":"https:\/\/www.icesi.edu.co\/marketingzone\/echando-cuentas-donde-van-a-aplicar-los-recortes-en-sus-presupuestos-los-responsables-de-marketing\/#article","isPartOf":{"@id":"https:\/\/www.icesi.edu.co\/marketingzone\/echando-cuentas-donde-van-a-aplicar-los-recortes-en-sus-presupuestos-los-responsables-de-marketing\/"},"author":{"name":"Marketing Zone Icesi","@id":"https:\/\/www.icesi.edu.co\/marketingzone\/#\/schema\/person\/25d03b732d585809b3a2eff0ceace0d1"},"headline":"Echando cuentas: \u00bfD\u00f3nde van a aplicar los recortes en sus presupuestos los responsables de Marketing?","datePublished":"2020-11-19T17:00:59+00:00","mainEntityOfPage":{"@id":"https:\/\/www.icesi.edu.co\/marketingzone\/echando-cuentas-donde-van-a-aplicar-los-recortes-en-sus-presupuestos-los-responsables-de-marketing\/"},"wordCount":592,"commentCount":0,"image":{"@id":"https:\/\/www.icesi.edu.co\/marketingzone\/echando-cuentas-donde-van-a-aplicar-los-recortes-en-sus-presupuestos-los-responsables-de-marketing\/#primaryimage"},"thumbnailUrl":"https:\/\/www.icesi.edu.co\/marketingzone\/wp-content\/uploads\/2020\/11\/fgb.jpg","keywords":["Atencion","Destacado"],"articleSection":["Panorama"],"inLanguage":"es","potentialAction":[{"@type":"CommentAction","name":"Comment","target":["https:\/\/www.icesi.edu.co\/marketingzone\/echando-cuentas-donde-van-a-aplicar-los-recortes-en-sus-presupuestos-los-responsables-de-marketing\/#respond"]}]},{"@type":"WebPage","@id":"https:\/\/www.icesi.edu.co\/marketingzone\/echando-cuentas-donde-van-a-aplicar-los-recortes-en-sus-presupuestos-los-responsables-de-marketing\/","url":"https:\/\/www.icesi.edu.co\/marketingzone\/echando-cuentas-donde-van-a-aplicar-los-recortes-en-sus-presupuestos-los-responsables-de-marketing\/","name":"Echando cuentas: \u00bfD\u00f3nde van a aplicar los recortes en sus presupuestos los responsables de Marketing? | Marketing Zone Icesi","isPartOf":{"@id":"https:\/\/www.icesi.edu.co\/marketingzone\/#website"},"primaryImageOfPage":{"@id":"https:\/\/www.icesi.edu.co\/marketingzone\/echando-cuentas-donde-van-a-aplicar-los-recortes-en-sus-presupuestos-los-responsables-de-marketing\/#primaryimage"},"image":{"@id":"https:\/\/www.icesi.edu.co\/marketingzone\/echando-cuentas-donde-van-a-aplicar-los-recortes-en-sus-presupuestos-los-responsables-de-marketing\/#primaryimage"},"thumbnailUrl":"https:\/\/www.icesi.edu.co\/marketingzone\/wp-content\/uploads\/2020\/11\/fgb.jpg","datePublished":"2020-11-19T17:00:59+00:00","author":{"@id":"https:\/\/www.icesi.edu.co\/marketingzone\/#\/schema\/person\/25d03b732d585809b3a2eff0ceace0d1"},"breadcrumb":{"@id":"https:\/\/www.icesi.edu.co\/marketingzone\/echando-cuentas-donde-van-a-aplicar-los-recortes-en-sus-presupuestos-los-responsables-de-marketing\/#breadcrumb"},"inLanguage":"es","potentialAction":[{"@type":"ReadAction","target":["https:\/\/www.icesi.edu.co\/marketingzone\/echando-cuentas-donde-van-a-aplicar-los-recortes-en-sus-presupuestos-los-responsables-de-marketing\/"]}]},{"@type":"ImageObject","inLanguage":"es","@id":"https:\/\/www.icesi.edu.co\/marketingzone\/echando-cuentas-donde-van-a-aplicar-los-recortes-en-sus-presupuestos-los-responsables-de-marketing\/#primaryimage","url":"https:\/\/www.icesi.edu.co\/marketingzone\/wp-content\/uploads\/2020\/11\/fgb.jpg","contentUrl":"https:\/\/www.icesi.edu.co\/marketingzone\/wp-content\/uploads\/2020\/11\/fgb.jpg","width":1024,"height":600},{"@type":"BreadcrumbList","@id":"https:\/\/www.icesi.edu.co\/marketingzone\/echando-cuentas-donde-van-a-aplicar-los-recortes-en-sus-presupuestos-los-responsables-de-marketing\/#breadcrumb","itemListElement":[{"@type":"ListItem","position":1,"name":"Portada","item":"https:\/\/www.icesi.edu.co\/marketingzone\/"},{"@type":"ListItem","position":2,"name":"Echando cuentas: \u00bfD\u00f3nde van a aplicar los recortes en sus presupuestos los responsables de Marketing?"}]},{"@type":"WebSite","@id":"https:\/\/www.icesi.edu.co\/marketingzone\/#website","url":"https:\/\/www.icesi.edu.co\/marketingzone\/","name":"Marketing Zone - Universidad Icesi","description":"","potentialAction":[{"@type":"SearchAction","target":{"@type":"EntryPoint","urlTemplate":"https:\/\/www.icesi.edu.co\/marketingzone\/?s={search_term_string}"},"query-input":{"@type":"PropertyValueSpecification","valueRequired":true,"valueName":"search_term_string"}}],"inLanguage":"es"},{"@type":"Person","@id":"https:\/\/www.icesi.edu.co\/marketingzone\/#\/schema\/person\/25d03b732d585809b3a2eff0ceace0d1","name":"Marketing Zone Icesi","image":{"@type":"ImageObject","inLanguage":"es","@id":"https:\/\/www.icesi.edu.co\/marketingzone\/#\/schema\/person\/image\/","url":"https:\/\/secure.gravatar.com\/avatar\/53a50b6523bc5cef7b26e82f22f44bc258a528145fe2d3d93dde48079848723e?s=96&d=mm&r=g","contentUrl":"https:\/\/secure.gravatar.com\/avatar\/53a50b6523bc5cef7b26e82f22f44bc258a528145fe2d3d93dde48079848723e?s=96&d=mm&r=g","caption":"Marketing Zone Icesi"},"url":"https:\/\/www.icesi.edu.co\/marketingzone\/author\/1151965103\/"}]}},"uagb_featured_image_src":{"full":["https:\/\/www.icesi.edu.co\/marketingzone\/wp-content\/uploads\/2020\/11\/fgb.jpg",1024,600,false],"thumbnail":["https:\/\/www.icesi.edu.co\/marketingzone\/wp-content\/uploads\/2020\/11\/fgb-150x150.jpg",150,150,true],"medium":["https:\/\/www.icesi.edu.co\/marketingzone\/wp-content\/uploads\/2020\/11\/fgb-300x176.jpg",300,176,true],"medium_large":["https:\/\/www.icesi.edu.co\/marketingzone\/wp-content\/uploads\/2020\/11\/fgb-768x450.jpg",640,375,true],"large":["https:\/\/www.icesi.edu.co\/marketingzone\/wp-content\/uploads\/2020\/11\/fgb.jpg",640,375,false],"1536x1536":["https:\/\/www.icesi.edu.co\/marketingzone\/wp-content\/uploads\/2020\/11\/fgb.jpg",1024,600,false],"2048x2048":["https:\/\/www.icesi.edu.co\/marketingzone\/wp-content\/uploads\/2020\/11\/fgb.jpg",1024,600,false]},"uagb_author_info":{"display_name":"Marketing Zone Icesi","author_link":"https:\/\/www.icesi.edu.co\/marketingzone\/author\/1151965103\/"},"uagb_comment_info":0,"uagb_excerpt":"Todo lo que se esperaba de este a\u00f1o se ha quedado a medias por culpa de la crisis del coronavirus. Uno de los efectos directos que ha tenido la crisis ha sido la de impactar en los presupuestos de marketing y publicidad. Aunque algunas compa\u00f1\u00edas han aumentado la inversi\u00f3n, como han hecho las firmas de&hellip;","_links":{"self":[{"href":"https:\/\/www.icesi.edu.co\/marketingzone\/wp-json\/wp\/v2\/posts\/5801","targetHints":{"allow":["GET"]}}],"collection":[{"href":"https:\/\/www.icesi.edu.co\/marketingzone\/wp-json\/wp\/v2\/posts"}],"about":[{"href":"https:\/\/www.icesi.edu.co\/marketingzone\/wp-json\/wp\/v2\/types\/post"}],"author":[{"embeddable":true,"href":"https:\/\/www.icesi.edu.co\/marketingzone\/wp-json\/wp\/v2\/users\/50"}],"replies":[{"embeddable":true,"href":"https:\/\/www.icesi.edu.co\/marketingzone\/wp-json\/wp\/v2\/comments?post=5801"}],"version-history":[{"count":2,"href":"https:\/\/www.icesi.edu.co\/marketingzone\/wp-json\/wp\/v2\/posts\/5801\/revisions"}],"predecessor-version":[{"id":5804,"href":"https:\/\/www.icesi.edu.co\/marketingzone\/wp-json\/wp\/v2\/posts\/5801\/revisions\/5804"}],"wp:featuredmedia":[{"embeddable":true,"href":"https:\/\/www.icesi.edu.co\/marketingzone\/wp-json\/wp\/v2\/media\/5803"}],"wp:attachment":[{"href":"https:\/\/www.icesi.edu.co\/marketingzone\/wp-json\/wp\/v2\/media?parent=5801"}],"wp:term":[{"taxonomy":"category","embeddable":true,"href":"https:\/\/www.icesi.edu.co\/marketingzone\/wp-json\/wp\/v2\/categories?post=5801"},{"taxonomy":"post_tag","embeddable":true,"href":"https:\/\/www.icesi.edu.co\/marketingzone\/wp-json\/wp\/v2\/tags?post=5801"}],"curies":[{"name":"wp","href":"https:\/\/api.w.org\/{rel}","templated":true}]}}