{"id":6393,"date":"2021-06-16T14:00:33","date_gmt":"2021-06-16T19:00:33","guid":{"rendered":"http:\/\/www.icesi.edu.co\/marketingzone\/?p=6393"},"modified":"2021-06-22T10:07:06","modified_gmt":"2021-06-22T15:07:06","slug":"como-ha-afectado-la-pandemia-a-las-redes-sociales","status":"publish","type":"post","link":"https:\/\/www.icesi.edu.co\/marketingzone\/como-ha-afectado-la-pandemia-a-las-redes-sociales\/","title":{"rendered":"\u00bfC\u00f3mo ha afectado la pandemia a las redes sociales?"},"content":{"rendered":"<p>Pueden ver la publicaci\u00f3n original<a href=\"https:\/\/www.america-retail.com\/marketing-digital\/marketing-digital-como-ha-afectado-la-pandemia-a-las-redes-sociales\/\"> aqu\u00ed\u00a0<\/a><\/p>\n<p>2020 impuls\u00f3 el consumo digital a nuevos l\u00edmites y sucedi\u00f3 lo mismo con\u00a0<strong>las redes sociales<\/strong>. La actividad de los millennials y la Generaci\u00f3n Z en estas plataformas, por ejemplo,\u00a0<strong>ha incrementado un 78%<\/strong>, as\u00ed como la publicaci\u00f3n de contenidos, que ha subido un 45%.<\/p>\n<p>En la mayor parte de los casos,\u00a0<strong>el objetivo era poder entretenerse<\/strong>. Sin embargo, en Espa\u00f1a este dato cambia con un 14% frente al 37% que las utiliz\u00f3 para\u00a0<strong>mantenerse en contacto con la familia y los amigos.<\/strong>\u00a0Esto explica la incre\u00edble cifra del 95% de los espa\u00f1oles con menos de 35 a\u00f1os que utilizan WhatsApp.<\/p>\n<div id=\"vidoomy\">\n<div>\n<div id=\"1623297793958228543921\">En general, los menores de 35 a\u00f1os encontraron su hogar en los contenidos digitales, especialmente en YouTube. Pero estas generaciones no son las \u00fanicas implicadas, puesto que\u00a0<strong>un 25% de la generaci\u00f3n de m\u00e1s de 60 a\u00f1os se ha inscrito en al menos una red social\u00a0<\/strong>desde el a\u00f1o pasado. La raz\u00f3n principal: mantenerse en contacto con sus seres queridos.<\/div>\n<\/div>\n<\/div>\n<p>En Francia, Alemania y Pa\u00edses Bajos\u00a0<strong>los mayores de 60 afirmaron que prefieren los contenidos escritos<\/strong>\u00a0a cualquier otro formato de contenido digital (42%, 46% y 39%, respectivamente).<\/p>\n<p>Esas son algunas de las\u00a0<a href=\"https:\/\/www.sortlist.es\/blog\/el-uso-de-las-redes-sociales\/\" target=\"_blank\" rel=\"noreferrer noopener nofollow\">conclusiones del estudio que\u00a0<strong>Sortlist\u00a0<\/strong>ha publicado<\/a>\u00a0sobre los cambios de uso de las redes a ra\u00edz de 2020 en cada una de las generaciones. Para hacerlo se ha basado en los resultados de una encuesta hecha a 1.000 usuarios de Espa\u00f1a, B\u00e9lgica, Alemania, Francia y Pa\u00edses Bajos.<\/p>\n<div class=\"wp-block-image\">\n<figure class=\"aligncenter size-large\"><img loading=\"lazy\" decoding=\"async\" class=\"wp-image-637893 td-animation-stack-type0-2\" src=\"https:\/\/www.marketingdirecto.com\/wp-content\/uploads\/2021\/06\/contenido-digital-sortlist.jpg\" sizes=\"auto, (max-width: 1200px) 100vw, 1200px\" srcset=\"https:\/\/www.marketingdirecto.com\/wp-content\/uploads\/2021\/06\/contenido-digital-sortlist.jpg 1200w, https:\/\/www.marketingdirecto.com\/wp-content\/uploads\/2021\/06\/contenido-digital-sortlist-850x478.jpg 850w, https:\/\/www.marketingdirecto.com\/wp-content\/uploads\/2021\/06\/contenido-digital-sortlist-768x432.jpg 768w, https:\/\/www.marketingdirecto.com\/wp-content\/uploads\/2021\/06\/contenido-digital-sortlist-100x56.jpg 100w, https:\/\/www.marketingdirecto.com\/wp-content\/uploads\/2021\/06\/contenido-digital-sortlist-280x158.jpg 280w\" alt=\" contenido digital sortlist\" width=\"1200\" height=\"675\" \/><\/figure>\n<\/div>\n<h2>Los principales cambios en el uso de redes sociales en el \u00faltimo a\u00f1o<\/h2>\n<p>Entre los puntos m\u00e1s significantes, adem\u00e1s de los mencionados antes, encontramos que\u00a0<strong>el 36% de los entrevistados en Espa\u00f1a prefiere los contenidos de v\u00eddeo<\/strong>\u00a0a todos los dem\u00e1s formatos de contenido. En el caso de Francia, Alemania y Pa\u00edses Bajos triunfan los contenidos escritos, seguidos del v\u00eddeo.<\/p>\n<p>La plataforma preferida por los menores de 35 a\u00f1os es\u00a0<strong>YouTube<\/strong>, seguida de\u00a0<strong>WhatsApp\u00a0<\/strong>e\u00a0<strong><a href=\"https:\/\/www.marketingdirecto.com\/digital-general\/social-media-marketing\/mensajes-instagram-gestionar-hootsuite\" target=\"_blank\" rel=\"noreferrer noopener\">Instagram<\/a><\/strong>.\u00a0<strong>Facebook es el n\u00famero uno entre los boomers<\/strong>, a los que tambi\u00e9n conquistan WhatsApp y YouTube.<\/p>\n<p>En cuanto a tem\u00e1ticas,<strong>\u00a0la ciencia fue el principal tema de inter\u00e9s,<\/strong>\u00a0con un 29% de publicaciones compartidas relacionadas a esta tem\u00e1tica.<\/p>\n<p>Las generaciones mayores pasan de media en las redes sociales entre 1 y 2 horas diarias menos que los m\u00e1s j\u00f3venes.\u00a0<strong>Un 28% de estos \u00faltimos pasa entre 2 y 3 horas<\/strong>, mientras que un 26% dedica m\u00e1s de 4 horas diarias.<\/p>\n<p>En este sentido, cabe destacar que\u00a0<strong>el 32% de los menores de 35 a\u00f1os quiere disminuir su uso<\/strong>, aunque el 72% de los millennials y la Generaci\u00f3n Z no ha pensado ning\u00fan momento en dejar las redes sociales durante la pandemia. Esa cifra se eleva al 80% en Espa\u00f1a y Francia. La tendencia es menos pronunciada en Pa\u00edses Bajos, donde hay un 61% que no se ha planteado dejarlas.<\/p>\n<p>El 67% de los millennials y la Generaci\u00f3n Z admite haber<strong>\u00a0interactuado m\u00e1s con los contenidos en las redes,<\/strong>\u00a0con comentarios, likes, divulgaci\u00f3n o participaci\u00f3n en concursos. Los j\u00f3venes espa\u00f1oles son los m\u00e1s activos, con un 79% declarando haber aumentado su tasa de compromiso. Los j\u00f3venes alemanes se encuentran en el extremo opuesto, con solo un 58%.<\/p>\n<div class=\"wp-block-image\">\n<figure class=\"aligncenter size-large\"><img loading=\"lazy\" decoding=\"async\" class=\"wp-image-637894 td-animation-stack-type0-2\" src=\"https:\/\/www.marketingdirecto.com\/wp-content\/uploads\/2021\/06\/plataformas-digitales-mas-utilizadas.jpg\" sizes=\"auto, (max-width: 1200px) 100vw, 1200px\" srcset=\"https:\/\/www.marketingdirecto.com\/wp-content\/uploads\/2021\/06\/plataformas-digitales-mas-utilizadas.jpg 1200w, https:\/\/www.marketingdirecto.com\/wp-content\/uploads\/2021\/06\/plataformas-digitales-mas-utilizadas-850x478.jpg 850w, https:\/\/www.marketingdirecto.com\/wp-content\/uploads\/2021\/06\/plataformas-digitales-mas-utilizadas-768x432.jpg 768w, https:\/\/www.marketingdirecto.com\/wp-content\/uploads\/2021\/06\/plataformas-digitales-mas-utilizadas-100x56.jpg 100w, https:\/\/www.marketingdirecto.com\/wp-content\/uploads\/2021\/06\/plataformas-digitales-mas-utilizadas-280x158.jpg 280w\" alt=\" plataformas digitales mas utilizadas\" width=\"1200\" height=\"675\" \/><\/figure>\n<p>2020 impuls\u00f3 el consumo digital a nuevos l\u00edmites y sucedi\u00f3 lo mismo con\u00a0<strong>las redes sociales<\/strong>. La actividad de los millennials y la Generaci\u00f3n Z en estas plataformas, por ejemplo,\u00a0<strong>ha incrementado un 78%<\/strong>, as\u00ed como la publicaci\u00f3n de contenidos, que ha subido un 45%.<\/p>\n<p>En la mayor parte de los casos,\u00a0<strong>el objetivo era poder entretenerse<\/strong>. Sin embargo, en Espa\u00f1a este dato cambia con un 14% frente al 37% que las utiliz\u00f3 para\u00a0<strong>mantenerse en contacto con la familia y los amigos.<\/strong>\u00a0Esto explica la incre\u00edble cifra del 95% de los espa\u00f1oles con menos de 35 a\u00f1os que utilizan WhatsApp.<\/p>\n<div id=\"vidoomy\">\n<div>\n<div id=\"1623297793958228543921\">En general, los menores de 35 a\u00f1os encontraron su hogar en los contenidos digitales, especialmente en YouTube. Pero estas generaciones no son las \u00fanicas implicadas, puesto que\u00a0<strong>un 25% de la generaci\u00f3n de m\u00e1s de 60 a\u00f1os se ha inscrito en al menos una red social\u00a0<\/strong>desde el a\u00f1o pasado. La raz\u00f3n principal: mantenerse en contacto con sus seres queridos.<\/div>\n<\/div>\n<\/div>\n<p>En Francia, Alemania y Pa\u00edses Bajos\u00a0<strong>los mayores de 60 afirmaron que prefieren los contenidos escritos<\/strong>\u00a0a cualquier otro formato de contenido digital (42%, 46% y 39%, respectivamente).<\/p>\n<p>Esas son algunas de las\u00a0<a href=\"https:\/\/www.sortlist.es\/blog\/el-uso-de-las-redes-sociales\/\" target=\"_blank\" rel=\"noreferrer noopener nofollow\">conclusiones del estudio que\u00a0<strong>Sortlist\u00a0<\/strong>ha publicado<\/a>\u00a0sobre los cambios de uso de las redes a ra\u00edz de 2020 en cada una de las generaciones. Para hacerlo se ha basado en los resultados de una encuesta hecha a 1.000 usuarios de Espa\u00f1a, B\u00e9lgica, Alemania, Francia y Pa\u00edses Bajos.<\/p>\n<div class=\"wp-block-image\">\n<figure class=\"aligncenter size-large\"><img loading=\"lazy\" decoding=\"async\" class=\"wp-image-637893 td-animation-stack-type0-2\" src=\"https:\/\/www.marketingdirecto.com\/wp-content\/uploads\/2021\/06\/contenido-digital-sortlist.jpg\" sizes=\"auto, (max-width: 1200px) 100vw, 1200px\" srcset=\"https:\/\/www.marketingdirecto.com\/wp-content\/uploads\/2021\/06\/contenido-digital-sortlist.jpg 1200w, https:\/\/www.marketingdirecto.com\/wp-content\/uploads\/2021\/06\/contenido-digital-sortlist-850x478.jpg 850w, https:\/\/www.marketingdirecto.com\/wp-content\/uploads\/2021\/06\/contenido-digital-sortlist-768x432.jpg 768w, https:\/\/www.marketingdirecto.com\/wp-content\/uploads\/2021\/06\/contenido-digital-sortlist-100x56.jpg 100w, https:\/\/www.marketingdirecto.com\/wp-content\/uploads\/2021\/06\/contenido-digital-sortlist-280x158.jpg 280w\" alt=\" contenido digital sortlist\" width=\"1200\" height=\"675\" \/><\/figure>\n<\/div>\n<h2>Los principales cambios en el uso de redes sociales en el \u00faltimo a\u00f1o<\/h2>\n<p>Entre los puntos m\u00e1s significantes, adem\u00e1s de los mencionados antes, encontramos que\u00a0<strong>el 36% de los entrevistados en Espa\u00f1a prefiere los contenidos de v\u00eddeo<\/strong>\u00a0a todos los dem\u00e1s formatos de contenido. En el caso de Francia, Alemania y Pa\u00edses Bajos triunfan los contenidos escritos, seguidos del v\u00eddeo.<\/p>\n<p>La plataforma preferida por los menores de 35 a\u00f1os es\u00a0<strong>YouTube<\/strong>, seguida de\u00a0<strong>WhatsApp\u00a0<\/strong>e\u00a0<strong><a href=\"https:\/\/www.marketingdirecto.com\/digital-general\/social-media-marketing\/mensajes-instagram-gestionar-hootsuite\" target=\"_blank\" rel=\"noreferrer noopener\">Instagram<\/a><\/strong>.\u00a0<strong>Facebook es el n\u00famero uno entre los boomers<\/strong>, a los que tambi\u00e9n conquistan WhatsApp y YouTube.<\/p>\n<p>En cuanto a tem\u00e1ticas,<strong>\u00a0la ciencia fue el principal tema de inter\u00e9s,<\/strong>\u00a0con un 29% de publicaciones compartidas relacionadas a esta tem\u00e1tica.<\/p>\n<p>Las generaciones mayores pasan de media en las redes sociales entre 1 y 2 horas diarias menos que los m\u00e1s j\u00f3venes.\u00a0<strong>Un 28% de estos \u00faltimos pasa entre 2 y 3 horas<\/strong>, mientras que un 26% dedica m\u00e1s de 4 horas diarias.<\/p>\n<p>En este sentido, cabe destacar que\u00a0<strong>el 32% de los menores de 35 a\u00f1os quiere disminuir su uso<\/strong>, aunque el 72% de los millennials y la Generaci\u00f3n Z no ha pensado ning\u00fan momento en dejar las redes sociales durante la pandemia. Esa cifra se eleva al 80% en Espa\u00f1a y Francia. La tendencia es menos pronunciada en Pa\u00edses Bajos, donde hay un 61% que no se ha planteado dejarlas.<\/p>\n<p>El 67% de los millennials y la Generaci\u00f3n Z admite haber<strong>\u00a0interactuado m\u00e1s con los contenidos en las redes,<\/strong>\u00a0con comentarios, likes, divulgaci\u00f3n o participaci\u00f3n en concursos. Los j\u00f3venes espa\u00f1oles son los m\u00e1s activos, con un 79% declarando haber aumentado su tasa de compromiso. Los j\u00f3venes alemanes se encuentran en el extremo opuesto, con solo un 58%.<\/p>\n<div class=\"wp-block-image\">\n<figure class=\"aligncenter size-large\"><img loading=\"lazy\" decoding=\"async\" class=\"wp-image-637894 td-animation-stack-type0-2\" src=\"https:\/\/www.marketingdirecto.com\/wp-content\/uploads\/2021\/06\/plataformas-digitales-mas-utilizadas.jpg\" sizes=\"auto, (max-width: 1200px) 100vw, 1200px\" srcset=\"https:\/\/www.marketingdirecto.com\/wp-content\/uploads\/2021\/06\/plataformas-digitales-mas-utilizadas.jpg 1200w, https:\/\/www.marketingdirecto.com\/wp-content\/uploads\/2021\/06\/plataformas-digitales-mas-utilizadas-850x478.jpg 850w, https:\/\/www.marketingdirecto.com\/wp-content\/uploads\/2021\/06\/plataformas-digitales-mas-utilizadas-768x432.jpg 768w, https:\/\/www.marketingdirecto.com\/wp-content\/uploads\/2021\/06\/plataformas-digitales-mas-utilizadas-100x56.jpg 100w, https:\/\/www.marketingdirecto.com\/wp-content\/uploads\/2021\/06\/plataformas-digitales-mas-utilizadas-280x158.jpg 280w\" alt=\" plataformas digitales mas utilizadas\" width=\"1200\" height=\"675\" \/><\/figure>\n<p><strong>Fuente:\u00a0<\/strong><a href=\"https:\/\/www.america-retail.com\/marketing-digital\/marketing-digital-como-ha-afectado-la-pandemia-a-las-redes-sociales\/\">https:\/\/www.america-retail.com\/marketing-digital\/marketing-digital-como-ha-afectado-la-pandemia-a-las-redes-sociales\/<\/a><\/p>\n<\/div>\n<\/div>\n","protected":false},"excerpt":{"rendered":"<p>Pueden ver la publicaci\u00f3n original aqu\u00ed\u00a0 2020 impuls\u00f3 el consumo digital a nuevos l\u00edmites y sucedi\u00f3 lo mismo con\u00a0las redes sociales. La actividad de los millennials y la Generaci\u00f3n Z en estas plataformas, por ejemplo,\u00a0ha incrementado un 78%, as\u00ed como la publicaci\u00f3n de contenidos, que ha subido un 45%. En la mayor parte de los [&hellip;]<\/p>\n","protected":false},"author":52,"featured_media":5593,"comment_status":"open","ping_status":"open","sticky":false,"template":"","format":"standard","meta":{"_uag_custom_page_level_css":"","footnotes":""},"categories":[58],"tags":[],"class_list":["post-6393","post","type-post","status-publish","format-standard","has-post-thumbnail","hentry","category-panorama"],"yoast_head":"<!-- This site is optimized with the Yoast SEO plugin v26.8 - https:\/\/yoast.com\/product\/yoast-seo-wordpress\/ -->\n<title>\u00bfC\u00f3mo ha afectado la pandemia a las redes sociales? | Marketing Zone Icesi<\/title>\n<meta name=\"robots\" content=\"index, follow, max-snippet:-1, max-image-preview:large, max-video-preview:-1\" \/>\n<link rel=\"canonical\" href=\"https:\/\/www.icesi.edu.co\/marketingzone\/como-ha-afectado-la-pandemia-a-las-redes-sociales\/\" \/>\n<meta property=\"og:locale\" content=\"es_ES\" \/>\n<meta property=\"og:type\" content=\"article\" \/>\n<meta property=\"og:title\" content=\"\u00bfC\u00f3mo ha afectado la pandemia a las redes sociales? | Marketing Zone Icesi\" \/>\n<meta property=\"og:description\" content=\"Pueden ver la publicaci\u00f3n original aqu\u00ed\u00a0 2020 impuls\u00f3 el consumo digital a nuevos l\u00edmites y sucedi\u00f3 lo mismo con\u00a0las redes sociales. La actividad de los millennials y la Generaci\u00f3n Z en estas plataformas, por ejemplo,\u00a0ha incrementado un 78%, as\u00ed como la publicaci\u00f3n de contenidos, que ha subido un 45%. En la mayor parte de los [&hellip;]\" \/>\n<meta property=\"og:url\" content=\"https:\/\/www.icesi.edu.co\/marketingzone\/como-ha-afectado-la-pandemia-a-las-redes-sociales\/\" \/>\n<meta property=\"og:site_name\" content=\"Marketing Zone Icesi\" \/>\n<meta property=\"article:publisher\" content=\"https:\/\/www.facebook.com\/Marketingzoneicesi\/\" \/>\n<meta property=\"article:published_time\" content=\"2021-06-16T19:00:33+00:00\" \/>\n<meta property=\"article:modified_time\" content=\"2021-06-22T15:07:06+00:00\" \/>\n<meta property=\"og:image\" content=\"https:\/\/www.icesi.edu.co\/marketingzone\/wp-content\/uploads\/2020\/09\/51525.jpg\" \/>\n\t<meta property=\"og:image:width\" content=\"696\" \/>\n\t<meta property=\"og:image:height\" content=\"464\" \/>\n\t<meta property=\"og:image:type\" content=\"image\/jpeg\" \/>\n<meta name=\"author\" content=\"Marketing Zone Icesi\" \/>\n<meta name=\"twitter:card\" content=\"summary_large_image\" \/>\n<meta name=\"twitter:creator\" content=\"@MarketingZIcesi\" \/>\n<meta name=\"twitter:site\" content=\"@MarketingZIcesi\" \/>\n<meta name=\"twitter:label1\" content=\"Escrito por\" \/>\n\t<meta name=\"twitter:data1\" content=\"Marketing Zone Icesi\" \/>\n\t<meta name=\"twitter:label2\" content=\"Tiempo de lectura\" \/>\n\t<meta name=\"twitter:data2\" content=\"5 minutos\" \/>\n<script type=\"application\/ld+json\" class=\"yoast-schema-graph\">{\"@context\":\"https:\/\/schema.org\",\"@graph\":[{\"@type\":\"Article\",\"@id\":\"https:\/\/www.icesi.edu.co\/marketingzone\/como-ha-afectado-la-pandemia-a-las-redes-sociales\/#article\",\"isPartOf\":{\"@id\":\"https:\/\/www.icesi.edu.co\/marketingzone\/como-ha-afectado-la-pandemia-a-las-redes-sociales\/\"},\"author\":{\"name\":\"Marketing Zone Icesi\",\"@id\":\"https:\/\/www.icesi.edu.co\/marketingzone\/#\/schema\/person\/59460cf35beca1a3a7aaa4536753e6c3\"},\"headline\":\"\u00bfC\u00f3mo ha afectado la pandemia a las redes sociales?\",\"datePublished\":\"2021-06-16T19:00:33+00:00\",\"dateModified\":\"2021-06-22T15:07:06+00:00\",\"mainEntityOfPage\":{\"@id\":\"https:\/\/www.icesi.edu.co\/marketingzone\/como-ha-afectado-la-pandemia-a-las-redes-sociales\/\"},\"wordCount\":1100,\"commentCount\":0,\"image\":{\"@id\":\"https:\/\/www.icesi.edu.co\/marketingzone\/como-ha-afectado-la-pandemia-a-las-redes-sociales\/#primaryimage\"},\"thumbnailUrl\":\"https:\/\/www.icesi.edu.co\/marketingzone\/wp-content\/uploads\/2020\/09\/51525.jpg\",\"articleSection\":[\"Panorama\"],\"inLanguage\":\"es\",\"potentialAction\":[{\"@type\":\"CommentAction\",\"name\":\"Comment\",\"target\":[\"https:\/\/www.icesi.edu.co\/marketingzone\/como-ha-afectado-la-pandemia-a-las-redes-sociales\/#respond\"]}]},{\"@type\":\"WebPage\",\"@id\":\"https:\/\/www.icesi.edu.co\/marketingzone\/como-ha-afectado-la-pandemia-a-las-redes-sociales\/\",\"url\":\"https:\/\/www.icesi.edu.co\/marketingzone\/como-ha-afectado-la-pandemia-a-las-redes-sociales\/\",\"name\":\"\u00bfC\u00f3mo ha afectado la pandemia a las redes sociales? | Marketing Zone Icesi\",\"isPartOf\":{\"@id\":\"https:\/\/www.icesi.edu.co\/marketingzone\/#website\"},\"primaryImageOfPage\":{\"@id\":\"https:\/\/www.icesi.edu.co\/marketingzone\/como-ha-afectado-la-pandemia-a-las-redes-sociales\/#primaryimage\"},\"image\":{\"@id\":\"https:\/\/www.icesi.edu.co\/marketingzone\/como-ha-afectado-la-pandemia-a-las-redes-sociales\/#primaryimage\"},\"thumbnailUrl\":\"https:\/\/www.icesi.edu.co\/marketingzone\/wp-content\/uploads\/2020\/09\/51525.jpg\",\"datePublished\":\"2021-06-16T19:00:33+00:00\",\"dateModified\":\"2021-06-22T15:07:06+00:00\",\"author\":{\"@id\":\"https:\/\/www.icesi.edu.co\/marketingzone\/#\/schema\/person\/59460cf35beca1a3a7aaa4536753e6c3\"},\"breadcrumb\":{\"@id\":\"https:\/\/www.icesi.edu.co\/marketingzone\/como-ha-afectado-la-pandemia-a-las-redes-sociales\/#breadcrumb\"},\"inLanguage\":\"es\",\"potentialAction\":[{\"@type\":\"ReadAction\",\"target\":[\"https:\/\/www.icesi.edu.co\/marketingzone\/como-ha-afectado-la-pandemia-a-las-redes-sociales\/\"]}]},{\"@type\":\"ImageObject\",\"inLanguage\":\"es\",\"@id\":\"https:\/\/www.icesi.edu.co\/marketingzone\/como-ha-afectado-la-pandemia-a-las-redes-sociales\/#primaryimage\",\"url\":\"https:\/\/www.icesi.edu.co\/marketingzone\/wp-content\/uploads\/2020\/09\/51525.jpg\",\"contentUrl\":\"https:\/\/www.icesi.edu.co\/marketingzone\/wp-content\/uploads\/2020\/09\/51525.jpg\",\"width\":696,\"height\":464},{\"@type\":\"BreadcrumbList\",\"@id\":\"https:\/\/www.icesi.edu.co\/marketingzone\/como-ha-afectado-la-pandemia-a-las-redes-sociales\/#breadcrumb\",\"itemListElement\":[{\"@type\":\"ListItem\",\"position\":1,\"name\":\"Portada\",\"item\":\"https:\/\/www.icesi.edu.co\/marketingzone\/\"},{\"@type\":\"ListItem\",\"position\":2,\"name\":\"\u00bfC\u00f3mo ha afectado la pandemia a las redes sociales?\"}]},{\"@type\":\"WebSite\",\"@id\":\"https:\/\/www.icesi.edu.co\/marketingzone\/#website\",\"url\":\"https:\/\/www.icesi.edu.co\/marketingzone\/\",\"name\":\"Marketing Zone - Universidad Icesi\",\"description\":\"\",\"potentialAction\":[{\"@type\":\"SearchAction\",\"target\":{\"@type\":\"EntryPoint\",\"urlTemplate\":\"https:\/\/www.icesi.edu.co\/marketingzone\/?s={search_term_string}\"},\"query-input\":{\"@type\":\"PropertyValueSpecification\",\"valueRequired\":true,\"valueName\":\"search_term_string\"}}],\"inLanguage\":\"es\"},{\"@type\":\"Person\",\"@id\":\"https:\/\/www.icesi.edu.co\/marketingzone\/#\/schema\/person\/59460cf35beca1a3a7aaa4536753e6c3\",\"name\":\"Marketing Zone Icesi\",\"image\":{\"@type\":\"ImageObject\",\"inLanguage\":\"es\",\"@id\":\"https:\/\/www.icesi.edu.co\/marketingzone\/#\/schema\/person\/image\/\",\"url\":\"https:\/\/secure.gravatar.com\/avatar\/9ca4eb2673bf04f9a460bcec8c7c57f36f3f176c237aefc7e2f919b089239282?s=96&d=mm&r=g\",\"contentUrl\":\"https:\/\/secure.gravatar.com\/avatar\/9ca4eb2673bf04f9a460bcec8c7c57f36f3f176c237aefc7e2f919b089239282?s=96&d=mm&r=g\",\"caption\":\"Marketing Zone Icesi\"},\"url\":\"https:\/\/www.icesi.edu.co\/marketingzone\/author\/administrator\/\"}]}<\/script>\n<!-- \/ Yoast SEO plugin. -->","yoast_head_json":{"title":"\u00bfC\u00f3mo ha afectado la pandemia a las redes sociales? | Marketing Zone Icesi","robots":{"index":"index","follow":"follow","max-snippet":"max-snippet:-1","max-image-preview":"max-image-preview:large","max-video-preview":"max-video-preview:-1"},"canonical":"https:\/\/www.icesi.edu.co\/marketingzone\/como-ha-afectado-la-pandemia-a-las-redes-sociales\/","og_locale":"es_ES","og_type":"article","og_title":"\u00bfC\u00f3mo ha afectado la pandemia a las redes sociales? | Marketing Zone Icesi","og_description":"Pueden ver la publicaci\u00f3n original aqu\u00ed\u00a0 2020 impuls\u00f3 el consumo digital a nuevos l\u00edmites y sucedi\u00f3 lo mismo con\u00a0las redes sociales. La actividad de los millennials y la Generaci\u00f3n Z en estas plataformas, por ejemplo,\u00a0ha incrementado un 78%, as\u00ed como la publicaci\u00f3n de contenidos, que ha subido un 45%. En la mayor parte de los [&hellip;]","og_url":"https:\/\/www.icesi.edu.co\/marketingzone\/como-ha-afectado-la-pandemia-a-las-redes-sociales\/","og_site_name":"Marketing Zone Icesi","article_publisher":"https:\/\/www.facebook.com\/Marketingzoneicesi\/","article_published_time":"2021-06-16T19:00:33+00:00","article_modified_time":"2021-06-22T15:07:06+00:00","og_image":[{"width":696,"height":464,"url":"https:\/\/www.icesi.edu.co\/marketingzone\/wp-content\/uploads\/2020\/09\/51525.jpg","type":"image\/jpeg"}],"author":"Marketing Zone Icesi","twitter_card":"summary_large_image","twitter_creator":"@MarketingZIcesi","twitter_site":"@MarketingZIcesi","twitter_misc":{"Escrito por":"Marketing Zone Icesi","Tiempo de lectura":"5 minutos"},"schema":{"@context":"https:\/\/schema.org","@graph":[{"@type":"Article","@id":"https:\/\/www.icesi.edu.co\/marketingzone\/como-ha-afectado-la-pandemia-a-las-redes-sociales\/#article","isPartOf":{"@id":"https:\/\/www.icesi.edu.co\/marketingzone\/como-ha-afectado-la-pandemia-a-las-redes-sociales\/"},"author":{"name":"Marketing Zone Icesi","@id":"https:\/\/www.icesi.edu.co\/marketingzone\/#\/schema\/person\/59460cf35beca1a3a7aaa4536753e6c3"},"headline":"\u00bfC\u00f3mo ha afectado la pandemia a las redes sociales?","datePublished":"2021-06-16T19:00:33+00:00","dateModified":"2021-06-22T15:07:06+00:00","mainEntityOfPage":{"@id":"https:\/\/www.icesi.edu.co\/marketingzone\/como-ha-afectado-la-pandemia-a-las-redes-sociales\/"},"wordCount":1100,"commentCount":0,"image":{"@id":"https:\/\/www.icesi.edu.co\/marketingzone\/como-ha-afectado-la-pandemia-a-las-redes-sociales\/#primaryimage"},"thumbnailUrl":"https:\/\/www.icesi.edu.co\/marketingzone\/wp-content\/uploads\/2020\/09\/51525.jpg","articleSection":["Panorama"],"inLanguage":"es","potentialAction":[{"@type":"CommentAction","name":"Comment","target":["https:\/\/www.icesi.edu.co\/marketingzone\/como-ha-afectado-la-pandemia-a-las-redes-sociales\/#respond"]}]},{"@type":"WebPage","@id":"https:\/\/www.icesi.edu.co\/marketingzone\/como-ha-afectado-la-pandemia-a-las-redes-sociales\/","url":"https:\/\/www.icesi.edu.co\/marketingzone\/como-ha-afectado-la-pandemia-a-las-redes-sociales\/","name":"\u00bfC\u00f3mo ha afectado la pandemia a las redes sociales? | Marketing Zone Icesi","isPartOf":{"@id":"https:\/\/www.icesi.edu.co\/marketingzone\/#website"},"primaryImageOfPage":{"@id":"https:\/\/www.icesi.edu.co\/marketingzone\/como-ha-afectado-la-pandemia-a-las-redes-sociales\/#primaryimage"},"image":{"@id":"https:\/\/www.icesi.edu.co\/marketingzone\/como-ha-afectado-la-pandemia-a-las-redes-sociales\/#primaryimage"},"thumbnailUrl":"https:\/\/www.icesi.edu.co\/marketingzone\/wp-content\/uploads\/2020\/09\/51525.jpg","datePublished":"2021-06-16T19:00:33+00:00","dateModified":"2021-06-22T15:07:06+00:00","author":{"@id":"https:\/\/www.icesi.edu.co\/marketingzone\/#\/schema\/person\/59460cf35beca1a3a7aaa4536753e6c3"},"breadcrumb":{"@id":"https:\/\/www.icesi.edu.co\/marketingzone\/como-ha-afectado-la-pandemia-a-las-redes-sociales\/#breadcrumb"},"inLanguage":"es","potentialAction":[{"@type":"ReadAction","target":["https:\/\/www.icesi.edu.co\/marketingzone\/como-ha-afectado-la-pandemia-a-las-redes-sociales\/"]}]},{"@type":"ImageObject","inLanguage":"es","@id":"https:\/\/www.icesi.edu.co\/marketingzone\/como-ha-afectado-la-pandemia-a-las-redes-sociales\/#primaryimage","url":"https:\/\/www.icesi.edu.co\/marketingzone\/wp-content\/uploads\/2020\/09\/51525.jpg","contentUrl":"https:\/\/www.icesi.edu.co\/marketingzone\/wp-content\/uploads\/2020\/09\/51525.jpg","width":696,"height":464},{"@type":"BreadcrumbList","@id":"https:\/\/www.icesi.edu.co\/marketingzone\/como-ha-afectado-la-pandemia-a-las-redes-sociales\/#breadcrumb","itemListElement":[{"@type":"ListItem","position":1,"name":"Portada","item":"https:\/\/www.icesi.edu.co\/marketingzone\/"},{"@type":"ListItem","position":2,"name":"\u00bfC\u00f3mo ha afectado la pandemia a las redes sociales?"}]},{"@type":"WebSite","@id":"https:\/\/www.icesi.edu.co\/marketingzone\/#website","url":"https:\/\/www.icesi.edu.co\/marketingzone\/","name":"Marketing Zone - Universidad Icesi","description":"","potentialAction":[{"@type":"SearchAction","target":{"@type":"EntryPoint","urlTemplate":"https:\/\/www.icesi.edu.co\/marketingzone\/?s={search_term_string}"},"query-input":{"@type":"PropertyValueSpecification","valueRequired":true,"valueName":"search_term_string"}}],"inLanguage":"es"},{"@type":"Person","@id":"https:\/\/www.icesi.edu.co\/marketingzone\/#\/schema\/person\/59460cf35beca1a3a7aaa4536753e6c3","name":"Marketing Zone Icesi","image":{"@type":"ImageObject","inLanguage":"es","@id":"https:\/\/www.icesi.edu.co\/marketingzone\/#\/schema\/person\/image\/","url":"https:\/\/secure.gravatar.com\/avatar\/9ca4eb2673bf04f9a460bcec8c7c57f36f3f176c237aefc7e2f919b089239282?s=96&d=mm&r=g","contentUrl":"https:\/\/secure.gravatar.com\/avatar\/9ca4eb2673bf04f9a460bcec8c7c57f36f3f176c237aefc7e2f919b089239282?s=96&d=mm&r=g","caption":"Marketing Zone Icesi"},"url":"https:\/\/www.icesi.edu.co\/marketingzone\/author\/administrator\/"}]}},"uagb_featured_image_src":{"full":["https:\/\/www.icesi.edu.co\/marketingzone\/wp-content\/uploads\/2020\/09\/51525.jpg",696,464,false],"thumbnail":["https:\/\/www.icesi.edu.co\/marketingzone\/wp-content\/uploads\/2020\/09\/51525-150x150.jpg",150,150,true],"medium":["https:\/\/www.icesi.edu.co\/marketingzone\/wp-content\/uploads\/2020\/09\/51525-300x200.jpg",300,200,true],"medium_large":["https:\/\/www.icesi.edu.co\/marketingzone\/wp-content\/uploads\/2020\/09\/51525.jpg",640,427,false],"large":["https:\/\/www.icesi.edu.co\/marketingzone\/wp-content\/uploads\/2020\/09\/51525.jpg",640,427,false],"1536x1536":["https:\/\/www.icesi.edu.co\/marketingzone\/wp-content\/uploads\/2020\/09\/51525.jpg",696,464,false],"2048x2048":["https:\/\/www.icesi.edu.co\/marketingzone\/wp-content\/uploads\/2020\/09\/51525.jpg",696,464,false]},"uagb_author_info":{"display_name":"Marketing Zone Icesi","author_link":"https:\/\/www.icesi.edu.co\/marketingzone\/author\/administrator\/"},"uagb_comment_info":0,"uagb_excerpt":"Pueden ver la publicaci\u00f3n original aqu\u00ed\u00a0 2020 impuls\u00f3 el consumo digital a nuevos l\u00edmites y sucedi\u00f3 lo mismo con\u00a0las redes sociales. La actividad de los millennials y la Generaci\u00f3n Z en estas plataformas, por ejemplo,\u00a0ha incrementado un 78%, as\u00ed como la publicaci\u00f3n de contenidos, que ha subido un 45%. En la mayor parte de los&hellip;","_links":{"self":[{"href":"https:\/\/www.icesi.edu.co\/marketingzone\/wp-json\/wp\/v2\/posts\/6393","targetHints":{"allow":["GET"]}}],"collection":[{"href":"https:\/\/www.icesi.edu.co\/marketingzone\/wp-json\/wp\/v2\/posts"}],"about":[{"href":"https:\/\/www.icesi.edu.co\/marketingzone\/wp-json\/wp\/v2\/types\/post"}],"author":[{"embeddable":true,"href":"https:\/\/www.icesi.edu.co\/marketingzone\/wp-json\/wp\/v2\/users\/52"}],"replies":[{"embeddable":true,"href":"https:\/\/www.icesi.edu.co\/marketingzone\/wp-json\/wp\/v2\/comments?post=6393"}],"version-history":[{"count":3,"href":"https:\/\/www.icesi.edu.co\/marketingzone\/wp-json\/wp\/v2\/posts\/6393\/revisions"}],"predecessor-version":[{"id":6426,"href":"https:\/\/www.icesi.edu.co\/marketingzone\/wp-json\/wp\/v2\/posts\/6393\/revisions\/6426"}],"wp:featuredmedia":[{"embeddable":true,"href":"https:\/\/www.icesi.edu.co\/marketingzone\/wp-json\/wp\/v2\/media\/5593"}],"wp:attachment":[{"href":"https:\/\/www.icesi.edu.co\/marketingzone\/wp-json\/wp\/v2\/media?parent=6393"}],"wp:term":[{"taxonomy":"category","embeddable":true,"href":"https:\/\/www.icesi.edu.co\/marketingzone\/wp-json\/wp\/v2\/categories?post=6393"},{"taxonomy":"post_tag","embeddable":true,"href":"https:\/\/www.icesi.edu.co\/marketingzone\/wp-json\/wp\/v2\/tags?post=6393"}],"curies":[{"name":"wp","href":"https:\/\/api.w.org\/{rel}","templated":true}]}}