{"id":6688,"date":"2021-08-10T14:00:16","date_gmt":"2021-08-10T19:00:16","guid":{"rendered":"http:\/\/www.icesi.edu.co\/marketingzone\/?p=6688"},"modified":"2021-08-07T23:24:20","modified_gmt":"2021-08-08T04:24:20","slug":"estas-son-las-10-marcas-mas-elegidas-en-colombia","status":"publish","type":"post","link":"https:\/\/www.icesi.edu.co\/marketingzone\/estas-son-las-10-marcas-mas-elegidas-en-colombia\/","title":{"rendered":"Estas son las 10 marcas m\u00e1s elegidas en Colombia"},"content":{"rendered":"<h2 class=\"jeg_post_subtitle\">Por: Mario Arregui, country manager de Kantar Colombia<\/h2>\n<p><img loading=\"lazy\" decoding=\"async\" class=\"alignnone  wp-image-6689\" src=\"http:\/\/www.icesi.edu.co\/marketingzone\/wp-content\/uploads\/2021\/08\/Mario-Arregui-Country-Manager-de-Kantar-para-Consumo-Masivo-300x158.jpg\" alt=\"\" width=\"570\" height=\"300\" srcset=\"https:\/\/www.icesi.edu.co\/marketingzone\/wp-content\/uploads\/2021\/08\/Mario-Arregui-Country-Manager-de-Kantar-para-Consumo-Masivo-300x158.jpg 300w, https:\/\/www.icesi.edu.co\/marketingzone\/wp-content\/uploads\/2021\/08\/Mario-Arregui-Country-Manager-de-Kantar-para-Consumo-Masivo.jpg 570w\" sizes=\"auto, (max-width: 570px) 100vw, 570px\" \/><\/p>\n<div class=\"jeg_meta_container\">\n<div class=\"jeg_post_meta jeg_post_meta_1\">\n<p><em><strong>Por: Mario Arregui, country manager de\u00a0<a href=\"https:\/\/www.kantar.com\/latin-america?gclid=CjwKCAjw3MSHBhB3EiwAxcaEuwgYx_h-VhEkZnLuLsn9VdsUsK4PZ1D7Oxb7YaBYmIRQMWnx4cZmFRoC5nAQAvD_BwE\">Kantar Colombia<\/a><\/strong><\/em><\/p>\n<p>Hace poco m\u00e1s de un a\u00f1o, est\u00e1bamos apenas comenzando a descubrir como el Covid nos estaba impactando, tanto a nosotros como a nuestras elecciones de marca. Las empresas se vieron frente a un entorno complicado e impredecible, en donde deb\u00edan cuidar las variables b\u00e1sicas de penetraci\u00f3n y visibilidad hacia el consumidor para defender y promover que sus marcas sean las elegidas en el momento de la compra.<\/p>\n<p>Esto nos lleva a hablar de un tema muy importante; la marca, y como \u00e9sta puede ser medida para ver su desempe\u00f1o, no solo en t\u00e9rminos de sus ventas, sino tambi\u00e9n de su fortaleza comparativa.<\/p>\n<h4><strong>Marcas: rentabilidad y posicionamiento<\/strong><\/h4>\n<p>Existen varias maneras de analizar y comparar las marcas, por ejemplo, lo que se conoce como\u00a0<i>awareness.<\/i>\u00a0Este t\u00e9rmino conceptualiza que tan presente est\u00e1 la marca en la mente del consumidor, un indicador muy importante.<\/p>\n<p>Pero hay otro valor que Kantar ha dise\u00f1ado,\u00a0<i>CRP<\/i>,\u00a0<i>Consumer Reach Points<\/i>, que en espa\u00f1ol significa, Puntos de Contacto con el Consumidor. Este nos permite clasificar a las marcas seg\u00fan la cantidad de veces que los compradores las eligieron en un per\u00edodo completo. En pocas palabras, es una combinaci\u00f3n de factores relacionados en la penetraci\u00f3n de las marcas y la frecuencia con las que son elegidas.<\/p>\n<h4><b><i>Brand Footprint 2021<\/i><\/b><\/h4>\n<p>Con la recopilaci\u00f3n de los\u00a0<i>CRP<\/i>, hemos podido construir nuestro \u00faltimo reporte\u00a0<i>Brand Footprint 2021<\/i><i>,<\/i>\u00a0estudio que lo hacemos regularmente todos los a\u00f1os en los pa\u00edses donde tenemos presencia. En el caso de Colombia, este estudio est\u00e1 basado en las miles de decisiones de compra reales sobre las 351 marcas en el pa\u00eds, ante una muestra que representa el 80% de la poblaci\u00f3n.<\/p>\n<h4>Preferencia por las marcas locales<\/h4>\n<p><strong>Entre otras conclusiones del estudio, se revel\u00f3 que 39 de las 50 marcas m\u00e1s elegidas por los compradores colombianos son locales y 11 globales, destac\u00e1ndose sobre todo en sectores como l\u00e1cteos y alimentos.<\/strong>\u00a0Esto habla de la fortaleza que tienen las marcas nacionales y c\u00f3mo los consumidores de este pa\u00eds se inclinan a escoger preferentemente las nacidas y fabricadas en el pa\u00eds.<\/p>\n<h4>M\u00ednimo crecimiento<\/h4>\n<p>Por otro lado, en el reporte observamos que, a pesar de que las marcas locales siguen manteniendo su fortaleza comparativa vs. las globales, ha sido un a\u00f1o dif\u00edcil para las marcas en Colombia, en general. Solo el 14% lograron crecer, muy debajo de la tendencia que se vivi\u00f3 en el resto de los pa\u00edses de Latinoam\u00e9rica, con 35%.<\/p>\n<p>Estos resultados hablan de mayores dificultades que para el entorno de negocios se vivieron localmente comparadas con los otros pa\u00edses de la regi\u00f3n. Los colombianos han mantenido sus gastos entre las distintas canastas muy parejos, aunque todas ellas se vieron severamente afectadas por la crisis econ\u00f3mica derivada de la pandemia. Adicionalmente, la falta de est\u00edmulos a la poblaci\u00f3n, a diferencia de otros pa\u00edses, no ayud\u00f3 a minimizar este efecto contractivo.<\/p>\n<h4>Menos viajes de compra y un mayor valor del ticket<\/h4>\n<p>Lo que s\u00ed es com\u00fan en el comportamiento en Colombia y lo que pas\u00f3 globalmente o regionalmente, tema que ya lo mencionamos en art\u00edculos anteriores, es que los compradores hacen menos viajes de compra, aunque con mayor ticket por cada ocasi\u00f3n. Sin embargo, la ca\u00edda de frecuencia es significativamente menor en Colombia frente a, promedio global y regional; la frecuencia cae un 15% mientras en Latinoam\u00e9rica cae un 8% y globalmente apenas un 2%. Esta ca\u00edda grande en la frecuencia produce un efecto negativo en el indicador de\u00a0<i>CRP<\/i>\u00a0(Puntos de Contacto con el Consumidor), dado que afecta directamente uno de los elementos que conforman este indicador: la frecuencia.<\/p>\n<h4><strong>Finalmente, estas son las 10 marcas m\u00e1s elegidas por los compradores en este orden:\u00a0<\/strong><\/h4>\n<ol>\n<li aria-level=\"1\">Colanta<\/li>\n<li aria-level=\"1\">Alquer\u00eda<\/li>\n<li aria-level=\"1\">Coca Cola<\/li>\n<li aria-level=\"1\">Colgate<\/li>\n<li aria-level=\"1\">Arroz Diana<\/li>\n<li aria-level=\"1\">Alpina<\/li>\n<li aria-level=\"1\">Maggi<\/li>\n<li aria-level=\"1\">Fruco<\/li>\n<li aria-level=\"1\">Noel<\/li>\n<li aria-level=\"1\">Bimbo<\/li>\n<\/ol>\n<p>Importante destacar que las primeras dos marcas m\u00e1s elegidas, y 6 del total de las 10 primeras, son marcas locales, lo que confirma la fortaleza de las marcas colombianas.<\/p>\n<p>Por \u00faltimo, y otro punto a considerar, es que, si abrimos este ranking por regiones, hay diferencias en el orden. Algunas marcas entran en este listado pero al verlas nacionalmente no lo hacen, lo que muestra que su realidad es diferente dependiendo de las geograf\u00edas donde compiten. Hay pues idiosincrasias muy propias en el comportamiento de los compradores en cada una de las zonas del pa\u00eds. Como ya se ha dicho antes, Colombia tiene particularidades espec\u00edficas y las marcas tienen que trabajar en funci\u00f3n de cada una de ellas.<\/p>\n<p>&nbsp;<\/p>\n<\/div>\n<\/div>\n<p>Fuente: https:\/\/revistapym.com.co\/consmidor\/10-marcas-mas-elegidas-de-colombia<\/p>\n","protected":false},"excerpt":{"rendered":"<p>Por: Mario Arregui, country manager de Kantar Colombia Por: Mario Arregui, country manager de\u00a0Kantar Colombia Hace poco m\u00e1s de un a\u00f1o, est\u00e1bamos apenas comenzando a descubrir como el Covid nos estaba impactando, tanto a nosotros como a nuestras elecciones de marca. Las empresas se vieron frente a un entorno complicado e impredecible, en donde deb\u00edan [&hellip;]<\/p>\n","protected":false},"author":52,"featured_media":0,"comment_status":"closed","ping_status":"closed","sticky":false,"template":"","format":"standard","meta":{"_uag_custom_page_level_css":"","footnotes":""},"categories":[58],"tags":[],"class_list":["post-6688","post","type-post","status-publish","format-standard","hentry","category-panorama"],"yoast_head":"<!-- This site is optimized with the Yoast SEO plugin v26.8 - https:\/\/yoast.com\/product\/yoast-seo-wordpress\/ -->\n<title>Estas son las 10 marcas m\u00e1s elegidas en Colombia | Marketing Zone Icesi<\/title>\n<meta name=\"robots\" content=\"index, follow, max-snippet:-1, max-image-preview:large, max-video-preview:-1\" \/>\n<link rel=\"canonical\" href=\"https:\/\/www.icesi.edu.co\/marketingzone\/estas-son-las-10-marcas-mas-elegidas-en-colombia\/\" \/>\n<meta property=\"og:locale\" content=\"es_ES\" \/>\n<meta property=\"og:type\" content=\"article\" \/>\n<meta property=\"og:title\" content=\"Estas son las 10 marcas m\u00e1s elegidas en Colombia | Marketing Zone Icesi\" \/>\n<meta property=\"og:description\" content=\"Por: Mario Arregui, country manager de Kantar Colombia Por: Mario Arregui, country manager de\u00a0Kantar Colombia Hace poco m\u00e1s de un a\u00f1o, est\u00e1bamos apenas comenzando a descubrir como el Covid nos estaba impactando, tanto a nosotros como a nuestras elecciones de marca. Las empresas se vieron frente a un entorno complicado e impredecible, en donde deb\u00edan [&hellip;]\" \/>\n<meta property=\"og:url\" content=\"https:\/\/www.icesi.edu.co\/marketingzone\/estas-son-las-10-marcas-mas-elegidas-en-colombia\/\" \/>\n<meta property=\"og:site_name\" content=\"Marketing Zone Icesi\" \/>\n<meta property=\"article:publisher\" content=\"https:\/\/www.facebook.com\/Marketingzoneicesi\/\" \/>\n<meta property=\"article:published_time\" content=\"2021-08-10T19:00:16+00:00\" \/>\n<meta property=\"og:image\" content=\"http:\/\/www.icesi.edu.co\/marketingzone\/wp-content\/uploads\/2021\/08\/Mario-Arregui-Country-Manager-de-Kantar-para-Consumo-Masivo-300x158.jpg\" \/>\n<meta name=\"author\" content=\"Marketing Zone Icesi\" \/>\n<meta name=\"twitter:card\" content=\"summary_large_image\" \/>\n<meta name=\"twitter:creator\" content=\"@MarketingZIcesi\" \/>\n<meta name=\"twitter:site\" content=\"@MarketingZIcesi\" \/>\n<meta name=\"twitter:label1\" content=\"Escrito por\" \/>\n\t<meta name=\"twitter:data1\" content=\"Marketing Zone Icesi\" \/>\n\t<meta name=\"twitter:label2\" content=\"Tiempo de lectura\" \/>\n\t<meta name=\"twitter:data2\" content=\"4 minutos\" \/>\n<script type=\"application\/ld+json\" class=\"yoast-schema-graph\">{\"@context\":\"https:\/\/schema.org\",\"@graph\":[{\"@type\":\"Article\",\"@id\":\"https:\/\/www.icesi.edu.co\/marketingzone\/estas-son-las-10-marcas-mas-elegidas-en-colombia\/#article\",\"isPartOf\":{\"@id\":\"https:\/\/www.icesi.edu.co\/marketingzone\/estas-son-las-10-marcas-mas-elegidas-en-colombia\/\"},\"author\":{\"name\":\"Marketing Zone Icesi\",\"@id\":\"https:\/\/www.icesi.edu.co\/marketingzone\/#\/schema\/person\/59460cf35beca1a3a7aaa4536753e6c3\"},\"headline\":\"Estas son las 10 marcas m\u00e1s elegidas en Colombia\",\"datePublished\":\"2021-08-10T19:00:16+00:00\",\"mainEntityOfPage\":{\"@id\":\"https:\/\/www.icesi.edu.co\/marketingzone\/estas-son-las-10-marcas-mas-elegidas-en-colombia\/\"},\"wordCount\":802,\"image\":{\"@id\":\"https:\/\/www.icesi.edu.co\/marketingzone\/estas-son-las-10-marcas-mas-elegidas-en-colombia\/#primaryimage\"},\"thumbnailUrl\":\"http:\/\/www.icesi.edu.co\/marketingzone\/wp-content\/uploads\/2021\/08\/Mario-Arregui-Country-Manager-de-Kantar-para-Consumo-Masivo-300x158.jpg\",\"articleSection\":[\"Panorama\"],\"inLanguage\":\"es\"},{\"@type\":\"WebPage\",\"@id\":\"https:\/\/www.icesi.edu.co\/marketingzone\/estas-son-las-10-marcas-mas-elegidas-en-colombia\/\",\"url\":\"https:\/\/www.icesi.edu.co\/marketingzone\/estas-son-las-10-marcas-mas-elegidas-en-colombia\/\",\"name\":\"Estas son las 10 marcas m\u00e1s elegidas en Colombia | Marketing Zone Icesi\",\"isPartOf\":{\"@id\":\"https:\/\/www.icesi.edu.co\/marketingzone\/#website\"},\"primaryImageOfPage\":{\"@id\":\"https:\/\/www.icesi.edu.co\/marketingzone\/estas-son-las-10-marcas-mas-elegidas-en-colombia\/#primaryimage\"},\"image\":{\"@id\":\"https:\/\/www.icesi.edu.co\/marketingzone\/estas-son-las-10-marcas-mas-elegidas-en-colombia\/#primaryimage\"},\"thumbnailUrl\":\"http:\/\/www.icesi.edu.co\/marketingzone\/wp-content\/uploads\/2021\/08\/Mario-Arregui-Country-Manager-de-Kantar-para-Consumo-Masivo-300x158.jpg\",\"datePublished\":\"2021-08-10T19:00:16+00:00\",\"author\":{\"@id\":\"https:\/\/www.icesi.edu.co\/marketingzone\/#\/schema\/person\/59460cf35beca1a3a7aaa4536753e6c3\"},\"breadcrumb\":{\"@id\":\"https:\/\/www.icesi.edu.co\/marketingzone\/estas-son-las-10-marcas-mas-elegidas-en-colombia\/#breadcrumb\"},\"inLanguage\":\"es\",\"potentialAction\":[{\"@type\":\"ReadAction\",\"target\":[\"https:\/\/www.icesi.edu.co\/marketingzone\/estas-son-las-10-marcas-mas-elegidas-en-colombia\/\"]}]},{\"@type\":\"ImageObject\",\"inLanguage\":\"es\",\"@id\":\"https:\/\/www.icesi.edu.co\/marketingzone\/estas-son-las-10-marcas-mas-elegidas-en-colombia\/#primaryimage\",\"url\":\"https:\/\/www.icesi.edu.co\/marketingzone\/wp-content\/uploads\/2021\/08\/Mario-Arregui-Country-Manager-de-Kantar-para-Consumo-Masivo.jpg\",\"contentUrl\":\"https:\/\/www.icesi.edu.co\/marketingzone\/wp-content\/uploads\/2021\/08\/Mario-Arregui-Country-Manager-de-Kantar-para-Consumo-Masivo.jpg\",\"width\":570,\"height\":300},{\"@type\":\"BreadcrumbList\",\"@id\":\"https:\/\/www.icesi.edu.co\/marketingzone\/estas-son-las-10-marcas-mas-elegidas-en-colombia\/#breadcrumb\",\"itemListElement\":[{\"@type\":\"ListItem\",\"position\":1,\"name\":\"Portada\",\"item\":\"https:\/\/www.icesi.edu.co\/marketingzone\/\"},{\"@type\":\"ListItem\",\"position\":2,\"name\":\"Estas son las 10 marcas m\u00e1s elegidas en Colombia\"}]},{\"@type\":\"WebSite\",\"@id\":\"https:\/\/www.icesi.edu.co\/marketingzone\/#website\",\"url\":\"https:\/\/www.icesi.edu.co\/marketingzone\/\",\"name\":\"Marketing Zone - Universidad Icesi\",\"description\":\"\",\"potentialAction\":[{\"@type\":\"SearchAction\",\"target\":{\"@type\":\"EntryPoint\",\"urlTemplate\":\"https:\/\/www.icesi.edu.co\/marketingzone\/?s={search_term_string}\"},\"query-input\":{\"@type\":\"PropertyValueSpecification\",\"valueRequired\":true,\"valueName\":\"search_term_string\"}}],\"inLanguage\":\"es\"},{\"@type\":\"Person\",\"@id\":\"https:\/\/www.icesi.edu.co\/marketingzone\/#\/schema\/person\/59460cf35beca1a3a7aaa4536753e6c3\",\"name\":\"Marketing Zone Icesi\",\"image\":{\"@type\":\"ImageObject\",\"inLanguage\":\"es\",\"@id\":\"https:\/\/www.icesi.edu.co\/marketingzone\/#\/schema\/person\/image\/\",\"url\":\"https:\/\/secure.gravatar.com\/avatar\/9ca4eb2673bf04f9a460bcec8c7c57f36f3f176c237aefc7e2f919b089239282?s=96&d=mm&r=g\",\"contentUrl\":\"https:\/\/secure.gravatar.com\/avatar\/9ca4eb2673bf04f9a460bcec8c7c57f36f3f176c237aefc7e2f919b089239282?s=96&d=mm&r=g\",\"caption\":\"Marketing Zone Icesi\"},\"url\":\"https:\/\/www.icesi.edu.co\/marketingzone\/author\/administrator\/\"}]}<\/script>\n<!-- \/ Yoast SEO plugin. -->","yoast_head_json":{"title":"Estas son las 10 marcas m\u00e1s elegidas en Colombia | Marketing Zone Icesi","robots":{"index":"index","follow":"follow","max-snippet":"max-snippet:-1","max-image-preview":"max-image-preview:large","max-video-preview":"max-video-preview:-1"},"canonical":"https:\/\/www.icesi.edu.co\/marketingzone\/estas-son-las-10-marcas-mas-elegidas-en-colombia\/","og_locale":"es_ES","og_type":"article","og_title":"Estas son las 10 marcas m\u00e1s elegidas en Colombia | Marketing Zone Icesi","og_description":"Por: Mario Arregui, country manager de Kantar Colombia Por: Mario Arregui, country manager de\u00a0Kantar Colombia Hace poco m\u00e1s de un a\u00f1o, est\u00e1bamos apenas comenzando a descubrir como el Covid nos estaba impactando, tanto a nosotros como a nuestras elecciones de marca. Las empresas se vieron frente a un entorno complicado e impredecible, en donde deb\u00edan [&hellip;]","og_url":"https:\/\/www.icesi.edu.co\/marketingzone\/estas-son-las-10-marcas-mas-elegidas-en-colombia\/","og_site_name":"Marketing Zone Icesi","article_publisher":"https:\/\/www.facebook.com\/Marketingzoneicesi\/","article_published_time":"2021-08-10T19:00:16+00:00","og_image":[{"url":"http:\/\/www.icesi.edu.co\/marketingzone\/wp-content\/uploads\/2021\/08\/Mario-Arregui-Country-Manager-de-Kantar-para-Consumo-Masivo-300x158.jpg","type":"","width":"","height":""}],"author":"Marketing Zone Icesi","twitter_card":"summary_large_image","twitter_creator":"@MarketingZIcesi","twitter_site":"@MarketingZIcesi","twitter_misc":{"Escrito por":"Marketing Zone Icesi","Tiempo de lectura":"4 minutos"},"schema":{"@context":"https:\/\/schema.org","@graph":[{"@type":"Article","@id":"https:\/\/www.icesi.edu.co\/marketingzone\/estas-son-las-10-marcas-mas-elegidas-en-colombia\/#article","isPartOf":{"@id":"https:\/\/www.icesi.edu.co\/marketingzone\/estas-son-las-10-marcas-mas-elegidas-en-colombia\/"},"author":{"name":"Marketing Zone Icesi","@id":"https:\/\/www.icesi.edu.co\/marketingzone\/#\/schema\/person\/59460cf35beca1a3a7aaa4536753e6c3"},"headline":"Estas son las 10 marcas m\u00e1s elegidas en Colombia","datePublished":"2021-08-10T19:00:16+00:00","mainEntityOfPage":{"@id":"https:\/\/www.icesi.edu.co\/marketingzone\/estas-son-las-10-marcas-mas-elegidas-en-colombia\/"},"wordCount":802,"image":{"@id":"https:\/\/www.icesi.edu.co\/marketingzone\/estas-son-las-10-marcas-mas-elegidas-en-colombia\/#primaryimage"},"thumbnailUrl":"http:\/\/www.icesi.edu.co\/marketingzone\/wp-content\/uploads\/2021\/08\/Mario-Arregui-Country-Manager-de-Kantar-para-Consumo-Masivo-300x158.jpg","articleSection":["Panorama"],"inLanguage":"es"},{"@type":"WebPage","@id":"https:\/\/www.icesi.edu.co\/marketingzone\/estas-son-las-10-marcas-mas-elegidas-en-colombia\/","url":"https:\/\/www.icesi.edu.co\/marketingzone\/estas-son-las-10-marcas-mas-elegidas-en-colombia\/","name":"Estas son las 10 marcas m\u00e1s elegidas en Colombia | Marketing Zone Icesi","isPartOf":{"@id":"https:\/\/www.icesi.edu.co\/marketingzone\/#website"},"primaryImageOfPage":{"@id":"https:\/\/www.icesi.edu.co\/marketingzone\/estas-son-las-10-marcas-mas-elegidas-en-colombia\/#primaryimage"},"image":{"@id":"https:\/\/www.icesi.edu.co\/marketingzone\/estas-son-las-10-marcas-mas-elegidas-en-colombia\/#primaryimage"},"thumbnailUrl":"http:\/\/www.icesi.edu.co\/marketingzone\/wp-content\/uploads\/2021\/08\/Mario-Arregui-Country-Manager-de-Kantar-para-Consumo-Masivo-300x158.jpg","datePublished":"2021-08-10T19:00:16+00:00","author":{"@id":"https:\/\/www.icesi.edu.co\/marketingzone\/#\/schema\/person\/59460cf35beca1a3a7aaa4536753e6c3"},"breadcrumb":{"@id":"https:\/\/www.icesi.edu.co\/marketingzone\/estas-son-las-10-marcas-mas-elegidas-en-colombia\/#breadcrumb"},"inLanguage":"es","potentialAction":[{"@type":"ReadAction","target":["https:\/\/www.icesi.edu.co\/marketingzone\/estas-son-las-10-marcas-mas-elegidas-en-colombia\/"]}]},{"@type":"ImageObject","inLanguage":"es","@id":"https:\/\/www.icesi.edu.co\/marketingzone\/estas-son-las-10-marcas-mas-elegidas-en-colombia\/#primaryimage","url":"https:\/\/www.icesi.edu.co\/marketingzone\/wp-content\/uploads\/2021\/08\/Mario-Arregui-Country-Manager-de-Kantar-para-Consumo-Masivo.jpg","contentUrl":"https:\/\/www.icesi.edu.co\/marketingzone\/wp-content\/uploads\/2021\/08\/Mario-Arregui-Country-Manager-de-Kantar-para-Consumo-Masivo.jpg","width":570,"height":300},{"@type":"BreadcrumbList","@id":"https:\/\/www.icesi.edu.co\/marketingzone\/estas-son-las-10-marcas-mas-elegidas-en-colombia\/#breadcrumb","itemListElement":[{"@type":"ListItem","position":1,"name":"Portada","item":"https:\/\/www.icesi.edu.co\/marketingzone\/"},{"@type":"ListItem","position":2,"name":"Estas son las 10 marcas m\u00e1s elegidas en Colombia"}]},{"@type":"WebSite","@id":"https:\/\/www.icesi.edu.co\/marketingzone\/#website","url":"https:\/\/www.icesi.edu.co\/marketingzone\/","name":"Marketing Zone - Universidad Icesi","description":"","potentialAction":[{"@type":"SearchAction","target":{"@type":"EntryPoint","urlTemplate":"https:\/\/www.icesi.edu.co\/marketingzone\/?s={search_term_string}"},"query-input":{"@type":"PropertyValueSpecification","valueRequired":true,"valueName":"search_term_string"}}],"inLanguage":"es"},{"@type":"Person","@id":"https:\/\/www.icesi.edu.co\/marketingzone\/#\/schema\/person\/59460cf35beca1a3a7aaa4536753e6c3","name":"Marketing Zone Icesi","image":{"@type":"ImageObject","inLanguage":"es","@id":"https:\/\/www.icesi.edu.co\/marketingzone\/#\/schema\/person\/image\/","url":"https:\/\/secure.gravatar.com\/avatar\/9ca4eb2673bf04f9a460bcec8c7c57f36f3f176c237aefc7e2f919b089239282?s=96&d=mm&r=g","contentUrl":"https:\/\/secure.gravatar.com\/avatar\/9ca4eb2673bf04f9a460bcec8c7c57f36f3f176c237aefc7e2f919b089239282?s=96&d=mm&r=g","caption":"Marketing Zone Icesi"},"url":"https:\/\/www.icesi.edu.co\/marketingzone\/author\/administrator\/"}]}},"uagb_featured_image_src":{"full":false,"thumbnail":false,"medium":false,"medium_large":false,"large":false,"1536x1536":false,"2048x2048":false},"uagb_author_info":{"display_name":"Marketing Zone Icesi","author_link":"https:\/\/www.icesi.edu.co\/marketingzone\/author\/administrator\/"},"uagb_comment_info":0,"uagb_excerpt":"Por: Mario Arregui, country manager de Kantar Colombia Por: Mario Arregui, country manager de\u00a0Kantar Colombia Hace poco m\u00e1s de un a\u00f1o, est\u00e1bamos apenas comenzando a descubrir como el Covid nos estaba impactando, tanto a nosotros como a nuestras elecciones de marca. Las empresas se vieron frente a un entorno complicado e impredecible, en donde deb\u00edan&hellip;","_links":{"self":[{"href":"https:\/\/www.icesi.edu.co\/marketingzone\/wp-json\/wp\/v2\/posts\/6688","targetHints":{"allow":["GET"]}}],"collection":[{"href":"https:\/\/www.icesi.edu.co\/marketingzone\/wp-json\/wp\/v2\/posts"}],"about":[{"href":"https:\/\/www.icesi.edu.co\/marketingzone\/wp-json\/wp\/v2\/types\/post"}],"author":[{"embeddable":true,"href":"https:\/\/www.icesi.edu.co\/marketingzone\/wp-json\/wp\/v2\/users\/52"}],"replies":[{"embeddable":true,"href":"https:\/\/www.icesi.edu.co\/marketingzone\/wp-json\/wp\/v2\/comments?post=6688"}],"version-history":[{"count":1,"href":"https:\/\/www.icesi.edu.co\/marketingzone\/wp-json\/wp\/v2\/posts\/6688\/revisions"}],"predecessor-version":[{"id":6690,"href":"https:\/\/www.icesi.edu.co\/marketingzone\/wp-json\/wp\/v2\/posts\/6688\/revisions\/6690"}],"wp:attachment":[{"href":"https:\/\/www.icesi.edu.co\/marketingzone\/wp-json\/wp\/v2\/media?parent=6688"}],"wp:term":[{"taxonomy":"category","embeddable":true,"href":"https:\/\/www.icesi.edu.co\/marketingzone\/wp-json\/wp\/v2\/categories?post=6688"},{"taxonomy":"post_tag","embeddable":true,"href":"https:\/\/www.icesi.edu.co\/marketingzone\/wp-json\/wp\/v2\/tags?post=6688"}],"curies":[{"name":"wp","href":"https:\/\/api.w.org\/{rel}","templated":true}]}}