{"id":7137,"date":"2021-11-18T10:00:25","date_gmt":"2021-11-18T15:00:25","guid":{"rendered":"http:\/\/www.icesi.edu.co\/marketingzone\/?p=7137"},"modified":"2021-11-17T08:34:12","modified_gmt":"2021-11-17T13:34:12","slug":"los-cambios-que-implementara-facebook-en-publicidad-desde-el-2022","status":"publish","type":"post","link":"https:\/\/www.icesi.edu.co\/marketingzone\/los-cambios-que-implementara-facebook-en-publicidad-desde-el-2022\/","title":{"rendered":"Los cambios que implementar\u00e1 Facebook en publicidad desde el 2022"},"content":{"rendered":"<div class=\"content_grid_especiales cabezote-scroll-infinito\">\n<div class=\"article-top container_col\">\n<p id=\"p558511-m394-1-395\" class=\"epigraph regular_lead1\">La red social ya no permitir\u00e1 anuncios\u00a0relacionados con orientaci\u00f3n sexual, salud, religi\u00f3n, afiliaci\u00f3n pol\u00edtica.<\/p>\n<\/div>\n<div class=\"specials-link-container container_col\"><img decoding=\"async\" src=\"https:\/\/www.portafolio.co\/files\/article_multimedia\/uploads\/2021\/10\/16\/616a7e2b8bff4.jpeg\" alt=\"Facebook\" \/><\/div>\n<\/div>\n<div class=\"content_grid_articulos\">\n<div class=\"container_col article-modules\">\n<section class=\"col1\">\n<div class=\"social-col social-sticky\">\n<div class=\"texto_redes1\">\n<p id=\"p558511-m356-355-357\" class=\"parrafo first-parrafo\">Los usuarios de <b>Facebook e Instagram<\/b>\u00a0pronto ya no podr\u00e1n ser dirigidos a anuncios basados en su inter\u00e9s en ciertos temas delicados, como la\u00a0<b>orientaci\u00f3n sexual y la afiliaci\u00f3n pol\u00edtica,<\/b>\u00a0un cambio importante para la red social.<\/p>\n<p id=\"p558511-m418-3-419\" class=\"parrafo\">\u00ab<i>Queremos satisfacer mejor las expectativas cambiantes de la gente sobre los m\u00e9todos de los anunciantes<\/i>\u00ab, explic\u00f3 el martes Graham Mudd, vicepresidente de publicidad de Facebook, cuya matriz ahora se llama Meta.<\/p>\n<p id=\"p558511-m550-4-551\" class=\"parrafo\">\n<p id=\"p558511-m424-4-425\" class=\"parrafo\">As\u00ed las cosas, explic\u00f3, a partir del 19 de enero del 2022, se eliminar\u00e1n anuncios relacionados con orientaci\u00f3n sexual, salud, religi\u00f3n, afiliaci\u00f3n pol\u00edtica, entre otros temas.<\/p>\n<p id=\"p558511-m430-5-431\" class=\"parrafo\">La decisi\u00f3n pretende evitar que las organizaciones usen estas categor\u00edas para alentar a usuarios a tener<b>\u00a0conductas perjudiciales o peligrosas,<\/b>\u00a0y se basa en comentarios de expertos en derechos civiles y legisladores, seg\u00fan explic\u00f3 Mudd.<\/p>\n<p id=\"p558511-m574-7-575\" class=\"parrafo\">\n<p id=\"p558511-m436-6-437\" class=\"parrafo\">Previo al asalto al Capitolio en enero del 2021, el sitio del Proyecto de Transparencia Tecnol\u00f3gica denunci\u00f3\u00a0<b>anuncios armamentistas\u00a0<\/b>dirigidos a miembros de grupos de extrema derecha en Washington.<\/p>\n<p id=\"p558511-m442-7-443\" class=\"parrafo\">A eso se suma que autoridades de vivienda de Estados Unidos tambi\u00e9n demandaron a Facebook en 2019 por permitir anuncios inmobiliarios que \u00ab<i>excluyen a personas de color, familias con ni\u00f1os, mujeres y personas con discapacidades<\/i>\u00ab.<\/p>\n<p id=\"p558511-m590-10-591\" class=\"parrafo\">\n<p id=\"p558511-m448-8-449\" class=\"parrafo\">Los anunciantes pueden utilizar otras herramientas para segmentar, como<b>\u00a0la geolocalizaci\u00f3n,<\/b>\u00a0y la plataforma ahora ofrece a los usuarios m\u00e1s control sobre el tipo y la cantidad de anuncios que quieren ver.<\/p>\n<p id=\"p558511-m454-9-455\" class=\"parrafo\">vale la pena recordar que Facebook ingres\u00f3 84.000 millones de d\u00f3lares en 2020, principalmente por publicidad. A los anunciantes les atrae poder dirigirse a los consumidores de forma muy precisa y a gran escala a trav\u00e9s de\u00a0<b>miles de categor\u00edas de inter\u00e9s.<\/b><\/p>\n<\/div>\n<\/div>\n<\/section>\n<\/div>\n<\/div>\n<p>&nbsp;<\/p>\n<p>Fuente: https:\/\/www.portafolio.co\/innovacion\/facebook-cambios-que-tendra-la-publicidad-y-los-anuncios-558511<\/p>\n","protected":false},"excerpt":{"rendered":"<p>La red social ya no permitir\u00e1 anuncios\u00a0relacionados con orientaci\u00f3n sexual, salud, religi\u00f3n, afiliaci\u00f3n pol\u00edtica. Los usuarios de Facebook e Instagram\u00a0pronto ya no podr\u00e1n ser dirigidos a anuncios basados en su inter\u00e9s en ciertos temas delicados, como la\u00a0orientaci\u00f3n sexual y la afiliaci\u00f3n pol\u00edtica,\u00a0un cambio importante para la red social. \u00abQueremos satisfacer mejor las expectativas cambiantes de [&hellip;]<\/p>\n","protected":false},"author":52,"featured_media":7138,"comment_status":"closed","ping_status":"closed","sticky":false,"template":"","format":"standard","meta":{"_uag_custom_page_level_css":"","footnotes":""},"categories":[58],"tags":[],"class_list":["post-7137","post","type-post","status-publish","format-standard","has-post-thumbnail","hentry","category-panorama"],"yoast_head":"<!-- This site is optimized with the Yoast SEO plugin v26.8 - https:\/\/yoast.com\/product\/yoast-seo-wordpress\/ -->\n<title>Los cambios que implementar\u00e1 Facebook en publicidad desde el 2022 | Marketing Zone Icesi<\/title>\n<meta name=\"robots\" content=\"index, follow, max-snippet:-1, max-image-preview:large, max-video-preview:-1\" \/>\n<link rel=\"canonical\" href=\"https:\/\/www.icesi.edu.co\/marketingzone\/los-cambios-que-implementara-facebook-en-publicidad-desde-el-2022\/\" \/>\n<meta property=\"og:locale\" content=\"es_ES\" \/>\n<meta property=\"og:type\" content=\"article\" \/>\n<meta property=\"og:title\" content=\"Los cambios que implementar\u00e1 Facebook en publicidad desde el 2022 | Marketing Zone Icesi\" \/>\n<meta property=\"og:description\" content=\"La red social ya no permitir\u00e1 anuncios\u00a0relacionados con orientaci\u00f3n sexual, salud, religi\u00f3n, afiliaci\u00f3n pol\u00edtica. Los usuarios de Facebook e Instagram\u00a0pronto ya no podr\u00e1n ser dirigidos a anuncios basados en su inter\u00e9s en ciertos temas delicados, como la\u00a0orientaci\u00f3n sexual y la afiliaci\u00f3n pol\u00edtica,\u00a0un cambio importante para la red social. \u00abQueremos satisfacer mejor las expectativas cambiantes de [&hellip;]\" \/>\n<meta property=\"og:url\" content=\"https:\/\/www.icesi.edu.co\/marketingzone\/los-cambios-que-implementara-facebook-en-publicidad-desde-el-2022\/\" \/>\n<meta property=\"og:site_name\" content=\"Marketing Zone Icesi\" \/>\n<meta property=\"article:publisher\" content=\"https:\/\/www.facebook.com\/Marketingzoneicesi\/\" \/>\n<meta property=\"article:published_time\" content=\"2021-11-18T15:00:25+00:00\" \/>\n<meta property=\"og:image\" content=\"https:\/\/www.icesi.edu.co\/marketingzone\/wp-content\/uploads\/2021\/11\/616a7e2b8bff4.jpeg\" \/>\n\t<meta property=\"og:image:width\" content=\"700\" \/>\n\t<meta property=\"og:image:height\" content=\"526\" \/>\n\t<meta property=\"og:image:type\" content=\"image\/jpeg\" \/>\n<meta name=\"author\" content=\"Marketing Zone Icesi\" \/>\n<meta name=\"twitter:card\" content=\"summary_large_image\" \/>\n<meta name=\"twitter:creator\" content=\"@MarketingZIcesi\" \/>\n<meta name=\"twitter:site\" content=\"@MarketingZIcesi\" \/>\n<meta name=\"twitter:label1\" content=\"Escrito por\" \/>\n\t<meta name=\"twitter:data1\" content=\"Marketing Zone Icesi\" \/>\n\t<meta name=\"twitter:label2\" content=\"Tiempo de lectura\" \/>\n\t<meta name=\"twitter:data2\" content=\"2 minutos\" \/>\n<script type=\"application\/ld+json\" class=\"yoast-schema-graph\">{\"@context\":\"https:\/\/schema.org\",\"@graph\":[{\"@type\":\"Article\",\"@id\":\"https:\/\/www.icesi.edu.co\/marketingzone\/los-cambios-que-implementara-facebook-en-publicidad-desde-el-2022\/#article\",\"isPartOf\":{\"@id\":\"https:\/\/www.icesi.edu.co\/marketingzone\/los-cambios-que-implementara-facebook-en-publicidad-desde-el-2022\/\"},\"author\":{\"name\":\"Marketing Zone Icesi\",\"@id\":\"https:\/\/www.icesi.edu.co\/marketingzone\/#\/schema\/person\/59460cf35beca1a3a7aaa4536753e6c3\"},\"headline\":\"Los cambios que implementar\u00e1 Facebook en publicidad desde el 2022\",\"datePublished\":\"2021-11-18T15:00:25+00:00\",\"mainEntityOfPage\":{\"@id\":\"https:\/\/www.icesi.edu.co\/marketingzone\/los-cambios-que-implementara-facebook-en-publicidad-desde-el-2022\/\"},\"wordCount\":320,\"image\":{\"@id\":\"https:\/\/www.icesi.edu.co\/marketingzone\/los-cambios-que-implementara-facebook-en-publicidad-desde-el-2022\/#primaryimage\"},\"thumbnailUrl\":\"https:\/\/www.icesi.edu.co\/marketingzone\/wp-content\/uploads\/2021\/11\/616a7e2b8bff4.jpeg\",\"articleSection\":[\"Panorama\"],\"inLanguage\":\"es\"},{\"@type\":\"WebPage\",\"@id\":\"https:\/\/www.icesi.edu.co\/marketingzone\/los-cambios-que-implementara-facebook-en-publicidad-desde-el-2022\/\",\"url\":\"https:\/\/www.icesi.edu.co\/marketingzone\/los-cambios-que-implementara-facebook-en-publicidad-desde-el-2022\/\",\"name\":\"Los cambios que implementar\u00e1 Facebook en publicidad desde el 2022 | Marketing Zone Icesi\",\"isPartOf\":{\"@id\":\"https:\/\/www.icesi.edu.co\/marketingzone\/#website\"},\"primaryImageOfPage\":{\"@id\":\"https:\/\/www.icesi.edu.co\/marketingzone\/los-cambios-que-implementara-facebook-en-publicidad-desde-el-2022\/#primaryimage\"},\"image\":{\"@id\":\"https:\/\/www.icesi.edu.co\/marketingzone\/los-cambios-que-implementara-facebook-en-publicidad-desde-el-2022\/#primaryimage\"},\"thumbnailUrl\":\"https:\/\/www.icesi.edu.co\/marketingzone\/wp-content\/uploads\/2021\/11\/616a7e2b8bff4.jpeg\",\"datePublished\":\"2021-11-18T15:00:25+00:00\",\"author\":{\"@id\":\"https:\/\/www.icesi.edu.co\/marketingzone\/#\/schema\/person\/59460cf35beca1a3a7aaa4536753e6c3\"},\"breadcrumb\":{\"@id\":\"https:\/\/www.icesi.edu.co\/marketingzone\/los-cambios-que-implementara-facebook-en-publicidad-desde-el-2022\/#breadcrumb\"},\"inLanguage\":\"es\",\"potentialAction\":[{\"@type\":\"ReadAction\",\"target\":[\"https:\/\/www.icesi.edu.co\/marketingzone\/los-cambios-que-implementara-facebook-en-publicidad-desde-el-2022\/\"]}]},{\"@type\":\"ImageObject\",\"inLanguage\":\"es\",\"@id\":\"https:\/\/www.icesi.edu.co\/marketingzone\/los-cambios-que-implementara-facebook-en-publicidad-desde-el-2022\/#primaryimage\",\"url\":\"https:\/\/www.icesi.edu.co\/marketingzone\/wp-content\/uploads\/2021\/11\/616a7e2b8bff4.jpeg\",\"contentUrl\":\"https:\/\/www.icesi.edu.co\/marketingzone\/wp-content\/uploads\/2021\/11\/616a7e2b8bff4.jpeg\",\"width\":700,\"height\":526},{\"@type\":\"BreadcrumbList\",\"@id\":\"https:\/\/www.icesi.edu.co\/marketingzone\/los-cambios-que-implementara-facebook-en-publicidad-desde-el-2022\/#breadcrumb\",\"itemListElement\":[{\"@type\":\"ListItem\",\"position\":1,\"name\":\"Portada\",\"item\":\"https:\/\/www.icesi.edu.co\/marketingzone\/\"},{\"@type\":\"ListItem\",\"position\":2,\"name\":\"Los cambios que implementar\u00e1 Facebook en publicidad desde el 2022\"}]},{\"@type\":\"WebSite\",\"@id\":\"https:\/\/www.icesi.edu.co\/marketingzone\/#website\",\"url\":\"https:\/\/www.icesi.edu.co\/marketingzone\/\",\"name\":\"Marketing Zone - Universidad Icesi\",\"description\":\"\",\"potentialAction\":[{\"@type\":\"SearchAction\",\"target\":{\"@type\":\"EntryPoint\",\"urlTemplate\":\"https:\/\/www.icesi.edu.co\/marketingzone\/?s={search_term_string}\"},\"query-input\":{\"@type\":\"PropertyValueSpecification\",\"valueRequired\":true,\"valueName\":\"search_term_string\"}}],\"inLanguage\":\"es\"},{\"@type\":\"Person\",\"@id\":\"https:\/\/www.icesi.edu.co\/marketingzone\/#\/schema\/person\/59460cf35beca1a3a7aaa4536753e6c3\",\"name\":\"Marketing Zone Icesi\",\"image\":{\"@type\":\"ImageObject\",\"inLanguage\":\"es\",\"@id\":\"https:\/\/www.icesi.edu.co\/marketingzone\/#\/schema\/person\/image\/\",\"url\":\"https:\/\/secure.gravatar.com\/avatar\/9ca4eb2673bf04f9a460bcec8c7c57f36f3f176c237aefc7e2f919b089239282?s=96&d=mm&r=g\",\"contentUrl\":\"https:\/\/secure.gravatar.com\/avatar\/9ca4eb2673bf04f9a460bcec8c7c57f36f3f176c237aefc7e2f919b089239282?s=96&d=mm&r=g\",\"caption\":\"Marketing Zone Icesi\"},\"url\":\"https:\/\/www.icesi.edu.co\/marketingzone\/author\/administrator\/\"}]}<\/script>\n<!-- \/ Yoast SEO plugin. -->","yoast_head_json":{"title":"Los cambios que implementar\u00e1 Facebook en publicidad desde el 2022 | Marketing Zone Icesi","robots":{"index":"index","follow":"follow","max-snippet":"max-snippet:-1","max-image-preview":"max-image-preview:large","max-video-preview":"max-video-preview:-1"},"canonical":"https:\/\/www.icesi.edu.co\/marketingzone\/los-cambios-que-implementara-facebook-en-publicidad-desde-el-2022\/","og_locale":"es_ES","og_type":"article","og_title":"Los cambios que implementar\u00e1 Facebook en publicidad desde el 2022 | Marketing Zone Icesi","og_description":"La red social ya no permitir\u00e1 anuncios\u00a0relacionados con orientaci\u00f3n sexual, salud, religi\u00f3n, afiliaci\u00f3n pol\u00edtica. Los usuarios de Facebook e Instagram\u00a0pronto ya no podr\u00e1n ser dirigidos a anuncios basados en su inter\u00e9s en ciertos temas delicados, como la\u00a0orientaci\u00f3n sexual y la afiliaci\u00f3n pol\u00edtica,\u00a0un cambio importante para la red social. \u00abQueremos satisfacer mejor las expectativas cambiantes de [&hellip;]","og_url":"https:\/\/www.icesi.edu.co\/marketingzone\/los-cambios-que-implementara-facebook-en-publicidad-desde-el-2022\/","og_site_name":"Marketing Zone Icesi","article_publisher":"https:\/\/www.facebook.com\/Marketingzoneicesi\/","article_published_time":"2021-11-18T15:00:25+00:00","og_image":[{"width":700,"height":526,"url":"https:\/\/www.icesi.edu.co\/marketingzone\/wp-content\/uploads\/2021\/11\/616a7e2b8bff4.jpeg","type":"image\/jpeg"}],"author":"Marketing Zone Icesi","twitter_card":"summary_large_image","twitter_creator":"@MarketingZIcesi","twitter_site":"@MarketingZIcesi","twitter_misc":{"Escrito por":"Marketing Zone Icesi","Tiempo de lectura":"2 minutos"},"schema":{"@context":"https:\/\/schema.org","@graph":[{"@type":"Article","@id":"https:\/\/www.icesi.edu.co\/marketingzone\/los-cambios-que-implementara-facebook-en-publicidad-desde-el-2022\/#article","isPartOf":{"@id":"https:\/\/www.icesi.edu.co\/marketingzone\/los-cambios-que-implementara-facebook-en-publicidad-desde-el-2022\/"},"author":{"name":"Marketing Zone Icesi","@id":"https:\/\/www.icesi.edu.co\/marketingzone\/#\/schema\/person\/59460cf35beca1a3a7aaa4536753e6c3"},"headline":"Los cambios que implementar\u00e1 Facebook en publicidad desde el 2022","datePublished":"2021-11-18T15:00:25+00:00","mainEntityOfPage":{"@id":"https:\/\/www.icesi.edu.co\/marketingzone\/los-cambios-que-implementara-facebook-en-publicidad-desde-el-2022\/"},"wordCount":320,"image":{"@id":"https:\/\/www.icesi.edu.co\/marketingzone\/los-cambios-que-implementara-facebook-en-publicidad-desde-el-2022\/#primaryimage"},"thumbnailUrl":"https:\/\/www.icesi.edu.co\/marketingzone\/wp-content\/uploads\/2021\/11\/616a7e2b8bff4.jpeg","articleSection":["Panorama"],"inLanguage":"es"},{"@type":"WebPage","@id":"https:\/\/www.icesi.edu.co\/marketingzone\/los-cambios-que-implementara-facebook-en-publicidad-desde-el-2022\/","url":"https:\/\/www.icesi.edu.co\/marketingzone\/los-cambios-que-implementara-facebook-en-publicidad-desde-el-2022\/","name":"Los cambios que implementar\u00e1 Facebook en publicidad desde el 2022 | Marketing Zone Icesi","isPartOf":{"@id":"https:\/\/www.icesi.edu.co\/marketingzone\/#website"},"primaryImageOfPage":{"@id":"https:\/\/www.icesi.edu.co\/marketingzone\/los-cambios-que-implementara-facebook-en-publicidad-desde-el-2022\/#primaryimage"},"image":{"@id":"https:\/\/www.icesi.edu.co\/marketingzone\/los-cambios-que-implementara-facebook-en-publicidad-desde-el-2022\/#primaryimage"},"thumbnailUrl":"https:\/\/www.icesi.edu.co\/marketingzone\/wp-content\/uploads\/2021\/11\/616a7e2b8bff4.jpeg","datePublished":"2021-11-18T15:00:25+00:00","author":{"@id":"https:\/\/www.icesi.edu.co\/marketingzone\/#\/schema\/person\/59460cf35beca1a3a7aaa4536753e6c3"},"breadcrumb":{"@id":"https:\/\/www.icesi.edu.co\/marketingzone\/los-cambios-que-implementara-facebook-en-publicidad-desde-el-2022\/#breadcrumb"},"inLanguage":"es","potentialAction":[{"@type":"ReadAction","target":["https:\/\/www.icesi.edu.co\/marketingzone\/los-cambios-que-implementara-facebook-en-publicidad-desde-el-2022\/"]}]},{"@type":"ImageObject","inLanguage":"es","@id":"https:\/\/www.icesi.edu.co\/marketingzone\/los-cambios-que-implementara-facebook-en-publicidad-desde-el-2022\/#primaryimage","url":"https:\/\/www.icesi.edu.co\/marketingzone\/wp-content\/uploads\/2021\/11\/616a7e2b8bff4.jpeg","contentUrl":"https:\/\/www.icesi.edu.co\/marketingzone\/wp-content\/uploads\/2021\/11\/616a7e2b8bff4.jpeg","width":700,"height":526},{"@type":"BreadcrumbList","@id":"https:\/\/www.icesi.edu.co\/marketingzone\/los-cambios-que-implementara-facebook-en-publicidad-desde-el-2022\/#breadcrumb","itemListElement":[{"@type":"ListItem","position":1,"name":"Portada","item":"https:\/\/www.icesi.edu.co\/marketingzone\/"},{"@type":"ListItem","position":2,"name":"Los cambios que implementar\u00e1 Facebook en publicidad desde el 2022"}]},{"@type":"WebSite","@id":"https:\/\/www.icesi.edu.co\/marketingzone\/#website","url":"https:\/\/www.icesi.edu.co\/marketingzone\/","name":"Marketing Zone - Universidad Icesi","description":"","potentialAction":[{"@type":"SearchAction","target":{"@type":"EntryPoint","urlTemplate":"https:\/\/www.icesi.edu.co\/marketingzone\/?s={search_term_string}"},"query-input":{"@type":"PropertyValueSpecification","valueRequired":true,"valueName":"search_term_string"}}],"inLanguage":"es"},{"@type":"Person","@id":"https:\/\/www.icesi.edu.co\/marketingzone\/#\/schema\/person\/59460cf35beca1a3a7aaa4536753e6c3","name":"Marketing Zone Icesi","image":{"@type":"ImageObject","inLanguage":"es","@id":"https:\/\/www.icesi.edu.co\/marketingzone\/#\/schema\/person\/image\/","url":"https:\/\/secure.gravatar.com\/avatar\/9ca4eb2673bf04f9a460bcec8c7c57f36f3f176c237aefc7e2f919b089239282?s=96&d=mm&r=g","contentUrl":"https:\/\/secure.gravatar.com\/avatar\/9ca4eb2673bf04f9a460bcec8c7c57f36f3f176c237aefc7e2f919b089239282?s=96&d=mm&r=g","caption":"Marketing Zone Icesi"},"url":"https:\/\/www.icesi.edu.co\/marketingzone\/author\/administrator\/"}]}},"uagb_featured_image_src":{"full":["https:\/\/www.icesi.edu.co\/marketingzone\/wp-content\/uploads\/2021\/11\/616a7e2b8bff4.jpeg",700,526,false],"thumbnail":["https:\/\/www.icesi.edu.co\/marketingzone\/wp-content\/uploads\/2021\/11\/616a7e2b8bff4-150x150.jpeg",150,150,true],"medium":["https:\/\/www.icesi.edu.co\/marketingzone\/wp-content\/uploads\/2021\/11\/616a7e2b8bff4-300x225.jpeg",300,225,true],"medium_large":["https:\/\/www.icesi.edu.co\/marketingzone\/wp-content\/uploads\/2021\/11\/616a7e2b8bff4.jpeg",640,481,false],"large":["https:\/\/www.icesi.edu.co\/marketingzone\/wp-content\/uploads\/2021\/11\/616a7e2b8bff4.jpeg",640,481,false],"1536x1536":["https:\/\/www.icesi.edu.co\/marketingzone\/wp-content\/uploads\/2021\/11\/616a7e2b8bff4.jpeg",700,526,false],"2048x2048":["https:\/\/www.icesi.edu.co\/marketingzone\/wp-content\/uploads\/2021\/11\/616a7e2b8bff4.jpeg",700,526,false]},"uagb_author_info":{"display_name":"Marketing Zone Icesi","author_link":"https:\/\/www.icesi.edu.co\/marketingzone\/author\/administrator\/"},"uagb_comment_info":0,"uagb_excerpt":"La red social ya no permitir\u00e1 anuncios\u00a0relacionados con orientaci\u00f3n sexual, salud, religi\u00f3n, afiliaci\u00f3n pol\u00edtica. Los usuarios de Facebook e Instagram\u00a0pronto ya no podr\u00e1n ser dirigidos a anuncios basados en su inter\u00e9s en ciertos temas delicados, como la\u00a0orientaci\u00f3n sexual y la afiliaci\u00f3n pol\u00edtica,\u00a0un cambio importante para la red social. \u00abQueremos satisfacer mejor las expectativas cambiantes de&hellip;","_links":{"self":[{"href":"https:\/\/www.icesi.edu.co\/marketingzone\/wp-json\/wp\/v2\/posts\/7137","targetHints":{"allow":["GET"]}}],"collection":[{"href":"https:\/\/www.icesi.edu.co\/marketingzone\/wp-json\/wp\/v2\/posts"}],"about":[{"href":"https:\/\/www.icesi.edu.co\/marketingzone\/wp-json\/wp\/v2\/types\/post"}],"author":[{"embeddable":true,"href":"https:\/\/www.icesi.edu.co\/marketingzone\/wp-json\/wp\/v2\/users\/52"}],"replies":[{"embeddable":true,"href":"https:\/\/www.icesi.edu.co\/marketingzone\/wp-json\/wp\/v2\/comments?post=7137"}],"version-history":[{"count":2,"href":"https:\/\/www.icesi.edu.co\/marketingzone\/wp-json\/wp\/v2\/posts\/7137\/revisions"}],"predecessor-version":[{"id":7166,"href":"https:\/\/www.icesi.edu.co\/marketingzone\/wp-json\/wp\/v2\/posts\/7137\/revisions\/7166"}],"wp:featuredmedia":[{"embeddable":true,"href":"https:\/\/www.icesi.edu.co\/marketingzone\/wp-json\/wp\/v2\/media\/7138"}],"wp:attachment":[{"href":"https:\/\/www.icesi.edu.co\/marketingzone\/wp-json\/wp\/v2\/media?parent=7137"}],"wp:term":[{"taxonomy":"category","embeddable":true,"href":"https:\/\/www.icesi.edu.co\/marketingzone\/wp-json\/wp\/v2\/categories?post=7137"},{"taxonomy":"post_tag","embeddable":true,"href":"https:\/\/www.icesi.edu.co\/marketingzone\/wp-json\/wp\/v2\/tags?post=7137"}],"curies":[{"name":"wp","href":"https:\/\/api.w.org\/{rel}","templated":true}]}}