{"id":7264,"date":"2021-12-15T11:10:50","date_gmt":"2021-12-15T16:10:50","guid":{"rendered":"http:\/\/www.icesi.edu.co\/marketingzone\/?p=7264"},"modified":"2021-12-15T11:10:50","modified_gmt":"2021-12-15T16:10:50","slug":"de-que-se-trata-la-disputa-entre-wom-y-claro","status":"publish","type":"post","link":"https:\/\/www.icesi.edu.co\/marketingzone\/de-que-se-trata-la-disputa-entre-wom-y-claro\/","title":{"rendered":"\u00bfDe qu\u00e9 se trata la disputa entre WOM y Claro?"},"content":{"rendered":"<h2 class=\"jeg_post_subtitle\">Recientemente, WOM lanz\u00f3 un anuncio en El Tiempo en el que la marca afirm\u00f3 que Claro estaba restringiendo la conexi\u00f3n de las llamadas que hacen los usuarios de WOM a usuarios de Claro. La acci\u00f3n se desarroll\u00f3 con el hashtag #ClaroqueSiguenLosAbusos. Claro se pronunci\u00f3 y WOM respondi\u00f3.<\/h2>\n<div class=\"jeg_meta_container\">\n<div class=\"jeg_post_meta jeg_post_meta_1\">\n<p>El pasado 9 de diciembre el anuncio de WOM en EL TIEMPO lanz\u00f3 un claro mensaje respecto a su competidor Claro. Con el\u00a0<em>hashtag<\/em>\u00a0#ClaroQueSiguenLosAbusos, la disputa entre WOM y Claro se hizo evidente:<\/p>\n<blockquote><p>\u201cEl operador Claro ha restringido la conexi\u00f3n de las llamadas que hacen los usuarios de WOM a los usuarios de Claro, de forma ilegal, afectando la calidad que todos merecemos. esto ha impactado a millones de personas que no pueden comunicarse con quienes necesitan. Las autoridades en telecomunicaciones est\u00e1n al tanto de esta situaci\u00f3n y exigimos se tomen acciones de manera urgente para prevenir que se siga abusando de los colombianos, indica la pieza publicitaria\u201d.<\/p>\n<h3><strong>Seg\u00fan WOM, #ClaroQueSiguenLosAbusos<\/strong><\/h3>\n<p>Adicionalmente, en el comunicado oficial WOM profundiz\u00f3 la problem\u00e1tica. Se explic\u00f3 que, operadores como Tigo y Movistar han honrado las obligaciones que dispone la ley colombiana respecto a la interconexi\u00f3n con WOM. Sin embargo, se afirm\u00f3 tambi\u00e9n que Claro ha incurrido en pr\u00e1cticas anticompetitivas; esto por supuestamente poner obst\u00e1culos para habilitar la conectividad.<\/p>\n<blockquote><p>\u201cClaro, el operador dominante en el mercado colombiano viene incumpliendo de manera deliberada, sistem\u00e1tica y arbitraria la normativa comunitaria, legal y regulatoria en materia de interconexi\u00f3n, as\u00ed como las Resoluciones 6093 y 6127 de 2020, en donde la CRC (Comisi\u00f3n de Regulaci\u00f3n de Comunicaciones) le orden\u00f3 dar interconexi\u00f3n a WOM, es decir permitir la conexi\u00f3n de llamadas entre los usuarios de ambas compa\u00f1\u00edas, sin limitaci\u00f3n t\u00e9cnica ni geogr\u00e1fica a nivel nacional. El efecto es tan nocivo que hoy en d\u00eda m\u00e1s del 50% de las llamadas que se realizan ente WOM y Claro se ven afectadas, impactando gravemente a los usuarios que han visto como un servicio p\u00fablico esencial es degradado por la simple decisi\u00f3n de una empresa privada que act\u00faa en contrav\u00eda de todo el marco normativo vigente\u201d, indic\u00f3 el comunicado.<\/p><\/blockquote>\n<h4>Por otra parte, WOM afirm\u00f3 que Claro ha denunciado fraudes que han sido desmentidos por las autoridades. Asimismo, el comunicado explic\u00f3 que el operador Claro hizo afirmaciones falsas sobre las inversiones de WOM y otros operadores del pa\u00eds.<\/h4>\n<h3><strong>\u00bfQu\u00e9 dijo Claro?<\/strong><\/h3>\n<p>La disputa entre WOM y Claro no es nueva. Claro, respondiendo a la acci\u00f3n de WOM, respondi\u00f3 indicando que WOM est\u00e1 siendo investigado por fraude.<\/p>\n<blockquote><p>\u201cLa Comisi\u00f3n de Regulaci\u00f3n de Comunicaciones (CRC), dio curso al MinTIC de una denuncia contra WOM por el env\u00edo de llamadas de Roaming Autom\u00e1tico Nacional e interconexi\u00f3n de Avantel, haci\u00e9ndolas pasar como si fueran de WOM, para gozar de tarifas m\u00e1s bajas que son exclusivas de un operador entrante. Las denuncias fueron realizadas ante la CRC y Superintendencia de Industria y Comercio (SIC) el de\u00a0<strong>20 de agosto del presente a\u00f1o<\/strong>\u00a0y a\u00fan est\u00e1n en curso las investigaciones\u201d, indic\u00f3 el comunicado oficial de Claro.<\/p><\/blockquote>\n<p>Del mismo modo, Claro indic\u00f3 que WOM utiliza informaci\u00f3n del usuario sin su consentimiento para beneficio propio. Asimismo, el comunicado afirm\u00f3 que esta pr\u00e1ctica, adem\u00e1s de fraude, \u201cpodr\u00eda ser una estafa y un claro incumplimiento a la normatividad establecida\u201d, seg\u00fan Claro.<\/p>\n<h3><strong>WOM respondi\u00f3<\/strong><\/h3>\n<p>Sin embargo, WOM respondi\u00f3 a este accionar inmediatamente. El mismo d\u00eda, la marca lanz\u00f3 otro comunicado. Seg\u00fan la compa\u00f1\u00eda, la CRC desestim\u00f3 las pretensiones de Claro. Tambi\u00e9n se hizo referencia a Partners Telecom Colombia S.A.S (PTC), entidad propietaria de la marca WOM, respecto a esto, se indic\u00f3:<\/p>\n<blockquote><p>\u201cA la fecha, PTC no tiene ninguna investigaci\u00f3n administrativa iniciada por las autoridades por un supuesto \u2018fraude en llamadas\u2019 as\u00ed como tampoco por uso indebido del\u00a0<em>Roaming Autom\u00e1tico Nacional (RAN)<\/em>. WOM ha recibido solicitudes de informaci\u00f3n, las cuales se han respondido dentro del plazo otorgado y con los soportes pertinentes.<\/p>\n<p>La CRC rechaz\u00f3 todas las solicitudes presentadas por Claro que pretend\u00edan quitar la calidad operador entrante para WOM; la desconexi\u00f3n del RAN; pretensiones que no fueron aceptadas por la Comisi\u00f3n, lo que a su vez demuestra que WOM es cumplidora de la regulaci\u00f3n y del marco jur\u00eddico colombiano.<\/p>\n<p>En comunicaci\u00f3n dirigida al operador Comcel, la CRC indica que \u2018proceder\u00e1 a remitir tanto al MinTIC como a la SIC las comunicaciones enviadas por COMCEL contentivas de las peticiones ac\u00e1 respondidas, as\u00ed como los pronunciamientos que sobre el particular realiz\u00f3 PTC, con el objetivo de que, en el marco de sus competencias y si lo consideran, adelanten las actuaciones a las que haya lugar&#8217;\u201d.<\/p><\/blockquote>\n<p>Igualmente, WOM afirm\u00f3 dar cumplimiento con Avantel a las obligaciones regulatorias legales. Del mismo modo, el comunicado expone la disposici\u00f3n de PTC para colaborar con las autoridades respecto a requerimento de informaci\u00f3n.<\/p>\n<h3><strong>\u00bfQu\u00e9 han dicho las autoridades sobre la disputa entre WOM y Claro?<\/strong><\/h3>\n<p>P&amp;M contact\u00f3 a la SIC para adquirir informaci\u00f3n respecto a la disputa entre WOM y Claro. Sin embargo, la entidad no est\u00e1 compartiendo datos respecto al caso hasta nuevo aviso. Por otra parte, la CRC declar\u00f3 a\u00a0<a href=\"https:\/\/www.portafolio.co\/economia\/infraestructura\/la-crc-se-pronuncio-en-polemica-entre-wom-y-claro-por-roaming-nacional-559458\">Portafolio<\/a>:<\/p>\n<blockquote>\n<p id=\"p559458-m1115-11-1116\" class=\"parrafo\">WOM\u00a0<i>present\u00f3 dos solicitudes de soluci\u00f3n de controversias<\/i>.\u00a0Una para que la CRC le ordenara a Claro, de nuevo y entre otras cosas, la ampliaci\u00f3n del acceso al RAN. Esta actuaci\u00f3n inici\u00f3 en noviembre de 2021 y, actualmente, se encuentra en tr\u00e1mite.<\/p>\n<p id=\"p559458-m1127-13-1128\" class=\"parrafo\">La segunda, el 6 de diciembre de 2021, para que la CRC le ordenara a Claro la ampliaci\u00f3n de la interconexi\u00f3n entre las redes m\u00f3viles de ambos operadores<i>.\u00a0<\/i>En este momento la Comisi\u00f3n se encuentra dentro del t\u00e9rmino legal para decidir sobre el inicio de dicha actuaci\u00f3n.<\/p>\n<p id=\"p559458-m1139-15-1140\" class=\"parrafo\">Claro present\u00f3 dos solicitudes para que el ente autorizara desconectar el acceso al RAN de WOM en octubre y noviembre de 2021, las cuales tambi\u00e9n se encuentran en tr\u00e1mite.<\/p>\n<\/blockquote>\n<p>As\u00ed, la disputa entre WOM y Claro genera conversaci\u00f3n. Algunos usuarios de redes sociales han dado su opini\u00f3n.<\/p>\n<p><img loading=\"lazy\" decoding=\"async\" class=\"alignnone wp-image-44541 size-full\" src=\"https:\/\/revistapym.com.co\/wp-content\/uploads\/2021\/12\/Captura-de-Pantalla-2021-12-13-a-las-5.02.46-p.-m..png\" sizes=\"auto, (max-width: 608px) 100vw, 608px\" srcset=\"https:\/\/revistapym.com.co\/wp-content\/uploads\/2021\/12\/Captura-de-Pantalla-2021-12-13-a-las-5.02.46-p.-m..png 608w, https:\/\/revistapym.com.co\/wp-content\/uploads\/2021\/12\/Captura-de-Pantalla-2021-12-13-a-las-5.02.46-p.-m.-223x300.png 223w, https:\/\/revistapym.com.co\/wp-content\/uploads\/2021\/12\/Captura-de-Pantalla-2021-12-13-a-las-5.02.46-p.-m.-270x363.png 270w\" alt=\"disputa entre WOM Y Claro\" width=\"608\" height=\"818\" data-pin-no-hover=\"true\" \/>\u00a0<img loading=\"lazy\" decoding=\"async\" class=\"alignnone wp-image-44542 size-full\" src=\"https:\/\/revistapym.com.co\/wp-content\/uploads\/2021\/12\/Captura-de-Pantalla-2021-12-13-a-las-5.03.45-p.-m..png\" sizes=\"auto, (max-width: 400px) 100vw, 400px\" srcset=\"https:\/\/revistapym.com.co\/wp-content\/uploads\/2021\/12\/Captura-de-Pantalla-2021-12-13-a-las-5.03.45-p.-m..png 400w, https:\/\/revistapym.com.co\/wp-content\/uploads\/2021\/12\/Captura-de-Pantalla-2021-12-13-a-las-5.03.45-p.-m.-300x145.png 300w, https:\/\/revistapym.com.co\/wp-content\/uploads\/2021\/12\/Captura-de-Pantalla-2021-12-13-a-las-5.03.45-p.-m.-270x130.png 270w\" alt=\"disputa entre WOM Y Claro 1\" width=\"400\" height=\"193\" data-pin-no-hover=\"true\" \/>\u00a0<img loading=\"lazy\" decoding=\"async\" class=\"alignnone wp-image-44543 size-full\" src=\"https:\/\/revistapym.com.co\/wp-content\/uploads\/2021\/12\/Captura-de-Pantalla-2021-12-13-a-las-5.08.33-p.-m..png\" sizes=\"auto, (max-width: 393px) 100vw, 393px\" srcset=\"https:\/\/revistapym.com.co\/wp-content\/uploads\/2021\/12\/Captura-de-Pantalla-2021-12-13-a-las-5.08.33-p.-m..png 393w, https:\/\/revistapym.com.co\/wp-content\/uploads\/2021\/12\/Captura-de-Pantalla-2021-12-13-a-las-5.08.33-p.-m.-300x118.png 300w, https:\/\/revistapym.com.co\/wp-content\/uploads\/2021\/12\/Captura-de-Pantalla-2021-12-13-a-las-5.08.33-p.-m.-270x106.png 270w\" alt=\"disputa entre WOM Y Claro 2\" width=\"393\" height=\"154\" data-pin-no-hover=\"true\" \/><\/p>\n<p>As\u00ed, el campo de las\u00a0<em>telco<\/em>\u00a0en Colombia se ha dinamizado \u00faltimamente. Los inconvenientes legales resultaron impactando en comunicaci\u00f3n publicitaria e independiente a la decisi\u00f3n de las autoridades, los consumidores toman bandos. Pr\u00f3ximamente en P&amp;M m\u00e1s informaci\u00f3n frente al caso con las fuentes p\u00fablicas y expertos de la comunicaci\u00f3n.<\/p><\/blockquote>\n<\/div>\n<p>&nbsp;<\/p>\n<p>Fuente: https:\/\/revistapym.com.co\/comunicacion\/de-que-se-trata-la-disputa-entre-wom-y-claro<\/p>\n<\/div>\n","protected":false},"excerpt":{"rendered":"<p>Recientemente, WOM lanz\u00f3 un anuncio en El Tiempo en el que la marca afirm\u00f3 que Claro estaba restringiendo la conexi\u00f3n de las llamadas que hacen los usuarios de WOM a usuarios de Claro. La acci\u00f3n se desarroll\u00f3 con el hashtag #ClaroqueSiguenLosAbusos. Claro se pronunci\u00f3 y WOM respondi\u00f3. El pasado 9 de diciembre el anuncio de [&hellip;]<\/p>\n","protected":false},"author":52,"featured_media":7265,"comment_status":"closed","ping_status":"closed","sticky":false,"template":"","format":"standard","meta":{"_uag_custom_page_level_css":"","footnotes":""},"categories":[58],"tags":[],"class_list":["post-7264","post","type-post","status-publish","format-standard","has-post-thumbnail","hentry","category-panorama"],"yoast_head":"<!-- This site is optimized with the Yoast SEO plugin v26.8 - https:\/\/yoast.com\/product\/yoast-seo-wordpress\/ -->\n<title>\u00bfDe qu\u00e9 se trata la disputa entre WOM y Claro? | Marketing Zone Icesi<\/title>\n<meta name=\"robots\" content=\"index, follow, max-snippet:-1, max-image-preview:large, max-video-preview:-1\" \/>\n<link rel=\"canonical\" href=\"https:\/\/www.icesi.edu.co\/marketingzone\/de-que-se-trata-la-disputa-entre-wom-y-claro\/\" \/>\n<meta property=\"og:locale\" content=\"es_ES\" \/>\n<meta property=\"og:type\" content=\"article\" \/>\n<meta property=\"og:title\" content=\"\u00bfDe qu\u00e9 se trata la disputa entre WOM y Claro? | Marketing Zone Icesi\" \/>\n<meta property=\"og:description\" content=\"Recientemente, WOM lanz\u00f3 un anuncio en El Tiempo en el que la marca afirm\u00f3 que Claro estaba restringiendo la conexi\u00f3n de las llamadas que hacen los usuarios de WOM a usuarios de Claro. La acci\u00f3n se desarroll\u00f3 con el hashtag #ClaroqueSiguenLosAbusos. Claro se pronunci\u00f3 y WOM respondi\u00f3. El pasado 9 de diciembre el anuncio de [&hellip;]\" \/>\n<meta property=\"og:url\" content=\"https:\/\/www.icesi.edu.co\/marketingzone\/de-que-se-trata-la-disputa-entre-wom-y-claro\/\" \/>\n<meta property=\"og:site_name\" content=\"Marketing Zone Icesi\" \/>\n<meta property=\"article:publisher\" content=\"https:\/\/www.facebook.com\/Marketingzoneicesi\/\" \/>\n<meta property=\"article:published_time\" content=\"2021-12-15T16:10:50+00:00\" \/>\n<meta property=\"og:image\" content=\"https:\/\/www.icesi.edu.co\/marketingzone\/wp-content\/uploads\/2021\/12\/DISPUTA-ENTRE-WOM-Y-CLARO-711x375-1.png\" \/>\n\t<meta property=\"og:image:width\" content=\"711\" \/>\n\t<meta property=\"og:image:height\" content=\"375\" \/>\n\t<meta property=\"og:image:type\" content=\"image\/png\" \/>\n<meta name=\"author\" content=\"Marketing Zone Icesi\" \/>\n<meta name=\"twitter:card\" content=\"summary_large_image\" \/>\n<meta name=\"twitter:creator\" content=\"@MarketingZIcesi\" \/>\n<meta name=\"twitter:site\" content=\"@MarketingZIcesi\" \/>\n<meta name=\"twitter:label1\" content=\"Escrito por\" \/>\n\t<meta name=\"twitter:data1\" content=\"Marketing Zone Icesi\" \/>\n\t<meta name=\"twitter:label2\" content=\"Tiempo de lectura\" \/>\n\t<meta name=\"twitter:data2\" content=\"5 minutos\" \/>\n<script type=\"application\/ld+json\" class=\"yoast-schema-graph\">{\"@context\":\"https:\/\/schema.org\",\"@graph\":[{\"@type\":\"Article\",\"@id\":\"https:\/\/www.icesi.edu.co\/marketingzone\/de-que-se-trata-la-disputa-entre-wom-y-claro\/#article\",\"isPartOf\":{\"@id\":\"https:\/\/www.icesi.edu.co\/marketingzone\/de-que-se-trata-la-disputa-entre-wom-y-claro\/\"},\"author\":{\"name\":\"Marketing Zone Icesi\",\"@id\":\"https:\/\/www.icesi.edu.co\/marketingzone\/#\/schema\/person\/59460cf35beca1a3a7aaa4536753e6c3\"},\"headline\":\"\u00bfDe qu\u00e9 se trata la disputa entre WOM y Claro?\",\"datePublished\":\"2021-12-15T16:10:50+00:00\",\"mainEntityOfPage\":{\"@id\":\"https:\/\/www.icesi.edu.co\/marketingzone\/de-que-se-trata-la-disputa-entre-wom-y-claro\/\"},\"wordCount\":1108,\"image\":{\"@id\":\"https:\/\/www.icesi.edu.co\/marketingzone\/de-que-se-trata-la-disputa-entre-wom-y-claro\/#primaryimage\"},\"thumbnailUrl\":\"https:\/\/www.icesi.edu.co\/marketingzone\/wp-content\/uploads\/2021\/12\/DISPUTA-ENTRE-WOM-Y-CLARO-711x375-1.png\",\"articleSection\":[\"Panorama\"],\"inLanguage\":\"es\"},{\"@type\":\"WebPage\",\"@id\":\"https:\/\/www.icesi.edu.co\/marketingzone\/de-que-se-trata-la-disputa-entre-wom-y-claro\/\",\"url\":\"https:\/\/www.icesi.edu.co\/marketingzone\/de-que-se-trata-la-disputa-entre-wom-y-claro\/\",\"name\":\"\u00bfDe qu\u00e9 se trata la disputa entre WOM y Claro? | Marketing Zone Icesi\",\"isPartOf\":{\"@id\":\"https:\/\/www.icesi.edu.co\/marketingzone\/#website\"},\"primaryImageOfPage\":{\"@id\":\"https:\/\/www.icesi.edu.co\/marketingzone\/de-que-se-trata-la-disputa-entre-wom-y-claro\/#primaryimage\"},\"image\":{\"@id\":\"https:\/\/www.icesi.edu.co\/marketingzone\/de-que-se-trata-la-disputa-entre-wom-y-claro\/#primaryimage\"},\"thumbnailUrl\":\"https:\/\/www.icesi.edu.co\/marketingzone\/wp-content\/uploads\/2021\/12\/DISPUTA-ENTRE-WOM-Y-CLARO-711x375-1.png\",\"datePublished\":\"2021-12-15T16:10:50+00:00\",\"author\":{\"@id\":\"https:\/\/www.icesi.edu.co\/marketingzone\/#\/schema\/person\/59460cf35beca1a3a7aaa4536753e6c3\"},\"breadcrumb\":{\"@id\":\"https:\/\/www.icesi.edu.co\/marketingzone\/de-que-se-trata-la-disputa-entre-wom-y-claro\/#breadcrumb\"},\"inLanguage\":\"es\",\"potentialAction\":[{\"@type\":\"ReadAction\",\"target\":[\"https:\/\/www.icesi.edu.co\/marketingzone\/de-que-se-trata-la-disputa-entre-wom-y-claro\/\"]}]},{\"@type\":\"ImageObject\",\"inLanguage\":\"es\",\"@id\":\"https:\/\/www.icesi.edu.co\/marketingzone\/de-que-se-trata-la-disputa-entre-wom-y-claro\/#primaryimage\",\"url\":\"https:\/\/www.icesi.edu.co\/marketingzone\/wp-content\/uploads\/2021\/12\/DISPUTA-ENTRE-WOM-Y-CLARO-711x375-1.png\",\"contentUrl\":\"https:\/\/www.icesi.edu.co\/marketingzone\/wp-content\/uploads\/2021\/12\/DISPUTA-ENTRE-WOM-Y-CLARO-711x375-1.png\",\"width\":711,\"height\":375},{\"@type\":\"BreadcrumbList\",\"@id\":\"https:\/\/www.icesi.edu.co\/marketingzone\/de-que-se-trata-la-disputa-entre-wom-y-claro\/#breadcrumb\",\"itemListElement\":[{\"@type\":\"ListItem\",\"position\":1,\"name\":\"Portada\",\"item\":\"https:\/\/www.icesi.edu.co\/marketingzone\/\"},{\"@type\":\"ListItem\",\"position\":2,\"name\":\"\u00bfDe qu\u00e9 se trata la disputa entre WOM y Claro?\"}]},{\"@type\":\"WebSite\",\"@id\":\"https:\/\/www.icesi.edu.co\/marketingzone\/#website\",\"url\":\"https:\/\/www.icesi.edu.co\/marketingzone\/\",\"name\":\"Marketing Zone - Universidad Icesi\",\"description\":\"\",\"potentialAction\":[{\"@type\":\"SearchAction\",\"target\":{\"@type\":\"EntryPoint\",\"urlTemplate\":\"https:\/\/www.icesi.edu.co\/marketingzone\/?s={search_term_string}\"},\"query-input\":{\"@type\":\"PropertyValueSpecification\",\"valueRequired\":true,\"valueName\":\"search_term_string\"}}],\"inLanguage\":\"es\"},{\"@type\":\"Person\",\"@id\":\"https:\/\/www.icesi.edu.co\/marketingzone\/#\/schema\/person\/59460cf35beca1a3a7aaa4536753e6c3\",\"name\":\"Marketing Zone Icesi\",\"image\":{\"@type\":\"ImageObject\",\"inLanguage\":\"es\",\"@id\":\"https:\/\/www.icesi.edu.co\/marketingzone\/#\/schema\/person\/image\/\",\"url\":\"https:\/\/secure.gravatar.com\/avatar\/9ca4eb2673bf04f9a460bcec8c7c57f36f3f176c237aefc7e2f919b089239282?s=96&d=mm&r=g\",\"contentUrl\":\"https:\/\/secure.gravatar.com\/avatar\/9ca4eb2673bf04f9a460bcec8c7c57f36f3f176c237aefc7e2f919b089239282?s=96&d=mm&r=g\",\"caption\":\"Marketing Zone Icesi\"},\"url\":\"https:\/\/www.icesi.edu.co\/marketingzone\/author\/administrator\/\"}]}<\/script>\n<!-- \/ Yoast SEO plugin. -->","yoast_head_json":{"title":"\u00bfDe qu\u00e9 se trata la disputa entre WOM y Claro? | Marketing Zone Icesi","robots":{"index":"index","follow":"follow","max-snippet":"max-snippet:-1","max-image-preview":"max-image-preview:large","max-video-preview":"max-video-preview:-1"},"canonical":"https:\/\/www.icesi.edu.co\/marketingzone\/de-que-se-trata-la-disputa-entre-wom-y-claro\/","og_locale":"es_ES","og_type":"article","og_title":"\u00bfDe qu\u00e9 se trata la disputa entre WOM y Claro? | Marketing Zone Icesi","og_description":"Recientemente, WOM lanz\u00f3 un anuncio en El Tiempo en el que la marca afirm\u00f3 que Claro estaba restringiendo la conexi\u00f3n de las llamadas que hacen los usuarios de WOM a usuarios de Claro. La acci\u00f3n se desarroll\u00f3 con el hashtag #ClaroqueSiguenLosAbusos. Claro se pronunci\u00f3 y WOM respondi\u00f3. El pasado 9 de diciembre el anuncio de [&hellip;]","og_url":"https:\/\/www.icesi.edu.co\/marketingzone\/de-que-se-trata-la-disputa-entre-wom-y-claro\/","og_site_name":"Marketing Zone Icesi","article_publisher":"https:\/\/www.facebook.com\/Marketingzoneicesi\/","article_published_time":"2021-12-15T16:10:50+00:00","og_image":[{"width":711,"height":375,"url":"https:\/\/www.icesi.edu.co\/marketingzone\/wp-content\/uploads\/2021\/12\/DISPUTA-ENTRE-WOM-Y-CLARO-711x375-1.png","type":"image\/png"}],"author":"Marketing Zone Icesi","twitter_card":"summary_large_image","twitter_creator":"@MarketingZIcesi","twitter_site":"@MarketingZIcesi","twitter_misc":{"Escrito por":"Marketing Zone Icesi","Tiempo de lectura":"5 minutos"},"schema":{"@context":"https:\/\/schema.org","@graph":[{"@type":"Article","@id":"https:\/\/www.icesi.edu.co\/marketingzone\/de-que-se-trata-la-disputa-entre-wom-y-claro\/#article","isPartOf":{"@id":"https:\/\/www.icesi.edu.co\/marketingzone\/de-que-se-trata-la-disputa-entre-wom-y-claro\/"},"author":{"name":"Marketing Zone Icesi","@id":"https:\/\/www.icesi.edu.co\/marketingzone\/#\/schema\/person\/59460cf35beca1a3a7aaa4536753e6c3"},"headline":"\u00bfDe qu\u00e9 se trata la disputa entre WOM y Claro?","datePublished":"2021-12-15T16:10:50+00:00","mainEntityOfPage":{"@id":"https:\/\/www.icesi.edu.co\/marketingzone\/de-que-se-trata-la-disputa-entre-wom-y-claro\/"},"wordCount":1108,"image":{"@id":"https:\/\/www.icesi.edu.co\/marketingzone\/de-que-se-trata-la-disputa-entre-wom-y-claro\/#primaryimage"},"thumbnailUrl":"https:\/\/www.icesi.edu.co\/marketingzone\/wp-content\/uploads\/2021\/12\/DISPUTA-ENTRE-WOM-Y-CLARO-711x375-1.png","articleSection":["Panorama"],"inLanguage":"es"},{"@type":"WebPage","@id":"https:\/\/www.icesi.edu.co\/marketingzone\/de-que-se-trata-la-disputa-entre-wom-y-claro\/","url":"https:\/\/www.icesi.edu.co\/marketingzone\/de-que-se-trata-la-disputa-entre-wom-y-claro\/","name":"\u00bfDe qu\u00e9 se trata la disputa entre WOM y Claro? | Marketing Zone Icesi","isPartOf":{"@id":"https:\/\/www.icesi.edu.co\/marketingzone\/#website"},"primaryImageOfPage":{"@id":"https:\/\/www.icesi.edu.co\/marketingzone\/de-que-se-trata-la-disputa-entre-wom-y-claro\/#primaryimage"},"image":{"@id":"https:\/\/www.icesi.edu.co\/marketingzone\/de-que-se-trata-la-disputa-entre-wom-y-claro\/#primaryimage"},"thumbnailUrl":"https:\/\/www.icesi.edu.co\/marketingzone\/wp-content\/uploads\/2021\/12\/DISPUTA-ENTRE-WOM-Y-CLARO-711x375-1.png","datePublished":"2021-12-15T16:10:50+00:00","author":{"@id":"https:\/\/www.icesi.edu.co\/marketingzone\/#\/schema\/person\/59460cf35beca1a3a7aaa4536753e6c3"},"breadcrumb":{"@id":"https:\/\/www.icesi.edu.co\/marketingzone\/de-que-se-trata-la-disputa-entre-wom-y-claro\/#breadcrumb"},"inLanguage":"es","potentialAction":[{"@type":"ReadAction","target":["https:\/\/www.icesi.edu.co\/marketingzone\/de-que-se-trata-la-disputa-entre-wom-y-claro\/"]}]},{"@type":"ImageObject","inLanguage":"es","@id":"https:\/\/www.icesi.edu.co\/marketingzone\/de-que-se-trata-la-disputa-entre-wom-y-claro\/#primaryimage","url":"https:\/\/www.icesi.edu.co\/marketingzone\/wp-content\/uploads\/2021\/12\/DISPUTA-ENTRE-WOM-Y-CLARO-711x375-1.png","contentUrl":"https:\/\/www.icesi.edu.co\/marketingzone\/wp-content\/uploads\/2021\/12\/DISPUTA-ENTRE-WOM-Y-CLARO-711x375-1.png","width":711,"height":375},{"@type":"BreadcrumbList","@id":"https:\/\/www.icesi.edu.co\/marketingzone\/de-que-se-trata-la-disputa-entre-wom-y-claro\/#breadcrumb","itemListElement":[{"@type":"ListItem","position":1,"name":"Portada","item":"https:\/\/www.icesi.edu.co\/marketingzone\/"},{"@type":"ListItem","position":2,"name":"\u00bfDe qu\u00e9 se trata la disputa entre WOM y Claro?"}]},{"@type":"WebSite","@id":"https:\/\/www.icesi.edu.co\/marketingzone\/#website","url":"https:\/\/www.icesi.edu.co\/marketingzone\/","name":"Marketing Zone - Universidad Icesi","description":"","potentialAction":[{"@type":"SearchAction","target":{"@type":"EntryPoint","urlTemplate":"https:\/\/www.icesi.edu.co\/marketingzone\/?s={search_term_string}"},"query-input":{"@type":"PropertyValueSpecification","valueRequired":true,"valueName":"search_term_string"}}],"inLanguage":"es"},{"@type":"Person","@id":"https:\/\/www.icesi.edu.co\/marketingzone\/#\/schema\/person\/59460cf35beca1a3a7aaa4536753e6c3","name":"Marketing Zone Icesi","image":{"@type":"ImageObject","inLanguage":"es","@id":"https:\/\/www.icesi.edu.co\/marketingzone\/#\/schema\/person\/image\/","url":"https:\/\/secure.gravatar.com\/avatar\/9ca4eb2673bf04f9a460bcec8c7c57f36f3f176c237aefc7e2f919b089239282?s=96&d=mm&r=g","contentUrl":"https:\/\/secure.gravatar.com\/avatar\/9ca4eb2673bf04f9a460bcec8c7c57f36f3f176c237aefc7e2f919b089239282?s=96&d=mm&r=g","caption":"Marketing Zone Icesi"},"url":"https:\/\/www.icesi.edu.co\/marketingzone\/author\/administrator\/"}]}},"uagb_featured_image_src":{"full":["https:\/\/www.icesi.edu.co\/marketingzone\/wp-content\/uploads\/2021\/12\/DISPUTA-ENTRE-WOM-Y-CLARO-711x375-1.png",711,375,false],"thumbnail":["https:\/\/www.icesi.edu.co\/marketingzone\/wp-content\/uploads\/2021\/12\/DISPUTA-ENTRE-WOM-Y-CLARO-711x375-1-150x150.png",150,150,true],"medium":["https:\/\/www.icesi.edu.co\/marketingzone\/wp-content\/uploads\/2021\/12\/DISPUTA-ENTRE-WOM-Y-CLARO-711x375-1-300x158.png",300,158,true],"medium_large":["https:\/\/www.icesi.edu.co\/marketingzone\/wp-content\/uploads\/2021\/12\/DISPUTA-ENTRE-WOM-Y-CLARO-711x375-1.png",640,338,false],"large":["https:\/\/www.icesi.edu.co\/marketingzone\/wp-content\/uploads\/2021\/12\/DISPUTA-ENTRE-WOM-Y-CLARO-711x375-1.png",640,338,false],"1536x1536":["https:\/\/www.icesi.edu.co\/marketingzone\/wp-content\/uploads\/2021\/12\/DISPUTA-ENTRE-WOM-Y-CLARO-711x375-1.png",711,375,false],"2048x2048":["https:\/\/www.icesi.edu.co\/marketingzone\/wp-content\/uploads\/2021\/12\/DISPUTA-ENTRE-WOM-Y-CLARO-711x375-1.png",711,375,false]},"uagb_author_info":{"display_name":"Marketing Zone Icesi","author_link":"https:\/\/www.icesi.edu.co\/marketingzone\/author\/administrator\/"},"uagb_comment_info":0,"uagb_excerpt":"Recientemente, WOM lanz\u00f3 un anuncio en El Tiempo en el que la marca afirm\u00f3 que Claro estaba restringiendo la conexi\u00f3n de las llamadas que hacen los usuarios de WOM a usuarios de Claro. La acci\u00f3n se desarroll\u00f3 con el hashtag #ClaroqueSiguenLosAbusos. Claro se pronunci\u00f3 y WOM respondi\u00f3. El pasado 9 de diciembre el anuncio de&hellip;","_links":{"self":[{"href":"https:\/\/www.icesi.edu.co\/marketingzone\/wp-json\/wp\/v2\/posts\/7264","targetHints":{"allow":["GET"]}}],"collection":[{"href":"https:\/\/www.icesi.edu.co\/marketingzone\/wp-json\/wp\/v2\/posts"}],"about":[{"href":"https:\/\/www.icesi.edu.co\/marketingzone\/wp-json\/wp\/v2\/types\/post"}],"author":[{"embeddable":true,"href":"https:\/\/www.icesi.edu.co\/marketingzone\/wp-json\/wp\/v2\/users\/52"}],"replies":[{"embeddable":true,"href":"https:\/\/www.icesi.edu.co\/marketingzone\/wp-json\/wp\/v2\/comments?post=7264"}],"version-history":[{"count":1,"href":"https:\/\/www.icesi.edu.co\/marketingzone\/wp-json\/wp\/v2\/posts\/7264\/revisions"}],"predecessor-version":[{"id":7266,"href":"https:\/\/www.icesi.edu.co\/marketingzone\/wp-json\/wp\/v2\/posts\/7264\/revisions\/7266"}],"wp:featuredmedia":[{"embeddable":true,"href":"https:\/\/www.icesi.edu.co\/marketingzone\/wp-json\/wp\/v2\/media\/7265"}],"wp:attachment":[{"href":"https:\/\/www.icesi.edu.co\/marketingzone\/wp-json\/wp\/v2\/media?parent=7264"}],"wp:term":[{"taxonomy":"category","embeddable":true,"href":"https:\/\/www.icesi.edu.co\/marketingzone\/wp-json\/wp\/v2\/categories?post=7264"},{"taxonomy":"post_tag","embeddable":true,"href":"https:\/\/www.icesi.edu.co\/marketingzone\/wp-json\/wp\/v2\/tags?post=7264"}],"curies":[{"name":"wp","href":"https:\/\/api.w.org\/{rel}","templated":true}]}}