{"id":7821,"date":"2022-05-02T14:00:12","date_gmt":"2022-05-02T19:00:12","guid":{"rendered":"http:\/\/www.icesi.edu.co\/marketingzone\/?p=7821"},"modified":"2022-04-29T17:50:01","modified_gmt":"2022-04-29T22:50:01","slug":"amazon-anuncia-perdidas-por-primera-vez-desde-2015","status":"publish","type":"post","link":"https:\/\/www.icesi.edu.co\/marketingzone\/amazon-anuncia-perdidas-por-primera-vez-desde-2015\/","title":{"rendered":"Amazon anuncia p\u00e9rdidas por primera vez desde 2015"},"content":{"rendered":"<h2 class=\"has-text-align-center\">Debido a los problemas en el mercado laboral estadounidense y las complicaciones derivadas de la log\u00edstica y la cadena de suministro, los gastos de Amazon est\u00e1n creciendo m\u00e1s r\u00e1pido que sus ingresos.<\/h2>\n<p>Los resultados del \u00faltimo trimestre de Amazon fueron sorprendentemente bajos. Entre enero y marzo de 2022 registrara p\u00e9rdidas de 3.844 millones de d\u00f3lares. La multinacional estadounidense se precipit\u00f3 a n\u00fameros rojos tras haber obtenido unos beneficios netos de 8.107 millones de d\u00f3lares durante el mismo periodo del a\u00f1o anterior. Esta es la primera vez desde 2015 que Amazon se descuelga con p\u00e9rdidas.<\/p>\n<p>La pandemia y la guerra de Ucrania enfrentaron a Amazon con \u201cdesaf\u00edos inusuales\u201d, aseguraba ayer Andy Jassy, CEO del gigante del e-commerce, durante la presentaci\u00f3n de los resultados trimestrales de la compa\u00f1\u00eda. Debido a los problemas en el mercado laboral estadounidense y las complicaciones derivadas de la log\u00edstica y la cadena de suministro, los gastos de Amazon est\u00e1n creciendo m\u00e1s r\u00e1pido que sus ingresos.<\/p>\n<h2 id=\"h-medidas\">Medidas<\/h2>\n<p>A inicios del a\u00f1o, la compa\u00f1\u00eda subi\u00f3 el precio de las tarifas de Prime y las tasas que abonan los retailers en su plataforma por efecto de la inflaci\u00f3n. Sin embargo, estas medidas no pudieron salvar los \u00faltimos resultados trimestrales de Amazon.<\/p>\n<p>Los inversores reaccionaron con furia a los decepcionantes resultados trimestrales de Amazon y castigaron a directivos de la compa\u00f1\u00eda con un prolapso del alrededor de 10%. Las acciones de Amazon han ca\u00eddo as\u00ed a su punto m\u00e1s bajo desde mediados de 2020.<\/p>\n<p>Cabe indicar que las estimaciones de la compa\u00f1\u00eda para el segundo trimestre del a\u00f1o no son optimistas. Entre abril y junio de 2022 Amazon espera ingresar en sus arcas entre 116.000 y 121.000 millones de d\u00f3lares, el equivalente a un crecimiento interanual de entre el 3% y el 7%. Respecto a las ganancias, la multinacional espera unos beneficios operativos de entre -1.000 millones y +3.000 millones de d\u00f3lares (por lo que la compa\u00f1\u00eda podr\u00eda seguir instalada en los n\u00fameros rojos en el segundo trimestre del a\u00f1o).<\/p>\n<p>Las p\u00e9rdidas sufridas por Amazon en el \u00faltimo trimestre obedecen al desplome en bolsa de la empresa de veh\u00edculos el\u00e9ctricos Rivian, en la compa\u00f1\u00eda liderada por Andy Jassy cuenta con una participaci\u00f3n importante de 2019.<\/p>\n<p>A la compa\u00f1\u00eda le est\u00e1 afectando tambi\u00e9n la eliminaci\u00f3n de las restricciones solapadas a la pandemia, que dio fuelle al comercio electr\u00f3nico durante los \u00faltimos dos a\u00f1os.<\/p>\n<p>Fuente: https:\/\/www.mercadonegro.pe\/marketing\/amazon-anuncia-perdidas-por-primera-vez-desde-2015\/<\/p>\n","protected":false},"excerpt":{"rendered":"<p>Debido a los problemas en el mercado laboral estadounidense y las complicaciones derivadas de la log\u00edstica y la cadena de suministro, los gastos de Amazon est\u00e1n creciendo m\u00e1s r\u00e1pido que sus ingresos. Los resultados del \u00faltimo trimestre de Amazon fueron sorprendentemente bajos. Entre enero y marzo de 2022 registrara p\u00e9rdidas de 3.844 millones de d\u00f3lares. [&hellip;]<\/p>\n","protected":false},"author":52,"featured_media":7424,"comment_status":"closed","ping_status":"closed","sticky":false,"template":"","format":"standard","meta":{"_uag_custom_page_level_css":"","footnotes":""},"categories":[58],"tags":[],"class_list":["post-7821","post","type-post","status-publish","format-standard","has-post-thumbnail","hentry","category-panorama"],"yoast_head":"<!-- This site is optimized with the Yoast SEO plugin v26.8 - https:\/\/yoast.com\/product\/yoast-seo-wordpress\/ -->\n<title>Amazon anuncia p\u00e9rdidas por primera vez desde 2015 | Marketing Zone Icesi<\/title>\n<meta name=\"robots\" content=\"index, follow, max-snippet:-1, max-image-preview:large, max-video-preview:-1\" \/>\n<link rel=\"canonical\" href=\"https:\/\/www.icesi.edu.co\/marketingzone\/amazon-anuncia-perdidas-por-primera-vez-desde-2015\/\" \/>\n<meta property=\"og:locale\" content=\"es_ES\" \/>\n<meta property=\"og:type\" content=\"article\" \/>\n<meta property=\"og:title\" content=\"Amazon anuncia p\u00e9rdidas por primera vez desde 2015 | Marketing Zone Icesi\" \/>\n<meta property=\"og:description\" content=\"Debido a los problemas en el mercado laboral estadounidense y las complicaciones derivadas de la log\u00edstica y la cadena de suministro, los gastos de Amazon est\u00e1n creciendo m\u00e1s r\u00e1pido que sus ingresos. Los resultados del \u00faltimo trimestre de Amazon fueron sorprendentemente bajos. Entre enero y marzo de 2022 registrara p\u00e9rdidas de 3.844 millones de d\u00f3lares. [&hellip;]\" \/>\n<meta property=\"og:url\" content=\"https:\/\/www.icesi.edu.co\/marketingzone\/amazon-anuncia-perdidas-por-primera-vez-desde-2015\/\" \/>\n<meta property=\"og:site_name\" content=\"Marketing Zone Icesi\" \/>\n<meta property=\"article:publisher\" content=\"https:\/\/www.facebook.com\/Marketingzoneicesi\/\" \/>\n<meta property=\"article:published_time\" content=\"2022-05-02T19:00:12+00:00\" \/>\n<meta property=\"og:image\" content=\"https:\/\/www.icesi.edu.co\/marketingzone\/wp-content\/uploads\/2022\/02\/Amazon-1-750x375-1.jpeg\" \/>\n\t<meta property=\"og:image:width\" content=\"750\" \/>\n\t<meta property=\"og:image:height\" content=\"375\" \/>\n\t<meta property=\"og:image:type\" content=\"image\/jpeg\" \/>\n<meta name=\"author\" content=\"Marketing Zone Icesi\" \/>\n<meta name=\"twitter:card\" content=\"summary_large_image\" \/>\n<meta name=\"twitter:creator\" content=\"@MarketingZIcesi\" \/>\n<meta name=\"twitter:site\" content=\"@MarketingZIcesi\" \/>\n<meta name=\"twitter:label1\" content=\"Escrito por\" \/>\n\t<meta name=\"twitter:data1\" content=\"Marketing Zone Icesi\" \/>\n\t<meta name=\"twitter:label2\" content=\"Tiempo de lectura\" \/>\n\t<meta name=\"twitter:data2\" content=\"2 minutos\" \/>\n<script type=\"application\/ld+json\" class=\"yoast-schema-graph\">{\"@context\":\"https:\/\/schema.org\",\"@graph\":[{\"@type\":\"Article\",\"@id\":\"https:\/\/www.icesi.edu.co\/marketingzone\/amazon-anuncia-perdidas-por-primera-vez-desde-2015\/#article\",\"isPartOf\":{\"@id\":\"https:\/\/www.icesi.edu.co\/marketingzone\/amazon-anuncia-perdidas-por-primera-vez-desde-2015\/\"},\"author\":{\"name\":\"Marketing Zone Icesi\",\"@id\":\"https:\/\/www.icesi.edu.co\/marketingzone\/#\/schema\/person\/59460cf35beca1a3a7aaa4536753e6c3\"},\"headline\":\"Amazon anuncia p\u00e9rdidas por primera vez desde 2015\",\"datePublished\":\"2022-05-02T19:00:12+00:00\",\"mainEntityOfPage\":{\"@id\":\"https:\/\/www.icesi.edu.co\/marketingzone\/amazon-anuncia-perdidas-por-primera-vez-desde-2015\/\"},\"wordCount\":434,\"image\":{\"@id\":\"https:\/\/www.icesi.edu.co\/marketingzone\/amazon-anuncia-perdidas-por-primera-vez-desde-2015\/#primaryimage\"},\"thumbnailUrl\":\"https:\/\/www.icesi.edu.co\/marketingzone\/wp-content\/uploads\/2022\/02\/Amazon-1-750x375-1.jpeg\",\"articleSection\":[\"Panorama\"],\"inLanguage\":\"es\"},{\"@type\":\"WebPage\",\"@id\":\"https:\/\/www.icesi.edu.co\/marketingzone\/amazon-anuncia-perdidas-por-primera-vez-desde-2015\/\",\"url\":\"https:\/\/www.icesi.edu.co\/marketingzone\/amazon-anuncia-perdidas-por-primera-vez-desde-2015\/\",\"name\":\"Amazon anuncia p\u00e9rdidas por primera vez desde 2015 | Marketing Zone Icesi\",\"isPartOf\":{\"@id\":\"https:\/\/www.icesi.edu.co\/marketingzone\/#website\"},\"primaryImageOfPage\":{\"@id\":\"https:\/\/www.icesi.edu.co\/marketingzone\/amazon-anuncia-perdidas-por-primera-vez-desde-2015\/#primaryimage\"},\"image\":{\"@id\":\"https:\/\/www.icesi.edu.co\/marketingzone\/amazon-anuncia-perdidas-por-primera-vez-desde-2015\/#primaryimage\"},\"thumbnailUrl\":\"https:\/\/www.icesi.edu.co\/marketingzone\/wp-content\/uploads\/2022\/02\/Amazon-1-750x375-1.jpeg\",\"datePublished\":\"2022-05-02T19:00:12+00:00\",\"author\":{\"@id\":\"https:\/\/www.icesi.edu.co\/marketingzone\/#\/schema\/person\/59460cf35beca1a3a7aaa4536753e6c3\"},\"breadcrumb\":{\"@id\":\"https:\/\/www.icesi.edu.co\/marketingzone\/amazon-anuncia-perdidas-por-primera-vez-desde-2015\/#breadcrumb\"},\"inLanguage\":\"es\",\"potentialAction\":[{\"@type\":\"ReadAction\",\"target\":[\"https:\/\/www.icesi.edu.co\/marketingzone\/amazon-anuncia-perdidas-por-primera-vez-desde-2015\/\"]}]},{\"@type\":\"ImageObject\",\"inLanguage\":\"es\",\"@id\":\"https:\/\/www.icesi.edu.co\/marketingzone\/amazon-anuncia-perdidas-por-primera-vez-desde-2015\/#primaryimage\",\"url\":\"https:\/\/www.icesi.edu.co\/marketingzone\/wp-content\/uploads\/2022\/02\/Amazon-1-750x375-1.jpeg\",\"contentUrl\":\"https:\/\/www.icesi.edu.co\/marketingzone\/wp-content\/uploads\/2022\/02\/Amazon-1-750x375-1.jpeg\",\"width\":750,\"height\":375},{\"@type\":\"BreadcrumbList\",\"@id\":\"https:\/\/www.icesi.edu.co\/marketingzone\/amazon-anuncia-perdidas-por-primera-vez-desde-2015\/#breadcrumb\",\"itemListElement\":[{\"@type\":\"ListItem\",\"position\":1,\"name\":\"Portada\",\"item\":\"https:\/\/www.icesi.edu.co\/marketingzone\/\"},{\"@type\":\"ListItem\",\"position\":2,\"name\":\"Amazon anuncia p\u00e9rdidas por primera vez desde 2015\"}]},{\"@type\":\"WebSite\",\"@id\":\"https:\/\/www.icesi.edu.co\/marketingzone\/#website\",\"url\":\"https:\/\/www.icesi.edu.co\/marketingzone\/\",\"name\":\"Marketing Zone - Universidad Icesi\",\"description\":\"\",\"potentialAction\":[{\"@type\":\"SearchAction\",\"target\":{\"@type\":\"EntryPoint\",\"urlTemplate\":\"https:\/\/www.icesi.edu.co\/marketingzone\/?s={search_term_string}\"},\"query-input\":{\"@type\":\"PropertyValueSpecification\",\"valueRequired\":true,\"valueName\":\"search_term_string\"}}],\"inLanguage\":\"es\"},{\"@type\":\"Person\",\"@id\":\"https:\/\/www.icesi.edu.co\/marketingzone\/#\/schema\/person\/59460cf35beca1a3a7aaa4536753e6c3\",\"name\":\"Marketing Zone Icesi\",\"image\":{\"@type\":\"ImageObject\",\"inLanguage\":\"es\",\"@id\":\"https:\/\/www.icesi.edu.co\/marketingzone\/#\/schema\/person\/image\/\",\"url\":\"https:\/\/secure.gravatar.com\/avatar\/9ca4eb2673bf04f9a460bcec8c7c57f36f3f176c237aefc7e2f919b089239282?s=96&d=mm&r=g\",\"contentUrl\":\"https:\/\/secure.gravatar.com\/avatar\/9ca4eb2673bf04f9a460bcec8c7c57f36f3f176c237aefc7e2f919b089239282?s=96&d=mm&r=g\",\"caption\":\"Marketing Zone Icesi\"},\"url\":\"https:\/\/www.icesi.edu.co\/marketingzone\/author\/administrator\/\"}]}<\/script>\n<!-- \/ Yoast SEO plugin. -->","yoast_head_json":{"title":"Amazon anuncia p\u00e9rdidas por primera vez desde 2015 | Marketing Zone Icesi","robots":{"index":"index","follow":"follow","max-snippet":"max-snippet:-1","max-image-preview":"max-image-preview:large","max-video-preview":"max-video-preview:-1"},"canonical":"https:\/\/www.icesi.edu.co\/marketingzone\/amazon-anuncia-perdidas-por-primera-vez-desde-2015\/","og_locale":"es_ES","og_type":"article","og_title":"Amazon anuncia p\u00e9rdidas por primera vez desde 2015 | Marketing Zone Icesi","og_description":"Debido a los problemas en el mercado laboral estadounidense y las complicaciones derivadas de la log\u00edstica y la cadena de suministro, los gastos de Amazon est\u00e1n creciendo m\u00e1s r\u00e1pido que sus ingresos. Los resultados del \u00faltimo trimestre de Amazon fueron sorprendentemente bajos. Entre enero y marzo de 2022 registrara p\u00e9rdidas de 3.844 millones de d\u00f3lares. [&hellip;]","og_url":"https:\/\/www.icesi.edu.co\/marketingzone\/amazon-anuncia-perdidas-por-primera-vez-desde-2015\/","og_site_name":"Marketing Zone Icesi","article_publisher":"https:\/\/www.facebook.com\/Marketingzoneicesi\/","article_published_time":"2022-05-02T19:00:12+00:00","og_image":[{"width":750,"height":375,"url":"https:\/\/www.icesi.edu.co\/marketingzone\/wp-content\/uploads\/2022\/02\/Amazon-1-750x375-1.jpeg","type":"image\/jpeg"}],"author":"Marketing Zone Icesi","twitter_card":"summary_large_image","twitter_creator":"@MarketingZIcesi","twitter_site":"@MarketingZIcesi","twitter_misc":{"Escrito por":"Marketing Zone Icesi","Tiempo de lectura":"2 minutos"},"schema":{"@context":"https:\/\/schema.org","@graph":[{"@type":"Article","@id":"https:\/\/www.icesi.edu.co\/marketingzone\/amazon-anuncia-perdidas-por-primera-vez-desde-2015\/#article","isPartOf":{"@id":"https:\/\/www.icesi.edu.co\/marketingzone\/amazon-anuncia-perdidas-por-primera-vez-desde-2015\/"},"author":{"name":"Marketing Zone Icesi","@id":"https:\/\/www.icesi.edu.co\/marketingzone\/#\/schema\/person\/59460cf35beca1a3a7aaa4536753e6c3"},"headline":"Amazon anuncia p\u00e9rdidas por primera vez desde 2015","datePublished":"2022-05-02T19:00:12+00:00","mainEntityOfPage":{"@id":"https:\/\/www.icesi.edu.co\/marketingzone\/amazon-anuncia-perdidas-por-primera-vez-desde-2015\/"},"wordCount":434,"image":{"@id":"https:\/\/www.icesi.edu.co\/marketingzone\/amazon-anuncia-perdidas-por-primera-vez-desde-2015\/#primaryimage"},"thumbnailUrl":"https:\/\/www.icesi.edu.co\/marketingzone\/wp-content\/uploads\/2022\/02\/Amazon-1-750x375-1.jpeg","articleSection":["Panorama"],"inLanguage":"es"},{"@type":"WebPage","@id":"https:\/\/www.icesi.edu.co\/marketingzone\/amazon-anuncia-perdidas-por-primera-vez-desde-2015\/","url":"https:\/\/www.icesi.edu.co\/marketingzone\/amazon-anuncia-perdidas-por-primera-vez-desde-2015\/","name":"Amazon anuncia p\u00e9rdidas por primera vez desde 2015 | Marketing Zone Icesi","isPartOf":{"@id":"https:\/\/www.icesi.edu.co\/marketingzone\/#website"},"primaryImageOfPage":{"@id":"https:\/\/www.icesi.edu.co\/marketingzone\/amazon-anuncia-perdidas-por-primera-vez-desde-2015\/#primaryimage"},"image":{"@id":"https:\/\/www.icesi.edu.co\/marketingzone\/amazon-anuncia-perdidas-por-primera-vez-desde-2015\/#primaryimage"},"thumbnailUrl":"https:\/\/www.icesi.edu.co\/marketingzone\/wp-content\/uploads\/2022\/02\/Amazon-1-750x375-1.jpeg","datePublished":"2022-05-02T19:00:12+00:00","author":{"@id":"https:\/\/www.icesi.edu.co\/marketingzone\/#\/schema\/person\/59460cf35beca1a3a7aaa4536753e6c3"},"breadcrumb":{"@id":"https:\/\/www.icesi.edu.co\/marketingzone\/amazon-anuncia-perdidas-por-primera-vez-desde-2015\/#breadcrumb"},"inLanguage":"es","potentialAction":[{"@type":"ReadAction","target":["https:\/\/www.icesi.edu.co\/marketingzone\/amazon-anuncia-perdidas-por-primera-vez-desde-2015\/"]}]},{"@type":"ImageObject","inLanguage":"es","@id":"https:\/\/www.icesi.edu.co\/marketingzone\/amazon-anuncia-perdidas-por-primera-vez-desde-2015\/#primaryimage","url":"https:\/\/www.icesi.edu.co\/marketingzone\/wp-content\/uploads\/2022\/02\/Amazon-1-750x375-1.jpeg","contentUrl":"https:\/\/www.icesi.edu.co\/marketingzone\/wp-content\/uploads\/2022\/02\/Amazon-1-750x375-1.jpeg","width":750,"height":375},{"@type":"BreadcrumbList","@id":"https:\/\/www.icesi.edu.co\/marketingzone\/amazon-anuncia-perdidas-por-primera-vez-desde-2015\/#breadcrumb","itemListElement":[{"@type":"ListItem","position":1,"name":"Portada","item":"https:\/\/www.icesi.edu.co\/marketingzone\/"},{"@type":"ListItem","position":2,"name":"Amazon anuncia p\u00e9rdidas por primera vez desde 2015"}]},{"@type":"WebSite","@id":"https:\/\/www.icesi.edu.co\/marketingzone\/#website","url":"https:\/\/www.icesi.edu.co\/marketingzone\/","name":"Marketing Zone - Universidad Icesi","description":"","potentialAction":[{"@type":"SearchAction","target":{"@type":"EntryPoint","urlTemplate":"https:\/\/www.icesi.edu.co\/marketingzone\/?s={search_term_string}"},"query-input":{"@type":"PropertyValueSpecification","valueRequired":true,"valueName":"search_term_string"}}],"inLanguage":"es"},{"@type":"Person","@id":"https:\/\/www.icesi.edu.co\/marketingzone\/#\/schema\/person\/59460cf35beca1a3a7aaa4536753e6c3","name":"Marketing Zone Icesi","image":{"@type":"ImageObject","inLanguage":"es","@id":"https:\/\/www.icesi.edu.co\/marketingzone\/#\/schema\/person\/image\/","url":"https:\/\/secure.gravatar.com\/avatar\/9ca4eb2673bf04f9a460bcec8c7c57f36f3f176c237aefc7e2f919b089239282?s=96&d=mm&r=g","contentUrl":"https:\/\/secure.gravatar.com\/avatar\/9ca4eb2673bf04f9a460bcec8c7c57f36f3f176c237aefc7e2f919b089239282?s=96&d=mm&r=g","caption":"Marketing Zone Icesi"},"url":"https:\/\/www.icesi.edu.co\/marketingzone\/author\/administrator\/"}]}},"uagb_featured_image_src":{"full":["https:\/\/www.icesi.edu.co\/marketingzone\/wp-content\/uploads\/2022\/02\/Amazon-1-750x375-1.jpeg",750,375,false],"thumbnail":["https:\/\/www.icesi.edu.co\/marketingzone\/wp-content\/uploads\/2022\/02\/Amazon-1-750x375-1-150x150.jpeg",150,150,true],"medium":["https:\/\/www.icesi.edu.co\/marketingzone\/wp-content\/uploads\/2022\/02\/Amazon-1-750x375-1-300x150.jpeg",300,150,true],"medium_large":["https:\/\/www.icesi.edu.co\/marketingzone\/wp-content\/uploads\/2022\/02\/Amazon-1-750x375-1.jpeg",640,320,false],"large":["https:\/\/www.icesi.edu.co\/marketingzone\/wp-content\/uploads\/2022\/02\/Amazon-1-750x375-1.jpeg",640,320,false],"1536x1536":["https:\/\/www.icesi.edu.co\/marketingzone\/wp-content\/uploads\/2022\/02\/Amazon-1-750x375-1.jpeg",750,375,false],"2048x2048":["https:\/\/www.icesi.edu.co\/marketingzone\/wp-content\/uploads\/2022\/02\/Amazon-1-750x375-1.jpeg",750,375,false]},"uagb_author_info":{"display_name":"Marketing Zone Icesi","author_link":"https:\/\/www.icesi.edu.co\/marketingzone\/author\/administrator\/"},"uagb_comment_info":0,"uagb_excerpt":"Debido a los problemas en el mercado laboral estadounidense y las complicaciones derivadas de la log\u00edstica y la cadena de suministro, los gastos de Amazon est\u00e1n creciendo m\u00e1s r\u00e1pido que sus ingresos. Los resultados del \u00faltimo trimestre de Amazon fueron sorprendentemente bajos. Entre enero y marzo de 2022 registrara p\u00e9rdidas de 3.844 millones de d\u00f3lares.&hellip;","_links":{"self":[{"href":"https:\/\/www.icesi.edu.co\/marketingzone\/wp-json\/wp\/v2\/posts\/7821","targetHints":{"allow":["GET"]}}],"collection":[{"href":"https:\/\/www.icesi.edu.co\/marketingzone\/wp-json\/wp\/v2\/posts"}],"about":[{"href":"https:\/\/www.icesi.edu.co\/marketingzone\/wp-json\/wp\/v2\/types\/post"}],"author":[{"embeddable":true,"href":"https:\/\/www.icesi.edu.co\/marketingzone\/wp-json\/wp\/v2\/users\/52"}],"replies":[{"embeddable":true,"href":"https:\/\/www.icesi.edu.co\/marketingzone\/wp-json\/wp\/v2\/comments?post=7821"}],"version-history":[{"count":1,"href":"https:\/\/www.icesi.edu.co\/marketingzone\/wp-json\/wp\/v2\/posts\/7821\/revisions"}],"predecessor-version":[{"id":7824,"href":"https:\/\/www.icesi.edu.co\/marketingzone\/wp-json\/wp\/v2\/posts\/7821\/revisions\/7824"}],"wp:featuredmedia":[{"embeddable":true,"href":"https:\/\/www.icesi.edu.co\/marketingzone\/wp-json\/wp\/v2\/media\/7424"}],"wp:attachment":[{"href":"https:\/\/www.icesi.edu.co\/marketingzone\/wp-json\/wp\/v2\/media?parent=7821"}],"wp:term":[{"taxonomy":"category","embeddable":true,"href":"https:\/\/www.icesi.edu.co\/marketingzone\/wp-json\/wp\/v2\/categories?post=7821"},{"taxonomy":"post_tag","embeddable":true,"href":"https:\/\/www.icesi.edu.co\/marketingzone\/wp-json\/wp\/v2\/tags?post=7821"}],"curies":[{"name":"wp","href":"https:\/\/api.w.org\/{rel}","templated":true}]}}