{"id":1472,"date":"2019-07-02T13:06:16","date_gmt":"2019-07-02T18:06:16","guid":{"rendered":"https:\/\/oemcolombia.com\/?p=1472"},"modified":"2019-07-02T13:06:16","modified_gmt":"2019-07-02T18:06:16","slug":"politica-publica-nacional-de-equidad-de-genero","status":"publish","type":"post","link":"https:\/\/www.icesi.edu.co\/oem\/politica-publica-nacional-de-equidad-de-genero\/","title":{"rendered":"Pol\u00edtica P\u00fablica Nacional de Equidad de G\u00e9nero"},"content":{"rendered":"<p><span data-sheets-value=\"{&quot;1&quot;:2,&quot;2&quot;:&quot;Pol\u00edtica P\u00fablica Nacional de Equidad de G\u00e9nero y precisa el plan de acci\u00f3n indicativo para el per\u00edodo 2013-2016, el cual incluye el Plan integral para garantizar una vida libre de violencias. Las problem\u00e1ticas abordadas y priorizadas en este documento, reflejan aspectos centrales de las desigualdades que afectan a las mujeres en nuestro pa\u00eds, evidenciando la pertinencia de su tratamiento intersectorial en forma articulada por parte del Estado. &quot;}\" data-sheets-userformat=\"{&quot;2&quot;:14845,&quot;3&quot;:{&quot;1&quot;:0,&quot;3&quot;:1},&quot;5&quot;:{&quot;1&quot;:[{&quot;1&quot;:2,&quot;2&quot;:0,&quot;5&quot;:[null,2,0]},{&quot;1&quot;:0,&quot;2&quot;:0,&quot;3&quot;:3},{&quot;1&quot;:1,&quot;2&quot;:0,&quot;4&quot;:1}]},&quot;6&quot;:{&quot;1&quot;:[{&quot;1&quot;:2,&quot;2&quot;:0,&quot;5&quot;:[null,2,0]},{&quot;1&quot;:0,&quot;2&quot;:0,&quot;3&quot;:3},{&quot;1&quot;:1,&quot;2&quot;:0,&quot;4&quot;:1}]},&quot;7&quot;:{&quot;1&quot;:[{&quot;1&quot;:2,&quot;2&quot;:0,&quot;5&quot;:[null,2,0]},{&quot;1&quot;:0,&quot;2&quot;:0,&quot;3&quot;:3},{&quot;1&quot;:1,&quot;2&quot;:0,&quot;4&quot;:1}]},&quot;8&quot;:{&quot;1&quot;:[{&quot;1&quot;:2,&quot;2&quot;:0,&quot;5&quot;:[null,2,0]},{&quot;1&quot;:0,&quot;2&quot;:0,&quot;3&quot;:3},{&quot;1&quot;:1,&quot;2&quot;:0,&quot;4&quot;:1}]},&quot;9&quot;:0,&quot;10&quot;:1,&quot;11&quot;:4,&quot;14&quot;:[null,2,0],&quot;15&quot;:&quot;Calibri&quot;,&quot;16&quot;:11}\">Pol\u00edtica P\u00fablica Nacional de Equidad de G\u00e9nero y precisa el plan de acci\u00f3n indicativo para el per\u00edodo 2013-2016, el cual incluye el Plan integral para garantizar una vida libre de violencias. Las problem\u00e1ticas abordadas y priorizadas en este documento, reflejan aspectos centrales de las desigualdades que afectan a las mujeres en nuestro pa\u00eds, evidenciando la pertinencia de su tratamiento intersectorial en forma articulada por parte del Estado. <\/span><\/p>\n","protected":false},"excerpt":{"rendered":"<p>Pol\u00edtica P\u00fablica Nacional de Equidad de G\u00e9nero y precisa el plan de acci\u00f3n indicativo para el per\u00edodo 2013-2016, el cual incluye el Plan integral para garantizar una vida libre de violencias. Las problem\u00e1ticas abordadas y priorizadas en este documento, reflejan aspectos centrales de las desigualdades que afectan a las mujeres en nuestro pa\u00eds, evidenciando la [&#8230;]\n","protected":false},"author":1,"featured_media":0,"comment_status":"open","ping_status":"open","sticky":false,"template":"","format":"gallery","meta":{"footnotes":""},"categories":[19],"tags":[50],"class_list":["post-1472","post","type-post","status-publish","format-gallery","hentry","category-colombia","tag-autonomia-personal-y-familiar","post_format-post-format-gallery"],"_links":{"self":[{"href":"https:\/\/www.icesi.edu.co\/oem\/wp-json\/wp\/v2\/posts\/1472","targetHints":{"allow":["GET"]}}],"collection":[{"href":"https:\/\/www.icesi.edu.co\/oem\/wp-json\/wp\/v2\/posts"}],"about":[{"href":"https:\/\/www.icesi.edu.co\/oem\/wp-json\/wp\/v2\/types\/post"}],"author":[{"embeddable":true,"href":"https:\/\/www.icesi.edu.co\/oem\/wp-json\/wp\/v2\/users\/1"}],"replies":[{"embeddable":true,"href":"https:\/\/www.icesi.edu.co\/oem\/wp-json\/wp\/v2\/comments?post=1472"}],"version-history":[{"count":0,"href":"https:\/\/www.icesi.edu.co\/oem\/wp-json\/wp\/v2\/posts\/1472\/revisions"}],"wp:attachment":[{"href":"https:\/\/www.icesi.edu.co\/oem\/wp-json\/wp\/v2\/media?parent=1472"}],"wp:term":[{"taxonomy":"category","embeddable":true,"href":"https:\/\/www.icesi.edu.co\/oem\/wp-json\/wp\/v2\/categories?post=1472"},{"taxonomy":"post_tag","embeddable":true,"href":"https:\/\/www.icesi.edu.co\/oem\/wp-json\/wp\/v2\/tags?post=1472"}],"curies":[{"name":"wp","href":"https:\/\/api.w.org\/{rel}","templated":true}]}}