{"id":1473,"date":"2019-07-02T13:06:48","date_gmt":"2019-07-02T18:06:48","guid":{"rendered":"https:\/\/oemcolombia.com\/?p=1473"},"modified":"2019-07-02T13:06:48","modified_gmt":"2019-07-02T18:06:48","slug":"codigo-de-infancia-y-adolescencia","status":"publish","type":"post","link":"https:\/\/www.icesi.edu.co\/oem\/codigo-de-infancia-y-adolescencia\/","title":{"rendered":"C\u00f3digo de infancia y adolescencia"},"content":{"rendered":"<h4><span data-sheets-value=\"{&quot;1&quot;:2,&quot;2&quot;:&quot;Ley 1098 de 2006&quot;}\" data-sheets-userformat=\"{&quot;2&quot;:14845,&quot;3&quot;:{&quot;1&quot;:0,&quot;3&quot;:1},&quot;5&quot;:{&quot;1&quot;:[{&quot;1&quot;:2,&quot;2&quot;:0,&quot;5&quot;:[null,2,0]},{&quot;1&quot;:0,&quot;2&quot;:0,&quot;3&quot;:3},{&quot;1&quot;:1,&quot;2&quot;:0,&quot;4&quot;:1}]},&quot;6&quot;:{&quot;1&quot;:[{&quot;1&quot;:2,&quot;2&quot;:0,&quot;5&quot;:[null,2,0]},{&quot;1&quot;:0,&quot;2&quot;:0,&quot;3&quot;:3},{&quot;1&quot;:1,&quot;2&quot;:0,&quot;4&quot;:1}]},&quot;7&quot;:{&quot;1&quot;:[{&quot;1&quot;:2,&quot;2&quot;:0,&quot;5&quot;:[null,2,0]},{&quot;1&quot;:0,&quot;2&quot;:0,&quot;3&quot;:3},{&quot;1&quot;:1,&quot;2&quot;:0,&quot;4&quot;:1}]},&quot;8&quot;:{&quot;1&quot;:[{&quot;1&quot;:2,&quot;2&quot;:0,&quot;5&quot;:[null,2,0]},{&quot;1&quot;:0,&quot;2&quot;:0,&quot;3&quot;:3},{&quot;1&quot;:1,&quot;2&quot;:0,&quot;4&quot;:1}]},&quot;9&quot;:0,&quot;10&quot;:1,&quot;11&quot;:4,&quot;14&quot;:[null,2,0],&quot;15&quot;:&quot;Calibri&quot;,&quot;16&quot;:11}\">Ley 1098 de 2006<\/span><\/h4>\n<p><span data-sheets-value=\"{&quot;1&quot;:2,&quot;2&quot;:&quot;Garantiza as\u00ed los derechos de los ni\u00f1os, ni\u00f1as y adolescentes migrantes presentes en Colombia. Adem\u00e1s, el enfoque de g\u00e9nero est\u00e1 muy presente en el C\u00f3digo ya que el art\u00edculo 12 se refiere a la perspectiva de g\u00e9nero utilizada en la normativa y que debe ser tomada en cuenta para su aplicaci\u00f3n&quot;}\" data-sheets-userformat=\"{&quot;2&quot;:14845,&quot;3&quot;:{&quot;1&quot;:0,&quot;3&quot;:1},&quot;5&quot;:{&quot;1&quot;:[{&quot;1&quot;:2,&quot;2&quot;:0,&quot;5&quot;:[null,2,0]},{&quot;1&quot;:0,&quot;2&quot;:0,&quot;3&quot;:3},{&quot;1&quot;:1,&quot;2&quot;:0,&quot;4&quot;:1}]},&quot;6&quot;:{&quot;1&quot;:[{&quot;1&quot;:2,&quot;2&quot;:0,&quot;5&quot;:[null,2,0]},{&quot;1&quot;:0,&quot;2&quot;:0,&quot;3&quot;:3},{&quot;1&quot;:1,&quot;2&quot;:0,&quot;4&quot;:1}]},&quot;7&quot;:{&quot;1&quot;:[{&quot;1&quot;:2,&quot;2&quot;:0,&quot;5&quot;:[null,2,0]},{&quot;1&quot;:0,&quot;2&quot;:0,&quot;3&quot;:3},{&quot;1&quot;:1,&quot;2&quot;:0,&quot;4&quot;:1}]},&quot;8&quot;:{&quot;1&quot;:[{&quot;1&quot;:2,&quot;2&quot;:0,&quot;5&quot;:[null,2,0]},{&quot;1&quot;:0,&quot;2&quot;:0,&quot;3&quot;:3},{&quot;1&quot;:1,&quot;2&quot;:0,&quot;4&quot;:1}]},&quot;9&quot;:0,&quot;10&quot;:1,&quot;11&quot;:4,&quot;14&quot;:[null,2,0],&quot;15&quot;:&quot;Calibri&quot;,&quot;16&quot;:11}\">Garantiza as\u00ed los derechos de los ni\u00f1os, ni\u00f1as y adolescentes migrantes presentes en Colombia. Adem\u00e1s, el enfoque de g\u00e9nero est\u00e1 muy presente en el C\u00f3digo ya que el art\u00edculo 12 se refiere a la perspectiva de g\u00e9nero utilizada en la normativa y que debe ser tomada en cuenta para su aplicaci\u00f3n<\/span><\/p>\n","protected":false},"excerpt":{"rendered":"<p>Ley 1098 de 2006 Garantiza as\u00ed los derechos de los ni\u00f1os, ni\u00f1as y adolescentes migrantes presentes en Colombia. Adem\u00e1s, el enfoque de g\u00e9nero est\u00e1 muy presente en el C\u00f3digo ya que el art\u00edculo 12 se refiere a la perspectiva de g\u00e9nero utilizada en la normativa y que debe ser tomada en cuenta para su aplicaci\u00f3n<\/p>\n","protected":false},"author":1,"featured_media":0,"comment_status":"open","ping_status":"open","sticky":false,"template":"","format":"gallery","meta":{"footnotes":""},"categories":[19],"tags":[50],"class_list":["post-1473","post","type-post","status-publish","format-gallery","hentry","category-colombia","tag-autonomia-personal-y-familiar","post_format-post-format-gallery"],"_links":{"self":[{"href":"https:\/\/www.icesi.edu.co\/oem\/wp-json\/wp\/v2\/posts\/1473","targetHints":{"allow":["GET"]}}],"collection":[{"href":"https:\/\/www.icesi.edu.co\/oem\/wp-json\/wp\/v2\/posts"}],"about":[{"href":"https:\/\/www.icesi.edu.co\/oem\/wp-json\/wp\/v2\/types\/post"}],"author":[{"embeddable":true,"href":"https:\/\/www.icesi.edu.co\/oem\/wp-json\/wp\/v2\/users\/1"}],"replies":[{"embeddable":true,"href":"https:\/\/www.icesi.edu.co\/oem\/wp-json\/wp\/v2\/comments?post=1473"}],"version-history":[{"count":0,"href":"https:\/\/www.icesi.edu.co\/oem\/wp-json\/wp\/v2\/posts\/1473\/revisions"}],"wp:attachment":[{"href":"https:\/\/www.icesi.edu.co\/oem\/wp-json\/wp\/v2\/media?parent=1473"}],"wp:term":[{"taxonomy":"category","embeddable":true,"href":"https:\/\/www.icesi.edu.co\/oem\/wp-json\/wp\/v2\/categories?post=1473"},{"taxonomy":"post_tag","embeddable":true,"href":"https:\/\/www.icesi.edu.co\/oem\/wp-json\/wp\/v2\/tags?post=1473"}],"curies":[{"name":"wp","href":"https:\/\/api.w.org\/{rel}","templated":true}]}}