{"id":1499,"date":"2019-07-02T13:32:12","date_gmt":"2019-07-02T18:32:12","guid":{"rendered":"https:\/\/oemcolombia.com\/?p=1499"},"modified":"2019-07-02T13:32:12","modified_gmt":"2019-07-02T18:32:12","slug":"modificaion-a-la-ley-de-maternidad-trabajadora","status":"publish","type":"post","link":"https:\/\/www.icesi.edu.co\/oem\/modificaion-a-la-ley-de-maternidad-trabajadora\/","title":{"rendered":"Modificai\u00f3n a la ley de maternidad trabajadora"},"content":{"rendered":"<h4><span data-sheets-value=\"{&quot;1&quot;:2,&quot;2&quot;:&quot;Ley 61&quot;}\" data-sheets-userformat=\"{&quot;2&quot;:14761,&quot;3&quot;:{&quot;1&quot;:0,&quot;3&quot;:1},&quot;6&quot;:{&quot;1&quot;:[{&quot;1&quot;:2,&quot;2&quot;:0,&quot;5&quot;:[null,2,0]},{&quot;1&quot;:0,&quot;2&quot;:0,&quot;3&quot;:3},{&quot;1&quot;:1,&quot;2&quot;:0,&quot;4&quot;:2}]},&quot;8&quot;:{&quot;1&quot;:[{&quot;1&quot;:2,&quot;2&quot;:0,&quot;5&quot;:[null,2,0]},{&quot;1&quot;:0,&quot;2&quot;:0,&quot;3&quot;:3},{&quot;1&quot;:1,&quot;2&quot;:0,&quot;4&quot;:2}]},&quot;10&quot;:1,&quot;11&quot;:4,&quot;14&quot;:[null,2,0],&quot;15&quot;:&quot;Calibri&quot;,&quot;16&quot;:11}\">Ley 61<\/span><\/h4>\n<p><span data-sheets-value=\"{&quot;1&quot;:2,&quot;2&quot;:&quot;Establece que la prestaci\u00f3n econ\u00f3mica que recibir\u00e1 la trabajadora en el per\u00edodo de la licencia por maternidad ser\u00e1 igual al promedio de ingresos semanales que, por concepto de salarios y subsidios, haya percibido en los 12 meses inmediatos anteriores al inicio de su disfrute.&quot;}\" data-sheets-userformat=\"{&quot;2&quot;:14761,&quot;3&quot;:{&quot;1&quot;:0,&quot;3&quot;:1},&quot;6&quot;:{&quot;1&quot;:[{&quot;1&quot;:2,&quot;2&quot;:0,&quot;5&quot;:[null,2,0]},{&quot;1&quot;:0,&quot;2&quot;:0,&quot;3&quot;:3},{&quot;1&quot;:1,&quot;2&quot;:0,&quot;4&quot;:2}]},&quot;8&quot;:{&quot;1&quot;:[{&quot;1&quot;:2,&quot;2&quot;:0,&quot;5&quot;:[null,2,0]},{&quot;1&quot;:0,&quot;2&quot;:0,&quot;3&quot;:3},{&quot;1&quot;:1,&quot;2&quot;:0,&quot;4&quot;:2}]},&quot;10&quot;:1,&quot;11&quot;:4,&quot;14&quot;:[null,2,0],&quot;15&quot;:&quot;Calibri&quot;,&quot;16&quot;:11}\">Establece que la prestaci\u00f3n econ\u00f3mica que recibir\u00e1 la trabajadora en el per\u00edodo de la licencia por maternidad ser\u00e1 igual al promedio de ingresos semanales que, por concepto de salarios y subsidios, haya percibido en los 12 meses inmediatos anteriores al inicio de su disfrute.<\/span><\/p>\n","protected":false},"excerpt":{"rendered":"<p>Ley 61 Establece que la prestaci\u00f3n econ\u00f3mica que recibir\u00e1 la trabajadora en el per\u00edodo de la licencia por maternidad ser\u00e1 igual al promedio de ingresos semanales que, por concepto de salarios y subsidios, haya percibido en los 12 meses inmediatos anteriores al inicio de su disfrute.<\/p>\n","protected":false},"author":1,"featured_media":0,"comment_status":"open","ping_status":"open","sticky":false,"template":"","format":"gallery","meta":{"footnotes":""},"categories":[21],"tags":[49,50],"class_list":["post-1499","post","type-post","status-publish","format-gallery","hentry","category-cuba","tag-autonomia-economica-y-financiera","tag-autonomia-personal-y-familiar","post_format-post-format-gallery"],"_links":{"self":[{"href":"https:\/\/www.icesi.edu.co\/oem\/wp-json\/wp\/v2\/posts\/1499","targetHints":{"allow":["GET"]}}],"collection":[{"href":"https:\/\/www.icesi.edu.co\/oem\/wp-json\/wp\/v2\/posts"}],"about":[{"href":"https:\/\/www.icesi.edu.co\/oem\/wp-json\/wp\/v2\/types\/post"}],"author":[{"embeddable":true,"href":"https:\/\/www.icesi.edu.co\/oem\/wp-json\/wp\/v2\/users\/1"}],"replies":[{"embeddable":true,"href":"https:\/\/www.icesi.edu.co\/oem\/wp-json\/wp\/v2\/comments?post=1499"}],"version-history":[{"count":0,"href":"https:\/\/www.icesi.edu.co\/oem\/wp-json\/wp\/v2\/posts\/1499\/revisions"}],"wp:attachment":[{"href":"https:\/\/www.icesi.edu.co\/oem\/wp-json\/wp\/v2\/media?parent=1499"}],"wp:term":[{"taxonomy":"category","embeddable":true,"href":"https:\/\/www.icesi.edu.co\/oem\/wp-json\/wp\/v2\/categories?post=1499"},{"taxonomy":"post_tag","embeddable":true,"href":"https:\/\/www.icesi.edu.co\/oem\/wp-json\/wp\/v2\/tags?post=1499"}],"curies":[{"name":"wp","href":"https:\/\/api.w.org\/{rel}","templated":true}]}}