{"id":1503,"date":"2019-07-02T13:34:19","date_gmt":"2019-07-02T18:34:19","guid":{"rendered":"https:\/\/oemcolombia.com\/?p=1503"},"modified":"2019-07-02T13:34:19","modified_gmt":"2019-07-02T18:34:19","slug":"constitucion-de-la-republica-de-ecuador","status":"publish","type":"post","link":"https:\/\/www.icesi.edu.co\/oem\/constitucion-de-la-republica-de-ecuador\/","title":{"rendered":"Constituci\u00f3n de la rep\u00fablica de Ecuador"},"content":{"rendered":"<p><span data-sheets-value=\"{&quot;1&quot;:2,&quot;2&quot;:&quot;En el Art\u00edculo 6, inciso 1 y 5 se establece que se promover\u00e1 la maternidad y paternidad responsable y la corresponsabilidad materna y paterna en el cuidado de los hijos. Por otra parte, en el art\u00edculo 333 se reconoce como labor productiva el trabajo no remunerado de autosustento y cuidado humano que se realiza en los hogares. Y se indica que \\&quot;el Estado promover\u00e1 un r\u00e9gimen laboral que funcione en armon\u00eda con las necesidades del cuidado humano, que facilite servicios, infraestructura y horarios de trabajo adecuados; de manera especial, proveer\u00e1 servicios de cuidado infantil, de atenci\u00f3n a las personas con discapacidad y otros necesarios para que las personas trabajadoras puedan desempe\u00f1ar sus actividades laborales; e impulsar\u00e1 la corresponsabilidad y reciprocidad de hombres y mujeres en el trabajo dom\u00e9stico y en las obligaciones familiares\\&quot;. &quot;}\" data-sheets-userformat=\"{&quot;2&quot;:14761,&quot;3&quot;:{&quot;1&quot;:0,&quot;3&quot;:1},&quot;6&quot;:{&quot;1&quot;:[{&quot;1&quot;:2,&quot;2&quot;:0,&quot;5&quot;:[null,2,0]},{&quot;1&quot;:0,&quot;2&quot;:0,&quot;3&quot;:3},{&quot;1&quot;:1,&quot;2&quot;:0,&quot;4&quot;:2}]},&quot;8&quot;:{&quot;1&quot;:[{&quot;1&quot;:2,&quot;2&quot;:0,&quot;5&quot;:[null,2,0]},{&quot;1&quot;:0,&quot;2&quot;:0,&quot;3&quot;:3},{&quot;1&quot;:1,&quot;2&quot;:0,&quot;4&quot;:2}]},&quot;10&quot;:1,&quot;11&quot;:4,&quot;14&quot;:[null,2,0],&quot;15&quot;:&quot;Calibri&quot;,&quot;16&quot;:11}\">En el Art\u00edculo 6, inciso 1 y 5 se establece que se promover\u00e1 la maternidad y paternidad responsable y la corresponsabilidad materna y paterna en el cuidado de los hijos. Por otra parte, en el art\u00edculo 333 se reconoce como labor productiva el trabajo no remunerado de autosustento y cuidado humano que se realiza en los hogares. Y se indica que \u00abel Estado promover\u00e1 un r\u00e9gimen laboral que funcione en armon\u00eda con las necesidades del cuidado humano, que facilite servicios, infraestructura y horarios de trabajo adecuados; de manera especial, proveer\u00e1 servicios de cuidado infantil, de atenci\u00f3n a las personas con discapacidad y otros necesarios para que las personas trabajadoras puedan desempe\u00f1ar sus actividades laborales; e impulsar\u00e1 la corresponsabilidad y reciprocidad de hombres y mujeres en el trabajo dom\u00e9stico y en las obligaciones familiares\u00bb. <\/span><\/p>\n","protected":false},"excerpt":{"rendered":"<p>En el Art\u00edculo 6, inciso 1 y 5 se establece que se promover\u00e1 la maternidad y paternidad responsable y la corresponsabilidad materna y paterna en el cuidado de los hijos. Por otra parte, en el art\u00edculo 333 se reconoce como labor productiva el trabajo no remunerado de autosustento y cuidado humano que se realiza en [&#8230;]\n","protected":false},"author":1,"featured_media":0,"comment_status":"open","ping_status":"open","sticky":false,"template":"","format":"gallery","meta":{"footnotes":""},"categories":[9,22],"tags":[49,50],"class_list":["post-1503","post","type-post","status-publish","format-gallery","hentry","category-america-latina","category-ecuador","tag-autonomia-economica-y-financiera","tag-autonomia-personal-y-familiar","post_format-post-format-gallery"],"_links":{"self":[{"href":"https:\/\/www.icesi.edu.co\/oem\/wp-json\/wp\/v2\/posts\/1503","targetHints":{"allow":["GET"]}}],"collection":[{"href":"https:\/\/www.icesi.edu.co\/oem\/wp-json\/wp\/v2\/posts"}],"about":[{"href":"https:\/\/www.icesi.edu.co\/oem\/wp-json\/wp\/v2\/types\/post"}],"author":[{"embeddable":true,"href":"https:\/\/www.icesi.edu.co\/oem\/wp-json\/wp\/v2\/users\/1"}],"replies":[{"embeddable":true,"href":"https:\/\/www.icesi.edu.co\/oem\/wp-json\/wp\/v2\/comments?post=1503"}],"version-history":[{"count":0,"href":"https:\/\/www.icesi.edu.co\/oem\/wp-json\/wp\/v2\/posts\/1503\/revisions"}],"wp:attachment":[{"href":"https:\/\/www.icesi.edu.co\/oem\/wp-json\/wp\/v2\/media?parent=1503"}],"wp:term":[{"taxonomy":"category","embeddable":true,"href":"https:\/\/www.icesi.edu.co\/oem\/wp-json\/wp\/v2\/categories?post=1503"},{"taxonomy":"post_tag","embeddable":true,"href":"https:\/\/www.icesi.edu.co\/oem\/wp-json\/wp\/v2\/tags?post=1503"}],"curies":[{"name":"wp","href":"https:\/\/api.w.org\/{rel}","templated":true}]}}