{"id":1524,"date":"2019-07-02T13:40:38","date_gmt":"2019-07-02T18:40:38","guid":{"rendered":"https:\/\/oemcolombia.com\/?p=1524"},"modified":"2019-07-02T13:40:38","modified_gmt":"2019-07-02T18:40:38","slug":"constitucion-politica-de-la-reublica-de-guatemala","status":"publish","type":"post","link":"https:\/\/www.icesi.edu.co\/oem\/constitucion-politica-de-la-reublica-de-guatemala\/","title":{"rendered":"Constituci\u00f3n pol\u00edtica de la Rep\u00fablica de Guatemala"},"content":{"rendered":"<p><span data-sheets-value=\"{&quot;1&quot;:2,&quot;2&quot;:&quot;La constituci\u00f3n establece como garant\u00edas del Estado: la protecci\u00f3n a la familia (art. 47); la maternidad (art. 52); y la protecci\u00f3n a la mujer trabajadora y regulaci\u00f3n de las condiciones en que debe prestar sus servicios (art. 102, inc. K).&quot;}\" data-sheets-userformat=\"{&quot;2&quot;:14761,&quot;3&quot;:{&quot;1&quot;:0,&quot;3&quot;:1},&quot;6&quot;:{&quot;1&quot;:[{&quot;1&quot;:2,&quot;2&quot;:0,&quot;5&quot;:[null,2,0]},{&quot;1&quot;:0,&quot;2&quot;:0,&quot;3&quot;:3},{&quot;1&quot;:1,&quot;2&quot;:0,&quot;4&quot;:2}]},&quot;8&quot;:{&quot;1&quot;:[{&quot;1&quot;:2,&quot;2&quot;:0,&quot;5&quot;:[null,2,0]},{&quot;1&quot;:0,&quot;2&quot;:0,&quot;3&quot;:3},{&quot;1&quot;:1,&quot;2&quot;:0,&quot;4&quot;:2}]},&quot;10&quot;:1,&quot;11&quot;:4,&quot;14&quot;:[null,2,0],&quot;15&quot;:&quot;Calibri&quot;,&quot;16&quot;:11}\">La constituci\u00f3n establece como garant\u00edas del Estado: la protecci\u00f3n a la familia (art. 47); la maternidad (art. 52); y la protecci\u00f3n a la mujer trabajadora y regulaci\u00f3n de las condiciones en que debe prestar sus servicios (art. 102, inc. K).<\/span><\/p>\n","protected":false},"excerpt":{"rendered":"<p>La constituci\u00f3n establece como garant\u00edas del Estado: la protecci\u00f3n a la familia (art. 47); la maternidad (art. 52); y la protecci\u00f3n a la mujer trabajadora y regulaci\u00f3n de las condiciones en que debe prestar sus servicios (art. 102, inc. K).<\/p>\n","protected":false},"author":1,"featured_media":0,"comment_status":"open","ping_status":"open","sticky":false,"template":"","format":"gallery","meta":{"footnotes":""},"categories":[9,26],"tags":[49,50],"class_list":["post-1524","post","type-post","status-publish","format-gallery","hentry","category-america-latina","category-guatemala","tag-autonomia-economica-y-financiera","tag-autonomia-personal-y-familiar","post_format-post-format-gallery"],"_links":{"self":[{"href":"https:\/\/www.icesi.edu.co\/oem\/wp-json\/wp\/v2\/posts\/1524","targetHints":{"allow":["GET"]}}],"collection":[{"href":"https:\/\/www.icesi.edu.co\/oem\/wp-json\/wp\/v2\/posts"}],"about":[{"href":"https:\/\/www.icesi.edu.co\/oem\/wp-json\/wp\/v2\/types\/post"}],"author":[{"embeddable":true,"href":"https:\/\/www.icesi.edu.co\/oem\/wp-json\/wp\/v2\/users\/1"}],"replies":[{"embeddable":true,"href":"https:\/\/www.icesi.edu.co\/oem\/wp-json\/wp\/v2\/comments?post=1524"}],"version-history":[{"count":0,"href":"https:\/\/www.icesi.edu.co\/oem\/wp-json\/wp\/v2\/posts\/1524\/revisions"}],"wp:attachment":[{"href":"https:\/\/www.icesi.edu.co\/oem\/wp-json\/wp\/v2\/media?parent=1524"}],"wp:term":[{"taxonomy":"category","embeddable":true,"href":"https:\/\/www.icesi.edu.co\/oem\/wp-json\/wp\/v2\/categories?post=1524"},{"taxonomy":"post_tag","embeddable":true,"href":"https:\/\/www.icesi.edu.co\/oem\/wp-json\/wp\/v2\/tags?post=1524"}],"curies":[{"name":"wp","href":"https:\/\/api.w.org\/{rel}","templated":true}]}}