{"id":1573,"date":"2019-07-02T13:53:44","date_gmt":"2019-07-02T18:53:44","guid":{"rendered":"https:\/\/oemcolombia.com\/?p=1573"},"modified":"2019-07-02T13:53:44","modified_gmt":"2019-07-02T18:53:44","slug":"codigo-penal-federal","status":"publish","type":"post","link":"https:\/\/www.icesi.edu.co\/oem\/codigo-penal-federal\/","title":{"rendered":"C\u00f3digo Penal Federal"},"content":{"rendered":"<p><span data-sheets-value=\"{&quot;1&quot;:2,&quot;2&quot;:&quot;Este texto establece que se penaliza con 1 a 3 a\u00f1os de prisi\u00f3n a quien provoque el aborto de una mujer con su consentimiento y de 3 a 6 a\u00f1os si es en caso contrario. Si el aborto es provocado mediante un acto de violencia se sancionar\u00e1 con una pena de 6 a 8 a\u00f1os de prisi\u00f3n. Si el aborto es provocado por un profesional de la salud se le suspender\u00e1 el ejercicio de 2 a 5 a\u00f1os. Y en el caso que la madre aborte por su propia voluntad o consienta este, se le sancionara con 6 meses a 1 a\u00f1o de prisi\u00f3n. El aborto no est\u00e1 penalizado en casos de violaci\u00f3n, cuando el embarazo pone en peligro la vida de la mujer y cuando es producto de una de la mujer.&quot;}\" data-sheets-userformat=\"{&quot;2&quot;:14761,&quot;3&quot;:{&quot;1&quot;:0,&quot;3&quot;:1},&quot;6&quot;:{&quot;1&quot;:[{&quot;1&quot;:2,&quot;2&quot;:0,&quot;5&quot;:[null,2,0]},{&quot;1&quot;:0,&quot;2&quot;:0,&quot;3&quot;:3},{&quot;1&quot;:1,&quot;2&quot;:0,&quot;4&quot;:2}]},&quot;8&quot;:{&quot;1&quot;:[{&quot;1&quot;:2,&quot;2&quot;:0,&quot;5&quot;:[null,2,0]},{&quot;1&quot;:0,&quot;2&quot;:0,&quot;3&quot;:3},{&quot;1&quot;:1,&quot;2&quot;:0,&quot;4&quot;:2}]},&quot;10&quot;:1,&quot;11&quot;:4,&quot;14&quot;:[null,2,0],&quot;15&quot;:&quot;Calibri&quot;,&quot;16&quot;:11}\">Este texto establece que se penaliza con 1 a 3 a\u00f1os de prisi\u00f3n a quien provoque el aborto de una mujer con su consentimiento y de 3 a 6 a\u00f1os si es en caso contrario. Si el aborto es provocado mediante un acto de violencia se sancionar\u00e1 con una pena de 6 a 8 a\u00f1os de prisi\u00f3n. Si el aborto es provocado por un profesional de la salud se le suspender\u00e1 el ejercicio de 2 a 5 a\u00f1os. Y en el caso que la madre aborte por su propia voluntad o consienta este, se le sancionara con 6 meses a 1 a\u00f1o de prisi\u00f3n. El aborto no est\u00e1 penalizado en casos de violaci\u00f3n, cuando el embarazo pone en peligro la vida de la mujer y cuando es producto de una de la mujer.<\/span><\/p>\n","protected":false},"excerpt":{"rendered":"<p>Este texto establece que se penaliza con 1 a 3 a\u00f1os de prisi\u00f3n a quien provoque el aborto de una mujer con su consentimiento y de 3 a 6 a\u00f1os si es en caso contrario. Si el aborto es provocado mediante un acto de violencia se sancionar\u00e1 con una pena de 6 a 8 a\u00f1os [&#8230;]\n","protected":false},"author":1,"featured_media":0,"comment_status":"open","ping_status":"open","sticky":false,"template":"","format":"gallery","meta":{"footnotes":""},"categories":[31],"tags":[50],"class_list":["post-1573","post","type-post","status-publish","format-gallery","hentry","category-mexico","tag-autonomia-personal-y-familiar","post_format-post-format-gallery"],"_links":{"self":[{"href":"https:\/\/www.icesi.edu.co\/oem\/wp-json\/wp\/v2\/posts\/1573","targetHints":{"allow":["GET"]}}],"collection":[{"href":"https:\/\/www.icesi.edu.co\/oem\/wp-json\/wp\/v2\/posts"}],"about":[{"href":"https:\/\/www.icesi.edu.co\/oem\/wp-json\/wp\/v2\/types\/post"}],"author":[{"embeddable":true,"href":"https:\/\/www.icesi.edu.co\/oem\/wp-json\/wp\/v2\/users\/1"}],"replies":[{"embeddable":true,"href":"https:\/\/www.icesi.edu.co\/oem\/wp-json\/wp\/v2\/comments?post=1573"}],"version-history":[{"count":0,"href":"https:\/\/www.icesi.edu.co\/oem\/wp-json\/wp\/v2\/posts\/1573\/revisions"}],"wp:attachment":[{"href":"https:\/\/www.icesi.edu.co\/oem\/wp-json\/wp\/v2\/media?parent=1573"}],"wp:term":[{"taxonomy":"category","embeddable":true,"href":"https:\/\/www.icesi.edu.co\/oem\/wp-json\/wp\/v2\/categories?post=1573"},{"taxonomy":"post_tag","embeddable":true,"href":"https:\/\/www.icesi.edu.co\/oem\/wp-json\/wp\/v2\/tags?post=1573"}],"curies":[{"name":"wp","href":"https:\/\/api.w.org\/{rel}","templated":true}]}}