{"id":1588,"date":"2019-07-02T14:01:26","date_gmt":"2019-07-02T19:01:26","guid":{"rendered":"https:\/\/oemcolombia.com\/?p=1588"},"modified":"2019-07-02T14:01:26","modified_gmt":"2019-07-02T19:01:26","slug":"programa-nacional-de-equidad-de-genero-2006-2010","status":"publish","type":"post","link":"https:\/\/www.icesi.edu.co\/oem\/programa-nacional-de-equidad-de-genero-2006-2010\/","title":{"rendered":"Programa Nacional de Equidad de G\u00e9nero 2006-2010"},"content":{"rendered":"<p><span data-sheets-value=\"{&quot;1&quot;:2,&quot;2&quot;:&quot;El objetivo general del Programa es el de impulsar la equidad de g\u00e9nero entre las mujeres y hombres nicara\u00adg\u00fcenses durante el quinquenio 2006-2010. Es decir, el Programa busca contribuir para crear condiciones que generen mejoras de la equidad de g\u00e9nero en \u00e1reas tales como la erradicaci\u00f3n de la violencia, la educaci\u00f3n, la salud, el empleo y el acceso y control a los recursos econ\u00f3micos productivos y la participaci\u00f3n pol\u00edtica; como objetivos impostergables de una estrategia nacional de desarrollo econ\u00f3mico y humano sostenible.&quot;}\" data-sheets-userformat=\"{&quot;2&quot;:14761,&quot;3&quot;:{&quot;1&quot;:0,&quot;3&quot;:1},&quot;6&quot;:{&quot;1&quot;:[{&quot;1&quot;:2,&quot;2&quot;:0,&quot;5&quot;:[null,2,0]},{&quot;1&quot;:0,&quot;2&quot;:0,&quot;3&quot;:3},{&quot;1&quot;:1,&quot;2&quot;:0,&quot;4&quot;:2}]},&quot;8&quot;:{&quot;1&quot;:[{&quot;1&quot;:2,&quot;2&quot;:0,&quot;5&quot;:[null,2,0]},{&quot;1&quot;:0,&quot;2&quot;:0,&quot;3&quot;:3},{&quot;1&quot;:1,&quot;2&quot;:0,&quot;4&quot;:2}]},&quot;10&quot;:1,&quot;11&quot;:4,&quot;14&quot;:[null,2,0],&quot;15&quot;:&quot;Calibri&quot;,&quot;16&quot;:11}\">El objetivo general del Programa es el de impulsar la equidad de g\u00e9nero entre las mujeres y hombres nicara\u00adg\u00fcenses durante el quinquenio 2006-2010. Es decir, el Programa busca contribuir para crear condiciones que generen mejoras de la equidad de g\u00e9nero en \u00e1reas tales como la erradicaci\u00f3n de la violencia, la educaci\u00f3n, la salud, el empleo y el acceso y control a los recursos econ\u00f3micos productivos y la participaci\u00f3n pol\u00edtica; como objetivos impostergables de una estrategia nacional de desarrollo econ\u00f3mico y humano sostenible.<\/span><\/p>\n","protected":false},"excerpt":{"rendered":"<p>El objetivo general del Programa es el de impulsar la equidad de g\u00e9nero entre las mujeres y hombres nicara\u00adg\u00fcenses durante el quinquenio 2006-2010. Es decir, el Programa busca contribuir para crear condiciones que generen mejoras de la equidad de g\u00e9nero en \u00e1reas tales como la erradicaci\u00f3n de la violencia, la educaci\u00f3n, la salud, el empleo [&#8230;]\n","protected":false},"author":1,"featured_media":0,"comment_status":"open","ping_status":"open","sticky":false,"template":"","format":"gallery","meta":{"footnotes":""},"categories":[9,32],"tags":[58],"class_list":["post-1588","post","type-post","status-publish","format-gallery","hentry","category-america-latina","category-nicaragua","tag-interseccion-de-autonomias","post_format-post-format-gallery"],"_links":{"self":[{"href":"https:\/\/www.icesi.edu.co\/oem\/wp-json\/wp\/v2\/posts\/1588","targetHints":{"allow":["GET"]}}],"collection":[{"href":"https:\/\/www.icesi.edu.co\/oem\/wp-json\/wp\/v2\/posts"}],"about":[{"href":"https:\/\/www.icesi.edu.co\/oem\/wp-json\/wp\/v2\/types\/post"}],"author":[{"embeddable":true,"href":"https:\/\/www.icesi.edu.co\/oem\/wp-json\/wp\/v2\/users\/1"}],"replies":[{"embeddable":true,"href":"https:\/\/www.icesi.edu.co\/oem\/wp-json\/wp\/v2\/comments?post=1588"}],"version-history":[{"count":0,"href":"https:\/\/www.icesi.edu.co\/oem\/wp-json\/wp\/v2\/posts\/1588\/revisions"}],"wp:attachment":[{"href":"https:\/\/www.icesi.edu.co\/oem\/wp-json\/wp\/v2\/media?parent=1588"}],"wp:term":[{"taxonomy":"category","embeddable":true,"href":"https:\/\/www.icesi.edu.co\/oem\/wp-json\/wp\/v2\/categories?post=1588"},{"taxonomy":"post_tag","embeddable":true,"href":"https:\/\/www.icesi.edu.co\/oem\/wp-json\/wp\/v2\/tags?post=1588"}],"curies":[{"name":"wp","href":"https:\/\/api.w.org\/{rel}","templated":true}]}}