{"id":1606,"date":"2019-07-02T14:07:36","date_gmt":"2019-07-02T19:07:36","guid":{"rendered":"https:\/\/oemcolombia.com\/?p=1606"},"modified":"2019-07-02T14:07:36","modified_gmt":"2019-07-02T19:07:36","slug":"sobre-trata-de-personas-y-actividades-conexas","status":"publish","type":"post","link":"https:\/\/www.icesi.edu.co\/oem\/sobre-trata-de-personas-y-actividades-conexas\/","title":{"rendered":"sobre trata de personas y actividades conexas"},"content":{"rendered":"<h4><span data-sheets-value=\"{&quot;1&quot;:2,&quot;2&quot;:&quot;Ley 79&quot;}\" data-sheets-userformat=\"{&quot;2&quot;:14781,&quot;3&quot;:{&quot;1&quot;:0,&quot;3&quot;:1},&quot;5&quot;:{&quot;1&quot;:[{&quot;1&quot;:2,&quot;2&quot;:0,&quot;5&quot;:[null,2,0]},{&quot;1&quot;:0,&quot;2&quot;:0,&quot;3&quot;:3},{&quot;1&quot;:1,&quot;2&quot;:0,&quot;4&quot;:2}]},&quot;6&quot;:{&quot;1&quot;:[{&quot;1&quot;:2,&quot;2&quot;:0,&quot;5&quot;:[null,2,0]},{&quot;1&quot;:0,&quot;2&quot;:0,&quot;3&quot;:3},{&quot;1&quot;:1,&quot;2&quot;:0,&quot;4&quot;:2}]},&quot;7&quot;:{&quot;1&quot;:[{&quot;1&quot;:2,&quot;2&quot;:0,&quot;5&quot;:[null,2,0]},{&quot;1&quot;:0,&quot;2&quot;:0,&quot;3&quot;:3},{&quot;1&quot;:1,&quot;2&quot;:0,&quot;4&quot;:2}]},&quot;8&quot;:{&quot;1&quot;:[{&quot;1&quot;:2,&quot;2&quot;:0,&quot;5&quot;:[null,2,0]},{&quot;1&quot;:0,&quot;2&quot;:0,&quot;3&quot;:3},{&quot;1&quot;:1,&quot;2&quot;:0,&quot;4&quot;:2}]},&quot;10&quot;:1,&quot;11&quot;:4,&quot;14&quot;:[null,2,0],&quot;15&quot;:&quot;Calibri&quot;,&quot;16&quot;:11}\">Ley 79<\/span><\/h4>\n<p><span data-sheets-value=\"{&quot;1&quot;:2,&quot;2&quot;:&quot;La ley n\u00b079 adopta medidas para la prevenci\u00f3n de la victimizaci\u00f3n, revictimizaci\u00f3n y la protecci\u00f3n y asistencia a las v\u00edctimas y posibles v\u00edctimas de trata de personas, paname\u00f1as o extranjeras en territorio paname\u00f1o, o trasladadas al territorio nacional y paname\u00f1as en el exterior, y eleva a tema de Estado la Pol\u00edtica Nacional contra la Trata de Personas. Otorga tambi\u00e9n una protecci\u00f3n migratoria y el derecho a permanecer en el territorio nacional para las v\u00edctimas de la trata.&quot;}\" data-sheets-userformat=\"{&quot;2&quot;:14753,&quot;3&quot;:{&quot;1&quot;:0,&quot;3&quot;:1},&quot;8&quot;:{&quot;1&quot;:[{&quot;1&quot;:2,&quot;2&quot;:0,&quot;5&quot;:[null,2,0]},{&quot;1&quot;:0,&quot;2&quot;:0,&quot;3&quot;:3},{&quot;1&quot;:1,&quot;2&quot;:0,&quot;4&quot;:2}]},&quot;10&quot;:1,&quot;11&quot;:4,&quot;14&quot;:[null,2,0],&quot;15&quot;:&quot;Calibri&quot;,&quot;16&quot;:11}\">La ley n\u00b079 adopta medidas para la prevenci\u00f3n de la victimizaci\u00f3n, revictimizaci\u00f3n y la protecci\u00f3n y asistencia a las v\u00edctimas y posibles v\u00edctimas de trata de personas, paname\u00f1as o extranjeras en territorio paname\u00f1o, o trasladadas al territorio nacional y paname\u00f1as en el exterior, y eleva a tema de Estado la Pol\u00edtica Nacional contra la Trata de Personas. Otorga tambi\u00e9n una protecci\u00f3n migratoria y el derecho a permanecer en el territorio nacional para las v\u00edctimas de la trata.<\/span><\/p>\n","protected":false},"excerpt":{"rendered":"<p>Ley 79 La ley n\u00b079 adopta medidas para la prevenci\u00f3n de la victimizaci\u00f3n, revictimizaci\u00f3n y la protecci\u00f3n y asistencia a las v\u00edctimas y posibles v\u00edctimas de trata de personas, paname\u00f1as o extranjeras en territorio paname\u00f1o, o trasladadas al territorio nacional y paname\u00f1as en el exterior, y eleva a tema de Estado la Pol\u00edtica Nacional contra [&#8230;]\n","protected":false},"author":1,"featured_media":0,"comment_status":"open","ping_status":"open","sticky":false,"template":"","format":"gallery","meta":{"footnotes":""},"categories":[42],"tags":[],"class_list":["post-1606","post","type-post","status-publish","format-gallery","hentry","category-uncategorized","post_format-post-format-gallery"],"_links":{"self":[{"href":"https:\/\/www.icesi.edu.co\/oem\/wp-json\/wp\/v2\/posts\/1606","targetHints":{"allow":["GET"]}}],"collection":[{"href":"https:\/\/www.icesi.edu.co\/oem\/wp-json\/wp\/v2\/posts"}],"about":[{"href":"https:\/\/www.icesi.edu.co\/oem\/wp-json\/wp\/v2\/types\/post"}],"author":[{"embeddable":true,"href":"https:\/\/www.icesi.edu.co\/oem\/wp-json\/wp\/v2\/users\/1"}],"replies":[{"embeddable":true,"href":"https:\/\/www.icesi.edu.co\/oem\/wp-json\/wp\/v2\/comments?post=1606"}],"version-history":[{"count":0,"href":"https:\/\/www.icesi.edu.co\/oem\/wp-json\/wp\/v2\/posts\/1606\/revisions"}],"wp:attachment":[{"href":"https:\/\/www.icesi.edu.co\/oem\/wp-json\/wp\/v2\/media?parent=1606"}],"wp:term":[{"taxonomy":"category","embeddable":true,"href":"https:\/\/www.icesi.edu.co\/oem\/wp-json\/wp\/v2\/categories?post=1606"},{"taxonomy":"post_tag","embeddable":true,"href":"https:\/\/www.icesi.edu.co\/oem\/wp-json\/wp\/v2\/tags?post=1606"}],"curies":[{"name":"wp","href":"https:\/\/api.w.org\/{rel}","templated":true}]}}