{"id":2373,"date":"2019-07-21T05:59:58","date_gmt":"2019-07-21T10:59:58","guid":{"rendered":"https:\/\/oemcolombia.com\/?p=2373"},"modified":"2019-07-21T05:59:58","modified_gmt":"2019-07-21T10:59:58","slug":"tipificacion-de-la-vioacion-y-la-violencia-sexual","status":"publish","type":"post","link":"https:\/\/www.icesi.edu.co\/oem\/tipificacion-de-la-vioacion-y-la-violencia-sexual\/","title":{"rendered":"Tipificaci\u00f3n de la violaci\u00f3n y la violencia sexual"},"content":{"rendered":"<h4><span data-sheets-value=\"{&quot;1&quot;:2,&quot;2&quot;:&quot;Art\u00edculos 298 y 300 del C\u00f3digo Penal&quot;}\" data-sheets-userformat=\"{&quot;2&quot;:14761,&quot;3&quot;:{&quot;1&quot;:0,&quot;3&quot;:1},&quot;6&quot;:{&quot;1&quot;:[{&quot;1&quot;:2,&quot;2&quot;:0,&quot;5&quot;:[null,2,0]},{&quot;1&quot;:0,&quot;2&quot;:0,&quot;3&quot;:3},{&quot;1&quot;:1,&quot;2&quot;:0,&quot;4&quot;:2}]},&quot;8&quot;:{&quot;1&quot;:[{&quot;1&quot;:2,&quot;2&quot;:0,&quot;5&quot;:[null,2,0]},{&quot;1&quot;:0,&quot;2&quot;:0,&quot;3&quot;:3},{&quot;1&quot;:1,&quot;2&quot;:0,&quot;4&quot;:2}]},&quot;10&quot;:1,&quot;11&quot;:4,&quot;14&quot;:[null,2,0],&quot;15&quot;:&quot;Calibri&quot;,&quot;16&quot;:11}\">Art\u00edculos 298 y 300 del C\u00f3digo Penal<\/span><\/h4>\n<p><span data-sheets-value=\"{&quot;1&quot;:2,&quot;2&quot;:&quot;Las sanciones contra la violaci\u00f3n y el abuso sexual est\u00e1n previstas en los art\u00edculos 298 \u2014delito de violaci\u00f3n\u2014 y 300 \u2014abusos lascivos\u2014 del C\u00f3digo Penal (Ley 62 de 1987).&quot;}\" data-sheets-userformat=\"{&quot;2&quot;:14761,&quot;3&quot;:{&quot;1&quot;:0,&quot;3&quot;:1},&quot;6&quot;:{&quot;1&quot;:[{&quot;1&quot;:2,&quot;2&quot;:0,&quot;5&quot;:[null,2,0]},{&quot;1&quot;:0,&quot;2&quot;:0,&quot;3&quot;:3},{&quot;1&quot;:1,&quot;2&quot;:0,&quot;4&quot;:2}]},&quot;8&quot;:{&quot;1&quot;:[{&quot;1&quot;:2,&quot;2&quot;:0,&quot;5&quot;:[null,2,0]},{&quot;1&quot;:0,&quot;2&quot;:0,&quot;3&quot;:3},{&quot;1&quot;:1,&quot;2&quot;:0,&quot;4&quot;:2}]},&quot;10&quot;:1,&quot;11&quot;:4,&quot;14&quot;:[null,2,0],&quot;15&quot;:&quot;Calibri&quot;,&quot;16&quot;:11}\">Las sanciones contra la violaci\u00f3n y el abuso sexual est\u00e1n previstas en los art\u00edculos 298 \u2014delito de violaci\u00f3n\u2014 y 300 \u2014abusos lascivos\u2014 del C\u00f3digo Penal (Ley 62 de 1987).<\/span><\/p>\n","protected":false},"excerpt":{"rendered":"<p>Art\u00edculos 298 y 300 del C\u00f3digo Penal Las sanciones contra la violaci\u00f3n y el abuso sexual est\u00e1n previstas en los art\u00edculos 298 \u2014delito de violaci\u00f3n\u2014 y 300 \u2014abusos lascivos\u2014 del C\u00f3digo Penal (Ley 62 de 1987).<\/p>\n","protected":false},"author":1,"featured_media":0,"comment_status":"open","ping_status":"open","sticky":false,"template":"","format":"gallery","meta":{"footnotes":""},"categories":[9,21],"tags":[50],"class_list":["post-2373","post","type-post","status-publish","format-gallery","hentry","category-america-latina","category-cuba","tag-autonomia-personal-y-familiar","post_format-post-format-gallery"],"_links":{"self":[{"href":"https:\/\/www.icesi.edu.co\/oem\/wp-json\/wp\/v2\/posts\/2373","targetHints":{"allow":["GET"]}}],"collection":[{"href":"https:\/\/www.icesi.edu.co\/oem\/wp-json\/wp\/v2\/posts"}],"about":[{"href":"https:\/\/www.icesi.edu.co\/oem\/wp-json\/wp\/v2\/types\/post"}],"author":[{"embeddable":true,"href":"https:\/\/www.icesi.edu.co\/oem\/wp-json\/wp\/v2\/users\/1"}],"replies":[{"embeddable":true,"href":"https:\/\/www.icesi.edu.co\/oem\/wp-json\/wp\/v2\/comments?post=2373"}],"version-history":[{"count":0,"href":"https:\/\/www.icesi.edu.co\/oem\/wp-json\/wp\/v2\/posts\/2373\/revisions"}],"wp:attachment":[{"href":"https:\/\/www.icesi.edu.co\/oem\/wp-json\/wp\/v2\/media?parent=2373"}],"wp:term":[{"taxonomy":"category","embeddable":true,"href":"https:\/\/www.icesi.edu.co\/oem\/wp-json\/wp\/v2\/categories?post=2373"},{"taxonomy":"post_tag","embeddable":true,"href":"https:\/\/www.icesi.edu.co\/oem\/wp-json\/wp\/v2\/tags?post=2373"}],"curies":[{"name":"wp","href":"https:\/\/api.w.org\/{rel}","templated":true}]}}