{"id":2444,"date":"2019-07-21T06:36:28","date_gmt":"2019-07-21T11:36:28","guid":{"rendered":"https:\/\/oemcolombia.com\/?p=2444"},"modified":"2019-07-21T06:36:28","modified_gmt":"2019-07-21T11:36:28","slug":"ley-de-maternidad-y-paternidad-responsable","status":"publish","type":"post","link":"https:\/\/www.icesi.edu.co\/oem\/ley-de-maternidad-y-paternidad-responsable\/","title":{"rendered":"Ley de Maternidad y Paternidad responsable"},"content":{"rendered":"<h4><span data-sheets-value=\"{&quot;1&quot;:2,&quot;2&quot;:&quot;Decreto N\u00b0 93&quot;}\" data-sheets-userformat=\"{&quot;2&quot;:14761,&quot;3&quot;:{&quot;1&quot;:0,&quot;3&quot;:1},&quot;6&quot;:{&quot;1&quot;:[{&quot;1&quot;:2,&quot;2&quot;:0,&quot;5&quot;:[null,2,0]},{&quot;1&quot;:0,&quot;2&quot;:0,&quot;3&quot;:3},{&quot;1&quot;:1,&quot;2&quot;:0,&quot;4&quot;:2}]},&quot;8&quot;:{&quot;1&quot;:[{&quot;1&quot;:2,&quot;2&quot;:0,&quot;5&quot;:[null,2,0]},{&quot;1&quot;:0,&quot;2&quot;:0,&quot;3&quot;:3},{&quot;1&quot;:1,&quot;2&quot;:0,&quot;4&quot;:2}]},&quot;10&quot;:1,&quot;11&quot;:4,&quot;14&quot;:[null,2,0],&quot;15&quot;:&quot;Calibri&quot;,&quot;16&quot;:11}\">Decreto N\u00b0 93<\/span><\/h4>\n<p><span data-sheets-value=\"{&quot;1&quot;:2,&quot;2&quot;:&quot;Esta ley es especial y tiene por objeto establecer los mecanismos y el procedimiento para garantizar que toda ni\u00f1a y todo ni\u00f1o sean reconocidos legalmente por parte de sus padres y, para que cuando sea necesario, se determine con certeza jur\u00eddica la maternidad o paternidad, permitiendo con ello una maternidad y paternidad responsable. &quot;}\" data-sheets-userformat=\"{&quot;2&quot;:14761,&quot;3&quot;:{&quot;1&quot;:0,&quot;3&quot;:1},&quot;6&quot;:{&quot;1&quot;:[{&quot;1&quot;:2,&quot;2&quot;:0,&quot;5&quot;:[null,2,0]},{&quot;1&quot;:0,&quot;2&quot;:0,&quot;3&quot;:3},{&quot;1&quot;:1,&quot;2&quot;:0,&quot;4&quot;:2}]},&quot;8&quot;:{&quot;1&quot;:[{&quot;1&quot;:2,&quot;2&quot;:0,&quot;5&quot;:[null,2,0]},{&quot;1&quot;:0,&quot;2&quot;:0,&quot;3&quot;:3},{&quot;1&quot;:1,&quot;2&quot;:0,&quot;4&quot;:2}]},&quot;10&quot;:1,&quot;11&quot;:4,&quot;14&quot;:[null,2,0],&quot;15&quot;:&quot;Calibri&quot;,&quot;16&quot;:11}\">Esta ley es especial y tiene por objeto establecer los mecanismos y el procedimiento para garantizar que toda ni\u00f1a y todo ni\u00f1o sean reconocidos legalmente por parte de sus padres y, para que cuando sea necesario, se determine con certeza jur\u00eddica la maternidad o paternidad, permitiendo con ello una maternidad y paternidad responsable. <\/span><\/p>\n","protected":false},"excerpt":{"rendered":"<p>Decreto N\u00b0 93 Esta ley es especial y tiene por objeto establecer los mecanismos y el procedimiento para garantizar que toda ni\u00f1a y todo ni\u00f1o sean reconocidos legalmente por parte de sus padres y, para que cuando sea necesario, se determine con certeza jur\u00eddica la maternidad o paternidad, permitiendo con ello una maternidad y paternidad [&#8230;]\n","protected":false},"author":1,"featured_media":0,"comment_status":"open","ping_status":"open","sticky":false,"template":"","format":"gallery","meta":{"footnotes":""},"categories":[9,24],"tags":[50],"class_list":["post-2444","post","type-post","status-publish","format-gallery","hentry","category-america-latina","category-el-salvador","tag-autonomia-personal-y-familiar","post_format-post-format-gallery"],"_links":{"self":[{"href":"https:\/\/www.icesi.edu.co\/oem\/wp-json\/wp\/v2\/posts\/2444","targetHints":{"allow":["GET"]}}],"collection":[{"href":"https:\/\/www.icesi.edu.co\/oem\/wp-json\/wp\/v2\/posts"}],"about":[{"href":"https:\/\/www.icesi.edu.co\/oem\/wp-json\/wp\/v2\/types\/post"}],"author":[{"embeddable":true,"href":"https:\/\/www.icesi.edu.co\/oem\/wp-json\/wp\/v2\/users\/1"}],"replies":[{"embeddable":true,"href":"https:\/\/www.icesi.edu.co\/oem\/wp-json\/wp\/v2\/comments?post=2444"}],"version-history":[{"count":0,"href":"https:\/\/www.icesi.edu.co\/oem\/wp-json\/wp\/v2\/posts\/2444\/revisions"}],"wp:attachment":[{"href":"https:\/\/www.icesi.edu.co\/oem\/wp-json\/wp\/v2\/media?parent=2444"}],"wp:term":[{"taxonomy":"category","embeddable":true,"href":"https:\/\/www.icesi.edu.co\/oem\/wp-json\/wp\/v2\/categories?post=2444"},{"taxonomy":"post_tag","embeddable":true,"href":"https:\/\/www.icesi.edu.co\/oem\/wp-json\/wp\/v2\/tags?post=2444"}],"curies":[{"name":"wp","href":"https:\/\/api.w.org\/{rel}","templated":true}]}}