{"id":2600,"date":"2019-07-21T09:07:56","date_gmt":"2019-07-21T14:07:56","guid":{"rendered":"https:\/\/oemcolombia.com\/?p=2600"},"modified":"2019-07-21T09:07:56","modified_gmt":"2019-07-21T14:07:56","slug":"creacion-de-la-secretaria-de-estado-de-la-mujer","status":"publish","type":"post","link":"https:\/\/www.icesi.edu.co\/oem\/creacion-de-la-secretaria-de-estado-de-la-mujer\/","title":{"rendered":"Creaci\u00f3n de la Secretar\u00eda de Estado de la Mujer"},"content":{"rendered":"<h4><span data-sheets-value=\"{&quot;1&quot;:2,&quot;2&quot;:&quot;Ley 86\/1999&quot;}\" data-sheets-userformat=\"{&quot;2&quot;:14761,&quot;3&quot;:{&quot;1&quot;:0,&quot;3&quot;:1},&quot;6&quot;:{&quot;1&quot;:[{&quot;1&quot;:2,&quot;2&quot;:0,&quot;5&quot;:[null,2,0]},{&quot;1&quot;:0,&quot;2&quot;:0,&quot;3&quot;:3},{&quot;1&quot;:1,&quot;2&quot;:0,&quot;4&quot;:2}]},&quot;8&quot;:{&quot;1&quot;:[{&quot;1&quot;:2,&quot;2&quot;:0,&quot;5&quot;:[null,2,0]},{&quot;1&quot;:0,&quot;2&quot;:0,&quot;3&quot;:3},{&quot;1&quot;:1,&quot;2&quot;:0,&quot;4&quot;:2}]},&quot;10&quot;:1,&quot;11&quot;:4,&quot;14&quot;:[null,2,0],&quot;15&quot;:&quot;Calibri&quot;,&quot;16&quot;:11}\">Ley 86\/1999<\/span><\/h4>\n<p><span data-sheets-value=\"{&quot;1&quot;:2,&quot;2&quot;:&quot;La Ley crea   la Secretar\u00eda de Estado de la Mujer, que establece las normas y coordina la ejecuci\u00f3n de pol\u00edticas, planes y programas a nivel sectorial, interministerial con la sociedad civil con el objetivo de lograr la equidad de g\u00e9nero y el pleno ejercicio de la ciudadan\u00eda por parte de las mujeres. Entre las varias funciones que abarca la Secretar\u00eda de Estado de la Mujer se encuentra \\&quot;la producci\u00f3n de informaciones estad\u00edsticas actualizadas que permitan visibilizar las brechas e inequidades de g\u00e9nero en todos los \u00e1mbitos incluyendo aquellos no cubiertos por los sistemas actuales de informaci\u00f3n [como] trabajadoras dom\u00e9sticas, mujeres migrantes, etc.\\&quot;&quot;}\" data-sheets-userformat=\"{&quot;2&quot;:14761,&quot;3&quot;:{&quot;1&quot;:0,&quot;3&quot;:1},&quot;6&quot;:{&quot;1&quot;:[{&quot;1&quot;:2,&quot;2&quot;:0,&quot;5&quot;:[null,2,0]},{&quot;1&quot;:0,&quot;2&quot;:0,&quot;3&quot;:3},{&quot;1&quot;:1,&quot;2&quot;:0,&quot;4&quot;:2}]},&quot;8&quot;:{&quot;1&quot;:[{&quot;1&quot;:2,&quot;2&quot;:0,&quot;5&quot;:[null,2,0]},{&quot;1&quot;:0,&quot;2&quot;:0,&quot;3&quot;:3},{&quot;1&quot;:1,&quot;2&quot;:0,&quot;4&quot;:2}]},&quot;10&quot;:1,&quot;11&quot;:4,&quot;14&quot;:[null,2,0],&quot;15&quot;:&quot;Calibri&quot;,&quot;16&quot;:11}\">La Ley crea la Secretar\u00eda de Estado de la Mujer, que establece las normas y coordina la ejecuci\u00f3n de pol\u00edticas, planes y programas a nivel sectorial, interministerial con la sociedad civil con el objetivo de lograr la equidad de g\u00e9nero y el pleno ejercicio de la ciudadan\u00eda por parte de las mujeres. Entre las varias funciones que abarca la Secretar\u00eda de Estado de la Mujer se encuentra \u00abla producci\u00f3n de informaciones estad\u00edsticas actualizadas que permitan visibilizar las brechas e inequidades de g\u00e9nero en todos los \u00e1mbitos incluyendo aquellos no cubiertos por los sistemas actuales de informaci\u00f3n [como] trabajadoras dom\u00e9sticas, mujeres migrantes, etc.\u00bb<\/span><\/p>\n","protected":false},"excerpt":{"rendered":"<p>Ley 86\/1999 La Ley crea la Secretar\u00eda de Estado de la Mujer, que establece las normas y coordina la ejecuci\u00f3n de pol\u00edticas, planes y programas a nivel sectorial, interministerial con la sociedad civil con el objetivo de lograr la equidad de g\u00e9nero y el pleno ejercicio de la ciudadan\u00eda por parte de las mujeres. Entre [&#8230;]\n","protected":false},"author":1,"featured_media":0,"comment_status":"open","ping_status":"open","sticky":false,"template":"","format":"gallery","meta":{"footnotes":""},"categories":[9,40],"tags":[58],"class_list":["post-2600","post","type-post","status-publish","format-gallery","hentry","category-america-latina","category-republica-dominicana","tag-interseccion-de-autonomias","post_format-post-format-gallery"],"_links":{"self":[{"href":"https:\/\/www.icesi.edu.co\/oem\/wp-json\/wp\/v2\/posts\/2600","targetHints":{"allow":["GET"]}}],"collection":[{"href":"https:\/\/www.icesi.edu.co\/oem\/wp-json\/wp\/v2\/posts"}],"about":[{"href":"https:\/\/www.icesi.edu.co\/oem\/wp-json\/wp\/v2\/types\/post"}],"author":[{"embeddable":true,"href":"https:\/\/www.icesi.edu.co\/oem\/wp-json\/wp\/v2\/users\/1"}],"replies":[{"embeddable":true,"href":"https:\/\/www.icesi.edu.co\/oem\/wp-json\/wp\/v2\/comments?post=2600"}],"version-history":[{"count":0,"href":"https:\/\/www.icesi.edu.co\/oem\/wp-json\/wp\/v2\/posts\/2600\/revisions"}],"wp:attachment":[{"href":"https:\/\/www.icesi.edu.co\/oem\/wp-json\/wp\/v2\/media?parent=2600"}],"wp:term":[{"taxonomy":"category","embeddable":true,"href":"https:\/\/www.icesi.edu.co\/oem\/wp-json\/wp\/v2\/categories?post=2600"},{"taxonomy":"post_tag","embeddable":true,"href":"https:\/\/www.icesi.edu.co\/oem\/wp-json\/wp\/v2\/tags?post=2600"}],"curies":[{"name":"wp","href":"https:\/\/api.w.org\/{rel}","templated":true}]}}