{"id":7915,"date":"2023-11-03T15:42:29","date_gmt":"2023-11-03T15:42:29","guid":{"rendered":"http:\/\/tiendaorganicayartesanal.com\/oem\/?p=7915"},"modified":"2023-11-07T20:45:12","modified_gmt":"2023-11-07T20:45:12","slug":"tras-alerta-de-la-procuraduria-el-observatorio-para-la-equidad-de-las-mujeres-llama-la-atencion-por-feminicidios-en-cali-y-denuncias-por-violencia-intrafamiliar-o-sexual","status":"publish","type":"post","link":"https:\/\/www.icesi.edu.co\/oem\/tras-alerta-de-la-procuraduria-el-observatorio-para-la-equidad-de-las-mujeres-llama-la-atencion-por-feminicidios-en-cali-y-denuncias-por-violencia-intrafamiliar-o-sexual\/","title":{"rendered":"Tras alerta de la Procuradur\u00eda, el Observatorio para la Equidad de las Mujeres llama la atenci\u00f3n por feminicidios en Cali y denuncias por violencia intrafamiliar o sexual"},"content":{"rendered":"\n<p style=\"text-align: justify;\">Entre enero y junio de 2023 han sido asesinadas 28 mujeres en Cali. Solo esta semana, entre el 16 y el 18 de julio, se han registrado otras dos v\u00edctimas. Adem\u00e1s, durante los primeros seis meses del a\u00f1o se recibieron 410 denuncias por violencia intrafamiliar y 263 por delitos sexuales con v\u00edctimas mujeres en la capital vallecaucana, seg\u00fan las bases de datos de la Polic\u00eda Nacional.<\/p>\n<p style=\"text-align: justify;\">Esta situaci\u00f3n mantiene las alarmas encendidas, sobre todo luego de que la Procuradur\u00eda reiterara su preocupaci\u00f3n por el aumento de casos de violencia contra las mujeres y alertara sobre los 218 feminicidios registrados en Colombia entre enero y mayo de este a\u00f1o.<\/p>\n<p style=\"text-align: justify;\">\u201cEs alarmante saber que, en promedio, cada cuatro d\u00edas asesinan a una mujer en Cali y podr\u00eda tratarse de un feminicidio. Estamos muy preocupadas por la alerta de la Procuradur\u00eda y el aumento de casos de violencias basadas en g\u00e9nero. Necesitamos avanzar en campa\u00f1as de prevenci\u00f3n y sensibilizaci\u00f3n, as\u00ed como fortalecer las rutas de atenci\u00f3n con enfoque diferencial\u201d, dijo Mar\u00eda Camila Hern\u00e1ndez, coordinadora del Observatorio para la Equidad de las Mujeres (OEM).<\/p>\n<p style=\"text-align: justify;\">Seg\u00fan la encuesta m\u00e1s reciente del Observatorio para la Equidad de las mujeres, una de cada cuatro mujeres en Cali ha sido besada, tocada o manoseada sin su consentimiento. En el 63% de las veces, el agresor fue un desconocido. Frente a esto, cabe recordar que las violencias contra las mujeres van creciendo en espiral y pueden culminar en su punto m\u00e1ximo: los feminicidios.<\/p>\n<p style=\"text-align: justify;\">\u201cTenemos unas cifras estrepitosas: 28 feminicidios en Cali, 410 denuncias por violencia intrafamiliar y 263 denuncias por delitos sexuales con v\u00edctimas mujeres en la primera mitad del a\u00f1o. Esto es grav\u00edsimo y necesitamos que las autoridades tomen acci\u00f3n, pero tambi\u00e9n que la comunidad se una bajando los \u00edndices de tolerancia. Algunas personas creen que es admisible que una mujer sea violentada, as\u00ed que debemos cambiar esos imaginarios\u201d, a\u00f1adi\u00f3 Natalia Escobar, experta en medici\u00f3n del OEM.<\/p>\n<p style=\"text-align: justify;\">Ante el panorama actual de cambios de gobiernos locales y departamentales, los an\u00e1lisis del OEM priorizan tres acciones que deben implementarse en las pr\u00f3ximas administraciones para proteger a las mujeres: la primera es el fortalecimiento de los sistemas de atenci\u00f3n diferencial para mujeres y personas diversas, en paralelo con el mejoramiento de sistemas de informaci\u00f3n a la comunidad.<\/p>\n<p style=\"text-align: justify;\">En segundo lugar, est\u00e1 la creaci\u00f3n de programas de acogida a personas v\u00edctimas de violencias basadas en g\u00e9nero, como casas de acogida con extensi\u00f3n familiar, programas de incorporaci\u00f3n al mercado de trabajo o a la creaci\u00f3n de empresa, y programas educativos. Por \u00faltimo, est\u00e1 el desarrollo de campa\u00f1as de sensibilizaci\u00f3n para que las mujeres v\u00edctimas se reconozcan como tales y busquen ayuda, o para que la comunidad no normalice los actos violentos.<\/p>\n<p style=\"text-align: justify;\"><strong>L\u00edneas de atenci\u00f3n<\/strong><br \/><strong>Si usted es v\u00edctima de violencias basadas en g\u00e9nero o conoce a alguien que lo sea, puede comunicarse a los siguientes n\u00fameros:<\/strong><\/p>\n<p style=\"text-align: justify;\"><strong>Patrulla Rosa de la Polic\u00eda Nacional: 3<\/strong>18 8611522<br \/><strong>Comisar\u00edas de familia:<\/strong> 350 3503218<br \/><strong>Unidad de Reacci\u00f3n Inmediata de la Fiscal\u00eda:<\/strong> 01800919405\/ 122<\/p>\n<p style=\"text-align: justify;\"><strong>Para recibir acompa\u00f1amiento, comun\u00edquese con:<\/strong><br \/><strong>Defensor\u00eda del Pueblo:<\/strong> 310 8539454<br \/><strong>Personer\u00eda Santiago de Cali:<\/strong> 310 8952059<br \/><strong>Red de salud mental:<\/strong> 318 3355722<br \/><strong>Casa Matria:<\/strong> 668 82 50- 310 5162760<\/p>\n\n","protected":false},"excerpt":{"rendered":"","protected":false},"author":1,"featured_media":7965,"comment_status":"open","ping_status":"open","sticky":false,"template":"","format":"standard","meta":{"footnotes":""},"categories":[85],"tags":[],"class_list":["post-7915","post","type-post","status-publish","format-standard","has-post-thumbnail","hentry","category-boletines-de-prensa"],"_links":{"self":[{"href":"https:\/\/www.icesi.edu.co\/oem\/wp-json\/wp\/v2\/posts\/7915","targetHints":{"allow":["GET"]}}],"collection":[{"href":"https:\/\/www.icesi.edu.co\/oem\/wp-json\/wp\/v2\/posts"}],"about":[{"href":"https:\/\/www.icesi.edu.co\/oem\/wp-json\/wp\/v2\/types\/post"}],"author":[{"embeddable":true,"href":"https:\/\/www.icesi.edu.co\/oem\/wp-json\/wp\/v2\/users\/1"}],"replies":[{"embeddable":true,"href":"https:\/\/www.icesi.edu.co\/oem\/wp-json\/wp\/v2\/comments?post=7915"}],"version-history":[{"count":2,"href":"https:\/\/www.icesi.edu.co\/oem\/wp-json\/wp\/v2\/posts\/7915\/revisions"}],"predecessor-version":[{"id":7964,"href":"https:\/\/www.icesi.edu.co\/oem\/wp-json\/wp\/v2\/posts\/7915\/revisions\/7964"}],"wp:featuredmedia":[{"embeddable":true,"href":"https:\/\/www.icesi.edu.co\/oem\/wp-json\/wp\/v2\/media\/7965"}],"wp:attachment":[{"href":"https:\/\/www.icesi.edu.co\/oem\/wp-json\/wp\/v2\/media?parent=7915"}],"wp:term":[{"taxonomy":"category","embeddable":true,"href":"https:\/\/www.icesi.edu.co\/oem\/wp-json\/wp\/v2\/categories?post=7915"},{"taxonomy":"post_tag","embeddable":true,"href":"https:\/\/www.icesi.edu.co\/oem\/wp-json\/wp\/v2\/tags?post=7915"}],"curies":[{"name":"wp","href":"https:\/\/api.w.org\/{rel}","templated":true}]}}